{"id":2852,"count":19,"description":"Retrouvez toutes les articles li\u00e9es \u00e0 la Conf\u00e9rence des Commissions Justice et Paix d'Europe. \n\nR\u00e9seau fond\u00e9 en 1971. il compte 31 Commissions, incluant les pays de l\u2019Est ainsi que la Suisse qui ne fait pas partie de l\u2019Union europ\u00e9enne. Chaque ann\u00e9e, les repr\u00e9sentants des Commissions Justice et Paix d\u2019Europe se r\u00e9unissent pour leur Assembl\u00e9e g\u00e9n\u00e9rale annuelle. L\u2019occasion d\u2019\u00e9changer, et de prendre position sur des enjeux de soci\u00e9t\u00e9 communs : le ch\u00f4mage des jeunes, l\u2019exclusion sociale le racisme\u2026","link":"https:\/\/www.justicepaix.be\/en\/tag\/justice-et-paix-europe\/","name":"Justice and Peace Europe","slug":"justice-et-paix-europe","taxonomy":"post_tag","meta":[],"_links":{"self":[{"href":"https:\/\/www.justicepaix.be\/en\/wp-json\/wp\/v2\/tags\/2852","targetHints":{"allow":["GET"]}}],"collection":[{"href":"https:\/\/www.justicepaix.be\/en\/wp-json\/wp\/v2\/tags"}],"about":[{"href":"https:\/\/www.justicepaix.be\/en\/wp-json\/wp\/v2\/taxonomies\/post_tag"}],"wp:post_type":[{"href":"https:\/\/www.justicepaix.be\/en\/wp-json\/wp\/v2\/posts?tags=2852"},{"href":"https:\/\/www.justicepaix.be\/en\/wp-json\/wp\/v2\/agenda?tags=2852"}],"curies":[{"name":"wp","href":"https:\/\/api.w.org\/{rel}","templated":true}]}}