{"id":2837,"count":21,"description":"\nLe pays conna\u00eet une paix relative et impos\u00e9e par un pouvoir tr\u00e8s autoritaire qui ne laisse pas vraiment de place \u00e0 l\u2019opposition politique. Un d\u00e9veloppement du pays s\u2019est op\u00e9r\u00e9 depuis quelques ann\u00e9es, mais peu de gens en profitent, et pas les moins nantis. \r\n\r\nJustice et Paix souhaite, en collaboration avec [EurAc-&gt;http:\/\/www.eurac-network.org] notamment, encourager un processus d\u00e9mocratique dans tous les domaines de l\u2019\u00c9tat, qui pourrait contribuer \u00e0 am\u00e9liorer la situation de l\u2019ensemble de la population.","link":"https:\/\/www.justicepaix.be\/en\/tag\/rwanda\/","name":"Rwanda","slug":"rwanda","taxonomy":"post_tag","meta":[],"_links":{"self":[{"href":"https:\/\/www.justicepaix.be\/en\/wp-json\/wp\/v2\/tags\/2837","targetHints":{"allow":["GET"]}}],"collection":[{"href":"https:\/\/www.justicepaix.be\/en\/wp-json\/wp\/v2\/tags"}],"about":[{"href":"https:\/\/www.justicepaix.be\/en\/wp-json\/wp\/v2\/taxonomies\/post_tag"}],"wp:post_type":[{"href":"https:\/\/www.justicepaix.be\/en\/wp-json\/wp\/v2\/posts?tags=2837"},{"href":"https:\/\/www.justicepaix.be\/en\/wp-json\/wp\/v2\/agenda?tags=2837"}],"curies":[{"name":"wp","href":"https:\/\/api.w.org\/{rel}","templated":true}]}}