{"id":2817,"count":141,"description":"\nRetrouvez ci-dessous tous nos articles consacr\u00e9s \u00e0 l'Am\u00e9rique latine.\n\n[(Cette r\u00e9gion est hautement strat\u00e9gique pour les \u00c9tats-Unis ainsi que pour l\u2019Union europ\u00e9enne qui y voient un partenaire \u00e9conomique fiable afin d\u2019assurer leur approvisionnement en mati\u00e8res premi\u00e8res. La Commission Justice et Paix m\u00e8ne un travail de r\u00e9flexion, analyse, plaidoyer politique et sensibilisation sur cette r\u00e9gion avec l\u2019aide de r\u00e9seaux europ\u00e9ens de la soci\u00e9t\u00e9 civile tels que la [CIDSE-&gt;http:\/\/www.cidse.org\/index.aspx?&amp;LangType=1036], la [CIFCA -&gt;http:\/\/www.cifca.org], et la Plateforme Europe P\u00e9rou. )]\n","link":"https:\/\/www.justicepaix.be\/en\/tag\/amerique-latine\/","name":"Latin America","slug":"amerique-latine","taxonomy":"post_tag","meta":[],"_links":{"self":[{"href":"https:\/\/www.justicepaix.be\/en\/wp-json\/wp\/v2\/tags\/2817","targetHints":{"allow":["GET"]}}],"collection":[{"href":"https:\/\/www.justicepaix.be\/en\/wp-json\/wp\/v2\/tags"}],"about":[{"href":"https:\/\/www.justicepaix.be\/en\/wp-json\/wp\/v2\/taxonomies\/post_tag"}],"wp:post_type":[{"href":"https:\/\/www.justicepaix.be\/en\/wp-json\/wp\/v2\/posts?tags=2817"},{"href":"https:\/\/www.justicepaix.be\/en\/wp-json\/wp\/v2\/agenda?tags=2817"}],"curies":[{"name":"wp","href":"https:\/\/api.w.org\/{rel}","templated":true}]}}