{"id":2771,"count":6,"description":"Le Mexique est un pays d'Am\u00e9rique latine divis\u00e9 en 31 \u00c9tats et un district f\u00e9d\u00e9ral. Avec une population estim\u00e9e en mai 2018 \u00e0 130,5 millions d'habitants par l'Organisation des Nations unies, le Mexique se classe au onzi\u00e8me rang mondial des pays les plus peupl\u00e9s.\n\n <strong>Historical <\/strong> \n\nUn si\u00e8cle apr\u00e8s avoir obtenu l\u2019ind\u00e9pendance de l\u2019Espagne (1821), le Mexique s\u2019est proclam\u00e9 R\u00e9publique f\u00e9d\u00e9rale \u00e0 r\u00e9gime pr\u00e9sidentiel en 1917, sous l\u2019\u00e9gide du Parti R\u00e9volutionnaire Institutionnel (PRI). Ce dernier, fond\u00e9 par les r\u00e9formistes sortis gagnants de la r\u00e9volution de 1910, a gouvern\u00e9 le Mexique de 1920 \u00e0 2000, jusqu\u2019\u00e0 ce que le candidat du parti de centre-droite PAN, Vicente Fox, gagne les \u00e9lections pr\u00e9sidentielles. En 2012, Enrique Pe\u00f1a Nieto est \u00e9lu pr\u00e9sident, permettant ainsi au PRI de retourner au pouvoir.\n\n\n <strong>Contexte \u00e9conomique<\/strong>\n\nPendant ses 80 ans de gouvernance, le PRI a privil\u00e9gi\u00e9 une \u00e9conomie fond\u00e9e sur les exportations de p\u00e9trole et l\u2019achat de grandes quantit\u00e9s de cr\u00e9dits externes, de telle sorte qu\u2019aujourd\u2019hui le Mexique est le 14\u00e8me pays en termes de r\u00e9serves d\u2019or et de   devises. Ayant obtenu le pouvoir suite \u00e0 la r\u00e9volution, le PRI a accord\u00e9 la priorit\u00e9 \u00e0 la stabilit\u00e9 politique interne. C\u2019est dans ce sens qu\u2019il faut comprendre la loi de 1915 pour la  redistribution des terres aux agriculteurs, qui portera sur plus de 400 000 km2 de terres redistribu\u00e9es \u00e0 travers la cr\u00e9ation de propri\u00e9t\u00e9s collectives (ejidos). L\u2019objectif de stabiliser la situation politique interne est privil\u00e9gi\u00e9 par le PRI au d\u00e9triment de la cr\u00e9ation d\u2019un syst\u00e8me \u00e9conomique viable, qui aurait requis la substitution des importations par les productions nationales.\n\nCes choix ont cr\u00e9\u00e9 une forte d\u00e9pendance du Mexique vis-\u00e0-vis de l\u2019\u00e9conomie internationale, avec des r\u00e9percussions n\u00e9gatives comme lors de la crise financi\u00e8re de 1982 li\u00e9e \u00e0 la chute du prix du p\u00e9trole. Comme r\u00e9ponse \u00e0 cette crise, le gouvernement a opt\u00e9 pour la lib\u00e9ralisation \u00e9conomique et la diminution ult\u00e9rieure de l\u2019intervention \u00e9tatique, non seulement au niveau \u00e9conomique, mais aussi politique et social. De ce fait, une politique industrielle nationale n\u2019a pas vu le jour, emp\u00eachant l\u2019int\u00e9gration de la production locale dans les secteurs d\u2019exportation. Nombre d\u2019entreprises ont \u00e9t\u00e9 privatis\u00e9es. \n\nAussi, dans le but d\u2019attirer les investissements \u00e9trangers et d'accro\u00eetre la comp\u00e9titivit\u00e9 \u00e9conomique, le PRI a proc\u00e9d\u00e9 \u00e0 la compression des salaires et \u00e0 des politiques de travail restrictives. En outre, les subsides aux ejidos ont \u00e9t\u00e9 abandonn\u00e9s et l'\u00c9tat providence a \u00e9t\u00e9 limit\u00e9 \u00e0 des fonctions r\u00e9siduelles d\u2019assistance. Par ailleurs, dans le cadre de cette transition n\u00e9olib\u00e9rale, en 1992, le PRI a amend\u00e9 l\u2019article 27 de la r\u00e9forme agraire afin de privatiser les terres qui \u00e9taient auparavant sous le r\u00e9gime collectif des ejidos. En d\u00e9mantelant l\u2019un des r\u00e9sultats les plus significatifs de la r\u00e9volution mexicaine de 1910, cette nouvelle Loi agraire repr\u00e9sente un changement structurel dans le syst\u00e8me \u00e9conomique du Mexique. \n\nLa cr\u00e9ation d\u2019un march\u00e9 foncier a oblig\u00e9 les agriculteurs \u00e0 migrer pour travailler comme main-d\u2019\u0153uvre bon march\u00e9. Ce processus s\u2019est aggrav\u00e9 avec l\u2019entr\u00e9e en vigueur de l\u2019Accord de Libre \u00c9change Nord-Am\u00e9ricain (NAFTA) en 1994. Environ 2 million de personnes ont d\u00fb abandonner leur ferme \u00e0 cause des prix concurrentiels des produits venant des Etats-Unis, en particulier du ma\u00efs, cultiv\u00e9 aux USA et soutenus par des subsides gouvernementaux, et de de la facilitation des investissements \u00e9trangers. A l\u2019heure actuelle, 81% des exportations et 46,6% des importations mexicaines se font vers et depuis les Etats-Unis. Dans le sud du pays, le m\u00e9contentement de la population a abouti \u00e0 la r\u00e9volution zapatiste en 1994 visant \u00e0 lutter contre le syst\u00e8me \u00e9conomique n\u00e9olib\u00e9ral, responsable des atteintes aux droits des travailleurs et de la r\u00e9duction des d\u00e9penses sociales.\n\nLa d\u00e9possession des terres, de m\u00eame que la n\u00e9gligence des besoins et des droits des minorit\u00e9s indig\u00e8nes existantes au Mexique, qui repr\u00e9sentent 13% de la population (12.7 millions de personnes, qui parlent 62 langues diff\u00e9rentes), a donc donn\u00e9 naissance \u00e0 une pluralit\u00e9 de mouvements, d\u2019initiatives et d\u2019organisations locales qui veulent affirmer un mod\u00e8le alternatif \u00e0 celui du capitalisme. Alors que le pr\u00e9sident actuel Pe\u00f1a Nieto s\u2019efforce de promouvoir la croissance \u00e9conomique, la priorit\u00e9 donn\u00e9e au profit est mise en question face au besoin de prot\u00e9ger la Terre M\u00e8re et de prendre en consid\u00e9ration les revendications des peuples indig\u00e8nes, trop longtemps n\u00e9glig\u00e9es. Ainsi, le mod\u00e8le \u00e9conomique capitaliste est lui-m\u00eame contest\u00e9 par la n\u00e9cessit\u00e9 d\u2019affirmer une soci\u00e9t\u00e9 pluraliste, inclusive et respectueuse de tout \u00eatre.","link":"https:\/\/www.justicepaix.be\/en\/tag\/mexique\/","name":"Mexico","slug":"mexique","taxonomy":"post_tag","meta":[],"_links":{"self":[{"href":"https:\/\/www.justicepaix.be\/en\/wp-json\/wp\/v2\/tags\/2771","targetHints":{"allow":["GET"]}}],"collection":[{"href":"https:\/\/www.justicepaix.be\/en\/wp-json\/wp\/v2\/tags"}],"about":[{"href":"https:\/\/www.justicepaix.be\/en\/wp-json\/wp\/v2\/taxonomies\/post_tag"}],"wp:post_type":[{"href":"https:\/\/www.justicepaix.be\/en\/wp-json\/wp\/v2\/posts?tags=2771"},{"href":"https:\/\/www.justicepaix.be\/en\/wp-json\/wp\/v2\/agenda?tags=2771"}],"curies":[{"name":"wp","href":"https:\/\/api.w.org\/{rel}","templated":true}]}}