{"id":30882,"date":"2026-03-23T10:44:46","date_gmt":"2026-03-23T09:44:46","guid":{"rendered":"https:\/\/www.justicepaix.be\/?p=30882"},"modified":"2026-03-23T10:51:09","modified_gmt":"2026-03-23T09:51:09","slug":"emploi-charge-recherche-animation-decolonisation-bruxelles","status":"publish","type":"post","link":"https:\/\/www.justicepaix.be\/en\/emploi-charge-recherche-animation-decolonisation-bruxelles\/","title":{"rendered":"Un\u00b7e charg\u00e9\u00b7e de recherche et d\u2019animation D\u00e9colonisation et enjeux m\u00e9moriels (CDI &#8211; ACS &#8211; \u00bd temps)"},"content":{"rendered":"<p><\/p>\n\n\n\n<h2 class=\"wp-block-heading\">Description de l\u2019association<\/h2>\n\n\n\n<p>Justice &amp; Paix est une ONG et une organisation d\u2019Education permanente belge qui conscientise et interpelle les citoyen\u00b7ne\u00b7s, les acteurs \u00e9ducatifs et les responsables politiques sur les questions de paix, de d\u00e9mocratie et d\u2019environnement. Justice &amp; Paix encourage ces protagonistes \u00e0 \u00ab comprendre pour mieux agir \u00bb pour la paix et la justice, ici et ailleurs.<\/p>\n\n\n\n<p>L\u2019objet de son travail est de d\u00e9velopper une prise de conscience et une connaissance critique des r\u00e9alit\u00e9s de la soci\u00e9t\u00e9, sur base notamment des m\u00e9thodologies de l\u2019Education permanente et de l\u2019\u00e9ducation \u00e0 la citoyennet\u00e9 mondiale et solidaire, \u00e0 travers l\u2019analyse, la sensibilisation, les formations et le plaidoyer politique. Pour plus d&rsquo;informations&nbsp;: <a href=\"http:\/\/www.justicepaix.be\/en\/\">www.justicepaix.be<\/a>.<br><\/p>\n\n\n\n<h2 class=\"wp-block-heading\">T\u00e2ches<\/h2>\n\n\n\n<p>Le ou la charg\u00e9\u00b7e d\u2019animation a pour mission de d\u00e9velopper et coordonner les activit\u00e9s de Justice &amp; Paix autour des th\u00e9matiques de d\u00e9colonisation, d\u2019enjeux m\u00e9moriels et de r\u00e9conciliation, et de citoyennet\u00e9 active. \u00c0 ce titre, il ou elle est amen\u00e9\u00b7e \u00e0 maitriser les enjeux li\u00e9s \u00e0 ces questions.<\/p>\n\n\n\n<p>Dans le cadre de l\u2019axe animation en Education permanente, il ou elle anime des groupes de volontaires, assure et renforce des formations \u00e0 destination d\u2019un public d\u2019adultes. Il ou elle soutient la coordination du magazine trimestriel et assure la recherche et la production d\u2019analyses et de publications sur les th\u00e9matiques trait\u00e9es. Il ou elle est capable de donner ces formations, seul\u00b7e ou avec des coll\u00e8gues, et s\u2019appuie pour cela sur les modes d\u2019\u00e9ducation formelle et non formelle (m\u00e9thodologie du \u00ab&nbsp;voir&nbsp;; juger&nbsp;; agir&nbsp;\u00bb de l\u2019Education permanente).<\/p>\n\n\n\n<p>Il ou elle apporte son expertise au p\u00f4le plaidoyer de l\u2019association pour contribuer \u00e0 un plaidoyer sur la d\u00e9colonisation. Pour renforcer ce travail, il ou elle participe activement au travail de r\u00e9seau avec plusieurs organisations partenaires du secteur de l\u2019Education permanente et du secteur des ONG.<em><br><\/em><\/p>\n\n\n\n<h2 class=\"wp-block-heading\">Required profile<\/h2>\n\n\n\n<p><strong>Expertise<\/strong> : ma\u00eetrise des enjeux li\u00e9s \u00e0 la d\u00e9colonisation et aux processus m\u00e9moriels. Une connaissance solide de l\u2019\u00c9ducation Permanente est indispensable.<\/p>\n\n\n\n<p><strong>Comp\u00e9tences<\/strong> : excellentes capacit\u00e9s r\u00e9dactionnelles, esprit de synth\u00e8se et aisance manifeste dans la prise de parole en public et la conduite de r\u00e9unions.<\/p>\n\n\n\n<p><strong>Training<\/strong> : dipl\u00f4me universitaire en sciences humaines, sciences de l\u2019\u00e9ducation ou exp\u00e9rience \u00e9quivalente valorisable.<\/p>\n\n\n\n<p><strong>Soft Skills<\/strong> : autonomie, sens de l\u2019initiative, capacit\u00e9 \u00e0 travailler en \u00e9quipe et aisance relationnelle.<\/p>\n\n\n\n<p><strong>Flexibilit\u00e9<\/strong> : disponibilit\u00e9 ponctuelle en soir\u00e9e et le week-end.<\/p>\n\n\n\n<p><strong>Atout<\/strong> : sensibilit\u00e9 aux valeurs et \u00e0 l&rsquo;identit\u00e9 de Justice &amp; Paix.<\/p>\n\n\n\n<p><strong>Condition obligatoire<\/strong> : disposer imp\u00e9rativement du statut ACS.<\/p>\n\n\n\n<p><\/p>\n\n\n\n<h2 class=\"wp-block-heading\">Offer<\/h2>\n\n\n\n<ul class=\"wp-block-list\">\n<li>L\u2019opportunit\u00e9 de mener de nombreux d\u00e9fis avec une \u00e9quipe dynamique<\/li>\n\n\n\n<li>Un contrat \u00e0 dur\u00e9e ind\u00e9termin\u00e9e \u00e0 mi-temps<\/li>\n\n\n\n<li>Bar\u00e8me de la Commission Paritaire 329.02, \u00e9chelon 4.2.<\/li>\n\n\n\n<li>D\u00e9but de contrat le 11 mai 2026<\/li>\n<\/ul>\n\n\n\n<p><\/p>\n\n\n\n<h2 class=\"wp-block-heading\">Workplace<\/h2>\n\n\n\n<p><\/p>\n\n\n\n<p>208, Chauss\u00e9e Saint-Pierre \u2013 1040 Brussels (Metro M\u00e9rode)<\/p>\n\n\n\n<p><\/p>\n\n\n\n<h2 class=\"wp-block-heading\">Recruitment procedure<\/h2>\n\n\n\n<p><\/p>\n\n\n\n<p>Send a cover letter and curriculum vitae to <a href=\"mailto:info@justicepaix.be\">info@justicepaix.be<\/a> <strong><u>pour le mercredi 15 avril au plus tard<\/u>. Les candidatures retenues feront l&rsquo;objet d&rsquo;un test \u00e9crit le lundi 20 avril 2026 au si\u00e8ge de l\u2019association et d\u2019une interview le vendredi 24 avril 2026 dans l\u2019apr\u00e8s-midi.<\/strong><\/p>\n\n\n\n<p>For more information about the role, please contact <a href=\"mailto:quentin.hayois@justicepaix.be\">quentin.hayois@justicepaix.be<\/a> ou par t\u00e9l\u00e9phone au +32 (0)2 896 95 00.<\/p>\n\n\n\n<p><em>Justice &amp; Paix souhaite que son personnel refl\u00e8te la soci\u00e9t\u00e9 belge dans toute sa diversit\u00e9. L\u2019organisation est <\/em><em>garante d\u2019une politique de recrutement et d\u2019une politique du personnel non-discriminatoires et refl\u00e9tant les valeurs de l\u2019organisation. Des am\u00e9nagements raisonnables peuvent \u00eatre apport\u00e9s.<\/em><\/p>\n\n\n\n<hr class=\"wp-block-separator has-alpha-channel-opacity\"\/>\n\n\n\n<p><\/p>\n\n\n\n<p><\/p>\n\n\n\n<p><\/p>\n\n\n\n<h2 class=\"wp-block-heading\">T\u00e9l\u00e9chargez l&rsquo;offre en PDF<\/h2>\n\n\n\n<p><\/p>\n\n\n\n<details class=\"wp-block-details is-layout-flow wp-block-details-is-layout-flow\"><summary><\/summary>\n<p><\/p>\n<\/details>\n\n\n\n<div data-wp-interactive=\"core\/file\" class=\"wp-block-file\"><object data-wp-bind--hidden=\"!state.hasPdfPreview\" hidden class=\"wp-block-file__embed\" data=\"https:\/\/www.justicepaix.be\/wp-content\/uploads\/2026\/03\/Charge-de-recherche-et-danimation.pdf\" type=\"application\/pdf\" style=\"width:100%;height:600px\" aria-label=\"Embed of Charg\u00e9 de recherche et d&apos;animation.\"><\/object><a id=\"wp-block-file--media-de67f12a-bb7a-4652-b28c-773594961d4c\" href=\"https:\/\/www.justicepaix.be\/wp-content\/uploads\/2026\/03\/Charge-de-recherche-et-danimation.pdf\">Charg\u00e9 de recherche et d&rsquo;animation<\/a><a href=\"https:\/\/www.justicepaix.be\/wp-content\/uploads\/2026\/03\/Charge-de-recherche-et-danimation.pdf\" class=\"wp-block-file__button wp-element-button\" download aria-describedby=\"wp-block-file--media-de67f12a-bb7a-4652-b28c-773594961d4c\">Download<\/a><\/div>\n\n\n\n<p><\/p>","protected":false},"excerpt":{"rendered":"<p>Description de l\u2019association Justice &amp; Paix est une ONG et une organisation d\u2019Education permanente belge qui conscientise et interpelle les citoyen\u00b7ne\u00b7s, les acteurs \u00e9ducatifs et les responsables politiques sur les questions de paix, de d\u00e9mocratie et d\u2019environnement. Justice &amp; Paix encourage ces protagonistes \u00e0 \u00ab comprendre pour mieux agir \u00bb pour la paix et la [&hellip;]<\/p>\n","protected":false},"author":65,"featured_media":30884,"comment_status":"open","ping_status":"open","sticky":false,"template":"","format":"standard","meta":{"_acf_changed":false,"_seopress_robots_primary_cat":"none","_seopress_titles_title":"Charg\u00e9\u00b7e de recherche et d\u2019animation \u2013 D\u00e9colonisation (CDI mi-temps, Bruxelles) | Justice & Paix","_seopress_titles_desc":"Justice & Paix recrute un\u00b7e charg\u00e9\u00b7e de recherche et d\u2019animation en d\u00e9colonisation et enjeux m\u00e9moriels (CDI mi-temps, Bruxelles). Postulez avant le 15 avril 2026.","_seopress_robots_index":"","footnotes":""},"categories":[2696,2872],"tags":[3260,3258],"class_list":["post-30882","post","type-post","status-publish","format-standard","has-post-thumbnail","hentry","category-actualites","category-emplois","tag-actualites","tag-emploi"],"acf":[],"_links":{"self":[{"href":"https:\/\/www.justicepaix.be\/en\/wp-json\/wp\/v2\/posts\/30882","targetHints":{"allow":["GET"]}}],"collection":[{"href":"https:\/\/www.justicepaix.be\/en\/wp-json\/wp\/v2\/posts"}],"about":[{"href":"https:\/\/www.justicepaix.be\/en\/wp-json\/wp\/v2\/types\/post"}],"author":[{"embeddable":true,"href":"https:\/\/www.justicepaix.be\/en\/wp-json\/wp\/v2\/users\/65"}],"replies":[{"embeddable":true,"href":"https:\/\/www.justicepaix.be\/en\/wp-json\/wp\/v2\/comments?post=30882"}],"version-history":[{"count":2,"href":"https:\/\/www.justicepaix.be\/en\/wp-json\/wp\/v2\/posts\/30882\/revisions"}],"predecessor-version":[{"id":30886,"href":"https:\/\/www.justicepaix.be\/en\/wp-json\/wp\/v2\/posts\/30882\/revisions\/30886"}],"wp:featuredmedia":[{"embeddable":true,"href":"https:\/\/www.justicepaix.be\/en\/wp-json\/wp\/v2\/media\/30884"}],"wp:attachment":[{"href":"https:\/\/www.justicepaix.be\/en\/wp-json\/wp\/v2\/media?parent=30882"}],"wp:term":[{"taxonomy":"category","embeddable":true,"href":"https:\/\/www.justicepaix.be\/en\/wp-json\/wp\/v2\/categories?post=30882"},{"taxonomy":"post_tag","embeddable":true,"href":"https:\/\/www.justicepaix.be\/en\/wp-json\/wp\/v2\/tags?post=30882"}],"curies":[{"name":"wp","href":"https:\/\/api.w.org\/{rel}","templated":true}]}}