{"id":30877,"date":"2026-03-18T16:56:52","date_gmt":"2026-03-18T15:56:52","guid":{"rendered":"https:\/\/www.justicepaix.be\/?p=30877"},"modified":"2026-04-07T12:06:32","modified_gmt":"2026-04-07T10:06:32","slug":"conflit-a-louest-de-la-rd-congo-comment-briser-le-silence-sur-cette-crise-oubliee","status":"publish","type":"post","link":"https:\/\/www.justicepaix.be\/en\/conflit-a-louest-de-la-rd-congo-comment-briser-le-silence-sur-cette-crise-oubliee\/","title":{"rendered":"Conflit \u00e0 l\u2019ouest de la RD Congo, comment briser le silence sur cette crise oubli\u00e9e\u202f?\u00a0"},"content":{"rendered":"<p>Depuis 2022, le conflit qui a \u00e9clat\u00e9 \u00e0\u00a0l\u2019ouest de la RD Congo\u00a0a des cons\u00e9quences humanitaires d\u00e9sastreuses.\u00a0Pourtant, cette crise reste largement invisibilis\u00e9e. Nous tenterons d\u2019en \u00e9clairer la complexit\u00e9 afin de briser l\u2019indiff\u00e9rence qu\u2019elle suscite.\u00a0\u00a0<\/p>\n\n\n\n<figure class=\"wp-block-gallery has-nested-images columns-default is-cropped wp-block-gallery-1 is-layout-flex wp-block-gallery-is-layout-flex\">\n<figure class=\"wp-block-image size-large\"><img fetchpriority=\"high\" decoding=\"async\" width=\"600\" height=\"300\" data-id=\"30880\" src=\"https:\/\/www.justicepaix.be\/wp-content\/uploads\/2026\/03\/LE-POIDS-DU-SILENCE-FR-NL-1.webp\" alt=\"\" class=\"wp-image-30880\" srcset=\"https:\/\/www.justicepaix.be\/wp-content\/uploads\/2026\/03\/LE-POIDS-DU-SILENCE-FR-NL-1.webp 600w, https:\/\/www.justicepaix.be\/wp-content\/uploads\/2026\/03\/LE-POIDS-DU-SILENCE-FR-NL-1-300x150.webp 300w, https:\/\/www.justicepaix.be\/wp-content\/uploads\/2026\/03\/LE-POIDS-DU-SILENCE-FR-NL-1-18x9.webp 18w\" sizes=\"(max-width: 600px) 100vw, 600px\" \/><\/figure>\n<\/figure>\n\n\n\n<p><em><strong>\u00a9 Colin Delfosse<\/strong><\/em>.<\/p>\n\n\n\n<p>Caract\u00e9ris\u00e9 par la complexit\u00e9 de ses causes, de ses&nbsp;motivations&nbsp;et de ses revendications multiples, le&nbsp;mouvement des miliciens&nbsp;Mobondo&nbsp;menace&nbsp;gravement&nbsp;la paix&nbsp;\u00e0&nbsp;<strong>l\u2019Ouest&nbsp;<\/strong>de la R\u00e9publique&nbsp;D\u00e9mocratique du Congo&nbsp;(RD&nbsp;Congo). Bien que cette crise&nbsp;entra\u00eene&nbsp;des cons\u00e9quences&nbsp;humanitaires&nbsp;d\u00e9vastatrices,&nbsp;elle&nbsp;demeure largement absente&nbsp;du d\u00e9bat public, des agendas diplomatiques et de la sc\u00e8ne m\u00e9diatique.&nbsp;Noy\u00e9e dans des d\u00e9cennies de violence chronique&nbsp;qui&nbsp;gangr\u00e8ne&nbsp;l\u2019est du pays riche en minerais, cette crise se propage dans la plus grande indiff\u00e9rence.&nbsp;<\/p>\n\n\n\n<p>Pourtant, ni la complexit\u00e9 d\u2019un conflit, ni les int\u00e9r\u00eats&nbsp;\u00e9conomiques&nbsp;qui y sont li\u00e9s,&nbsp;ne&nbsp;devraient&nbsp;constituer un obstacle \u00e0 l\u2019action.&nbsp;En tant que citoyens solidaires et&nbsp;responsables,&nbsp;nous avons&nbsp;toutes et tous&nbsp;le devoir d\u2019agir pour sortir ce conflit de l\u2019ombre.&nbsp;Au niveau belge,&nbsp;les&nbsp;diasporas peuvent jouer un&nbsp;r\u00f4le&nbsp;essentiel&nbsp;pour porter la voix des populations locales. Cela requiert avant tout de s\u2019informer sur&nbsp;ce conflit oubli\u00e9, dont nous tenterons ici d\u2019\u00e9clairer&nbsp;les causes et&nbsp;de proposer des&nbsp;pistes de&nbsp;d\u2019action.&nbsp;<\/p>\n\n\n\n<h2 class=\"wp-block-heading\"><strong>Un conflit complexe aux cons\u00e9quences humanitaires d\u00e9vastatrices<\/strong>&nbsp;<\/h2>\n\n\n\n<p>N\u00e9 d\u2019un diff\u00e9rend foncier entre les communaut\u00e9s T\u00e9k\u00e9 et&nbsp;Yaka, le conflit qui s\u00e9vit \u00e0&nbsp;<strong>l\u2019Ouest&nbsp;<\/strong>de la&nbsp;RD&nbsp;Congo&nbsp;r\u00e9v\u00e8le des tensions \u00e9conomiques, fonci\u00e8res et politiques bien plus profondes.&nbsp;&nbsp;<\/p>\n\n\n\n<p>Depuis qu\u2019il a \u00e9clat\u00e9 dans la province du&nbsp;Mai-Ndombe&nbsp;en 2022, il s\u2019est rapidement propag\u00e9&nbsp;dans d\u2019autres provinces\u202f: la ville-province de Kinshasa, le Kwilu, le Kwango et le Kongo Central.&nbsp;Aux portes&nbsp;de la capitale, ce conflit entra\u00eene une violence g\u00e9n\u00e9ralis\u00e9e \u00e0 l\u2019encontre des populations civiles, r\u00e9guli\u00e8rement cibl\u00e9es par des attaques men\u00e9es par les&nbsp;<strong>miliciens&nbsp;Mobondo,<\/strong>&nbsp;un mouvement&nbsp;pluriforme&nbsp;qui recourt \u00e0 la violence et \u00e0 des pratiques f\u00e9tichistes pour porter des revendications sociales, \u00e9conomiques et communautaires.&nbsp;R\u00e9cemment,&nbsp;<a href=\"https:\/\/www.hrw.org\/fr\/news\/2025\/12\/16\/rd-congo-une-milice-a-massacre-des-civils-pres-de-kinshasa\" target=\"_blank\" rel=\"noreferrer noopener\">une attaque<\/a>&nbsp;par les miliciens&nbsp;Mobdondos&nbsp;dans le village de&nbsp;Nkana&nbsp;au&nbsp;Mai-Ndombe&nbsp;a provoqu\u00e9 la mort&nbsp;d\u2019au moins&nbsp;22 civils et&nbsp;de nombreux&nbsp;bless\u00e9s, dans le cadre de tensions intercommunautaires croissantes.&nbsp;En janvier dernier, c\u2019est&nbsp;<a href=\"https:\/\/www.lalibre.be\/international\/afrique\/2026\/01\/14\/un-bruxellois-sauvagement-assassine-au-congo-sous-les-yeux-de-sa-famille-3FFYZKYLP5A7HAS6FJ7HUDVJQQ\/\" target=\"_blank\" rel=\"noreferrer noopener\">un citoyen&nbsp;belge&nbsp;qui y perdait la vie<\/a>.&nbsp;<\/p>\n\n\n\n<p>THE&nbsp;<strong>cons\u00e9quences humanitaires<\/strong>&nbsp;sont dramatiques\u202f:&nbsp;plus de 5 000&nbsp;<strong>mort.es<\/strong>, pr\u00e8s de 300 000 personnes&nbsp;<strong>d\u00e9plac\u00e9es<\/strong>, des centaines de villages incendi\u00e9s et une&nbsp;<strong>ins\u00e9curit\u00e9 alimentaire<\/strong>&nbsp;croissante dans une r\u00e9gion agricole pourtant fertile. Dans le territoire de&nbsp;Kwamouth<strong>&nbsp;<\/strong>au&nbsp;Mai-Ndombe,&nbsp;une personne sur deux ne dispose pas d\u2019un acc\u00e8s suffisant \u00e0 la nourriture. Environ 80 % des terres arables sont devenues inaccessibles, entra\u00eenant une hausse drastique des prix des denr\u00e9es de base.&nbsp;<\/p>\n\n\n\n<p>L\u2019acc\u00e8s aux&nbsp;<strong>soins de sant\u00e9 et \u00e0 l\u2019\u00e9ducation<\/strong>&nbsp;est lui aussi entrav\u00e9 par la menace des&nbsp;Mobondos. De nombreux centres de sant\u00e9 et \u00e9coles ont \u00e9t\u00e9 ferm\u00e9s ou d\u00e9truits. Pr\u00e8s de 30 % des enfants sont aujourd\u2019hui exclus du syst\u00e8me scolaire. La crise a provoqu\u00e9 une rupture&nbsp;des stocks&nbsp;de m\u00e9dicaments, une p\u00e9nurie de personnel m\u00e9dical et une recrudescence des \u00e9pid\u00e9mies telles que la rougeole, le chol\u00e9ra et le&nbsp;mpox.&nbsp;&nbsp;<\/p>\n\n\n\n<h2 class=\"wp-block-heading\"><strong>Les causes profondes du conflit et de sa propagation<\/strong>&nbsp;<\/h2>\n\n\n\n<p>Bien que le conflit ait \u00e9t\u00e9 d\u00e9clench\u00e9 par la majoration de taxes coutumi\u00e8res impos\u00e9es par certains chefs T\u00e9k\u00e9 aux agriculteurs&nbsp;Yaka, il&nbsp;est enracin\u00e9 dans des fractures locales bien plus profondes.&nbsp;Il est le r\u00e9sultat de d\u00e9cennies de&nbsp;<strong>tensions \u00e9conomiques, fonci\u00e8res et politiques<\/strong>, aggrav\u00e9es par&nbsp;<strong>l\u2019absence de l\u2019autorit\u00e9 de l\u2019\u00c9tat<\/strong>, incapable de garantir la s\u00e9curit\u00e9 et la protection des&nbsp;civil\u00b7es.&nbsp;<\/p>\n\n\n\n<p>D\u2019ailleurs,&nbsp;lorsque&nbsp;les Forces arm\u00e9es&nbsp;congolaises&nbsp;(FARDC) sont pr\u00e9sentes, elles sont r\u00e9guli\u00e8rement accus\u00e9es d\u2019extorsions, de violences, de viols et de corruption. Cette d\u00e9faillance&nbsp;de l\u2019\u00c9tat a facilit\u00e9 les transactions fonci\u00e8res ill\u00e9gales et&nbsp;<strong>l\u2019accaparement des terres<\/strong>&nbsp;par certaines \u00e9lites, au d\u00e9triment de populations locales&nbsp;qui manquent cruellement de perspectives socio-\u00e9conomiques.&nbsp;&nbsp;&nbsp;&nbsp;<\/p>\n\n\n\n<p>Profitant de ces injustices et de l\u2019absence de l\u2019Etat, le mouvement&nbsp;Mobondo&nbsp;prend rapidement de l\u2019ampleur. Sa&nbsp;<strong>composition<\/strong>&nbsp;East&nbsp;<strong>plurielle et multiforme<\/strong>, avec une organisation \u00e0 la fois hi\u00e9rarchis\u00e9e et d\u00e9centralis\u00e9e.\u202fOn peut toutefois distinguer deux&nbsp;variantes&nbsp;principales :&nbsp;<\/p>\n\n\n\n<ul class=\"wp-block-list\">\n<li>Le\u202f<strong>\u00ab\u202fMobondo\u202foriginel \u00bb<\/strong>, qui vise l\u2019appropriation des terres T\u00e9k\u00e9 par la communaut\u00e9\u00a0Yaka\u00a0sur le plateau de\u202fBat\u00e9k\u00e9.\u00a0\u00a0\u00a0\u00a0<\/li>\n<\/ul>\n\n\n\n<ul class=\"wp-block-list\">\n<li>Le\u202f<strong>\u00ab\u202fMobondo\u202fKuluna\u202f<\/strong>\u00bb, qui s\u2019apparente davantage \u00e0 du grand banditisme, motiv\u00e9 principalement par l\u2019app\u00e2t du gain\u00a0en l\u2019absence\u00a0d\u2019alternatives \u00e9conomiques.\u00a0\u00a0\u00a0\u00a0<\/li>\n<\/ul>\n\n\n\n<h2 class=\"wp-block-heading\"><strong>Une crise largement invisibilis\u00e9e<\/strong>&nbsp;<\/h2>\n\n\n\n<p>There&nbsp;<strong>complexit\u00e9 de la crise<\/strong>&nbsp;Mobondo&nbsp;contribue sans doute \u00e0 son invisibilisation m\u00e9diatique et politique. Comme l\u2019explique le&nbsp;chercheur&nbsp;<a href=\"https:\/\/www.justicepaix.be\/en\/conflits-armes-oublies-et-negliges-la-crise-globale-de-lattention\/\" target=\"_blank\" rel=\"noreferrer noopener\">V. Hawkins<\/a>, un conflit complexe peine \u00e0 capter l\u2019attention lorsqu\u2019il ne peut \u00eatre pr\u00e9sent\u00e9 de mani\u00e8re claire, simple et manich\u00e9enne,&nbsp;avec les \u00ab bons \u00bb d\u2019un c\u00f4t\u00e9, et les \u00ab m\u00e9chants \u00bb de l\u2019autre.&nbsp;<\/p>\n\n\n\n<p>\u00c0 cette&nbsp;difficult\u00e9 s\u2019ajoute la<strong>&nbsp;lassitude<\/strong>&nbsp;face aux guerres d\u00e9vastatrices que conna\u00eet la&nbsp;RD&nbsp;Congo&nbsp;depuis&nbsp;des&nbsp;d\u00e9cennies. Selon plusieurs&nbsp;<a href=\"https:\/\/www.amnesty.be\/infos\/actualites\/rdc-sources-conflits\" target=\"_blank\" rel=\"noreferrer noopener\">estimations<\/a>, elles ont provoqu\u00e9 la mort de pr\u00e8s de six millions de personnes depuis 1998.&nbsp;Malgr\u00e9 ces chiffres alarmants,&nbsp;la communaut\u00e9&nbsp;internationale se d\u00e9sint\u00e9resse largement de la situation. Le peu&nbsp;d\u2019attention qui y est accord\u00e9 se concentre sur&nbsp;le conflit \u00e0 l\u2019est du pays, r\u00e9gion strat\u00e9gique en raison de ses richesses mini\u00e8res, dont d\u00e9pendent de nombreux int\u00e9r\u00eats internationaux. La crise qui gangr\u00e8ne l\u2019Ouest du pays demeure quant \u00e0 elle&nbsp;largement ignor\u00e9e.&nbsp;<\/p>\n\n\n\n<p>Pourtant,&nbsp;alors que la population belge a la pleine capacit\u00e9 de se forger un avis&nbsp;critique&nbsp;et d&rsquo;activer des leviers d&rsquo;action,&nbsp;nous ne&nbsp;pouvons&nbsp;pas nous&nbsp;r\u00e9signer \u00e0 agir&nbsp;uniquement&nbsp;lorsque nos int\u00e9r\u00eats \u00e9conomiques ou politiques sont menac\u00e9s. En tant qu\u2019\u00eatres humains&nbsp;interconnect\u00e9s, nous avons une&nbsp;<strong>responsabilit\u00e9 collective&nbsp;<\/strong>de&nbsp;promouvoir&nbsp;la paix et le respect des droits humains. Notre devoir de solidarit\u00e9 d\u00e9coule de notre humanit\u00e9 partag\u00e9e et ne peut \u00eatre conditionn\u00e9 par des int\u00e9r\u00eats particuliers.&nbsp;&nbsp;<\/p>\n\n\n\n<h2 class=\"wp-block-heading\"><strong>Agir pour une paix durable<\/strong>&nbsp;<\/h2>\n\n\n\n<p>Nous avons toutes et tous un r\u00f4le \u00e0 jouer\u202f!&nbsp;Sur le terrain, la&nbsp;<strong>soci\u00e9t\u00e9 civile<\/strong>&nbsp;pallie les d\u00e9faillances institutionnelles pour venir en aide aux victimes. De nombreux civils accueillent les personnes d\u00e9plac\u00e9es, partagent leurs maigres ressources et participent \u00e0 des dialogues communautaires visant \u00e0 restaurer la paix.&nbsp;<\/p>\n\n\n\n<p>Il est essentiel de&nbsp;<strong>soutenir ces initiatives citoyennes.<\/strong>&nbsp;Les victimes, les&nbsp;auteur\u00b7es&nbsp;et les communaut\u00e9s locales sont les mieux plac\u00e9es pour comprendre les causes profondes du conflit&nbsp;et \u00e9valuer la pertinence des solutions propos\u00e9es. Une paix durable ne peut \u00eatre envisag\u00e9e sans leur participation active.&nbsp;&nbsp;<\/p>\n\n\n\n<h2 class=\"wp-block-heading\"><strong>A shared responsibility<\/strong>&nbsp;<\/h2>\n\n\n\n<p>Mais ici aussi,&nbsp;en Belgique,&nbsp;la soci\u00e9t\u00e9 civile peut jouer un r\u00f4le essentiel.&nbsp;<\/p>\n\n\n\n<p>L\u2019Europe b\u00e9n\u00e9ficie depuis des d\u00e9cennies des richesses mini\u00e8res de la&nbsp;RD&nbsp;Congo. Elle ne peut continuer \u00e0 en tirer profit&nbsp;en fermant les yeux sur les catastrophes humanitaires qui s\u2019y d\u00e9roulent.&nbsp;En&nbsp;Belgique&nbsp;particuli\u00e8rement,&nbsp;nous portons&nbsp;une&nbsp;<strong>responsabilit\u00e9 historique et morale<\/strong>&nbsp;envers les&nbsp;populations&nbsp;congolaises. Nous avons le&nbsp;<strong>pouvoir et le devoir d\u2019agir<\/strong>&nbsp;pour sortir ce conflit de l\u2019ombre et l\u2019indiff\u00e9rence.&nbsp;&nbsp;<\/p>\n\n\n\n<p>C\u2019est dans cette optique que Caritas International et Justice &amp; Paix ont lanc\u00e9&nbsp;<a href=\"https:\/\/www.justicepaix.be\/en\/une-crise-oubliee-aux-portes-de-kinshasa\/\" target=\"_blank\" rel=\"noreferrer noopener\"><strong>la campagne \u00ab Le Poids du Silence \u00bb<\/strong><\/a><strong>,<\/strong>&nbsp;articul\u00e9e autour de trois axes principaux :&nbsp;accro\u00eetre la&nbsp;<strong>visibilit\u00e9&nbsp;<\/strong>de la crise ;&nbsp;en comprendre les&nbsp;<strong>causes<\/strong>, les cons\u00e9quences et les pistes de sortie\u202f;&nbsp;et&nbsp;<strong>sensibiliser&nbsp;<\/strong>les responsables politiques.&nbsp;<\/p>\n\n\n\n<p><strong>Briser le silence<\/strong>&nbsp;est le premier pas pour mobiliser les consciences et plaider en faveur d\u2019une paix durable. S\u2019<strong>informer&nbsp;<\/strong>And&nbsp;<strong>partager,<\/strong>&nbsp;c\u2019est d\u00e9j\u00e0&nbsp;<strong>agir<\/strong>&nbsp;: c\u2019est donner de la&nbsp;<strong>visibilit\u00e9,<\/strong>&nbsp;faire entendre la voix de celles et ceux qui ne le peuvent pas et&nbsp;<strong>rompre l\u2019indiff\u00e9rence.<\/strong>&nbsp;<\/p>\n\n\n\n<p>For&nbsp;<strong>learn more<\/strong>&nbsp;sur le conflit, vous pouvez&nbsp;<a href=\"https:\/\/www.justicepaix.be\/wp-content\/uploads\/2026\/02\/Le-poids-du-silence_comment-la-revolte-des-Mobondo-bouleverse-louest-de-la-RDC.pdf\" target=\"_blank\" rel=\"noreferrer noopener\">lire&nbsp;le rapport<\/a>&nbsp;r\u00e9dig\u00e9 par&nbsp;nos partenaires&nbsp;de&nbsp;la Commission Justice et Paix de Kinshasa et le centre de recherche IPIS&nbsp;afin d\u2019\u00e9clairer&nbsp;les&nbsp;<strong>causes, les cons\u00e9quences et les pistes de solution&nbsp;<\/strong>pour sortir&nbsp;de la crise des&nbsp;Mobondos.&nbsp;&nbsp;<\/p>\n\n\n\n<p>Par ailleurs, il est essentiel&nbsp;d\u2019inscrire la crise des&nbsp;Mobondos&nbsp;\u00e0&nbsp;<strong>l\u2019agenda des dialogues bilat\u00e9raux et europ\u00e9ens<\/strong>&nbsp;avec le gouvernement congolais pour que les moyens n\u00e9cessaires \u00e0 la r\u00e9solution de ce conflit soient mis \u00e0 disposition.&nbsp;Chacun.e&nbsp;\u00e0 son \u00e9chelle,&nbsp;nous pouvons&nbsp;<strong>sensibiliser<\/strong>&nbsp;les donateurs potentiels et&nbsp;<strong>interpeller les responsables politiques<\/strong>&nbsp;pour qu\u2019ils agissent tant sur le plan diplomatique que pour garantir les financements n\u00e9cessaires \u00e0 l\u2019aide humanitaire et \u00e0 la coop\u00e9ration internationale.&nbsp;<\/p>\n\n\n\n<p>THE\u00a0<strong>diasporas<\/strong>\u00a0pr\u00e9sentes en Belgique constituent \u00e0 cet \u00e9gard un\u00a0<strong>relais indispensable.<\/strong>\u00a0Leur double ancrage\u00a0(proximit\u00e9 avec les\u00a0d\u00e9cideur\u00b7euse\u00b7s\u00a0politiques\u00a0europ\u00e9en\u00b7nes\u00a0et lien \u00e9troit avec les r\u00e9alit\u00e9s du terrain)\u00a0leur conf\u00e8re une l\u00e9gitimit\u00e9 et une cr\u00e9dibilit\u00e9 particuli\u00e8res pour porter un plaidoyer efficace.<\/p>\n\n\n\n<p><strong>Graziella Fourez.<\/strong><\/p>\n\n\n\n<p><\/p>","protected":false},"excerpt":{"rendered":"<p>La crise des Mobondos\u202f: analyse et pistes d\u2019actions pour sortir de l\u2019ombre ce conflit d\u00e9vastateur mais totalement ignor\u00e9.   <\/p>","protected":false},"author":57,"featured_media":30880,"comment_status":"open","ping_status":"open","sticky":false,"template":"","format":"standard","meta":{"_acf_changed":false,"_seopress_robots_primary_cat":"none","_seopress_titles_title":"","_seopress_titles_desc":"","_seopress_robots_index":"","footnotes":""},"categories":[2689,2696,2722,2719],"tags":[2794,3265,2824,3224,3306,3230,3125],"class_list":["post-30877","post","type-post","status-publish","format-standard","has-post-thumbnail","hentry","category-activites","category-actualites","category-articles-nos-publications","category-nos-publications","tag-afrique-centrale","tag-cohesion-sociale","tag-droits-humains","tag-justice","tag-paix-durable","tag-participation-citoyenne","tag-solidarite-internationale"],"acf":[],"_links":{"self":[{"href":"https:\/\/www.justicepaix.be\/en\/wp-json\/wp\/v2\/posts\/30877","targetHints":{"allow":["GET"]}}],"collection":[{"href":"https:\/\/www.justicepaix.be\/en\/wp-json\/wp\/v2\/posts"}],"about":[{"href":"https:\/\/www.justicepaix.be\/en\/wp-json\/wp\/v2\/types\/post"}],"author":[{"embeddable":true,"href":"https:\/\/www.justicepaix.be\/en\/wp-json\/wp\/v2\/users\/57"}],"replies":[{"embeddable":true,"href":"https:\/\/www.justicepaix.be\/en\/wp-json\/wp\/v2\/comments?post=30877"}],"version-history":[{"count":1,"href":"https:\/\/www.justicepaix.be\/en\/wp-json\/wp\/v2\/posts\/30877\/revisions"}],"predecessor-version":[{"id":30881,"href":"https:\/\/www.justicepaix.be\/en\/wp-json\/wp\/v2\/posts\/30877\/revisions\/30881"}],"wp:featuredmedia":[{"embeddable":true,"href":"https:\/\/www.justicepaix.be\/en\/wp-json\/wp\/v2\/media\/30880"}],"wp:attachment":[{"href":"https:\/\/www.justicepaix.be\/en\/wp-json\/wp\/v2\/media?parent=30877"}],"wp:term":[{"taxonomy":"category","embeddable":true,"href":"https:\/\/www.justicepaix.be\/en\/wp-json\/wp\/v2\/categories?post=30877"},{"taxonomy":"post_tag","embeddable":true,"href":"https:\/\/www.justicepaix.be\/en\/wp-json\/wp\/v2\/tags?post=30877"}],"curies":[{"name":"wp","href":"https:\/\/api.w.org\/{rel}","templated":true}]}}