{"id":30263,"date":"2025-10-24T14:15:43","date_gmt":"2025-10-24T12:15:43","guid":{"rendered":"https:\/\/www.justicepaix.be\/?p=30263"},"modified":"2025-10-24T14:15:45","modified_gmt":"2025-10-24T12:15:45","slug":"semaine-du-desarmement","status":"publish","type":"post","link":"https:\/\/www.justicepaix.be\/en\/semaine-du-desarmement\/","title":{"rendered":"Semaine du d\u00e9sarmement"},"content":{"rendered":"<p>Depuis l\u2019adoption en 1968 du Trait\u00e9 sur la non-prolif\u00e9ration des armes nucl\u00e9aires, neuf autres instruments juridiques internationaux sont venus encadrer les armements. Ces textes reposent sur une conviction essentielle :<strong> la s\u00e9curit\u00e9 des populations ne se construit pas dans la course aux armes, mais bien dans la coop\u00e9ration, la d\u00e9sescalade et le respect du droit international.<\/strong><\/p>\n\n\n\n<p>La semaine du d\u00e9sarmement nous invite chaque ann\u00e9e \u00e0 r\u00e9fl\u00e9chir \u00e0 ces enjeux. Pourtant, en 2025, elle intervient dans un contexte paradoxal : jamais les instruments multilat\u00e9raux n\u2019ont \u00e9t\u00e9 aussi nombreux, mais jamais la remilitarisation n\u2019a \u00e9t\u00e9 aussi intense.<\/p>\n\n\n\n<p><\/p>\n\n\n\n<h2 class=\"wp-block-heading\"><strong>Qui veut la paix &#8230; pr\u00e9pare la guerre ?<\/strong><\/h2>\n\n\n\n<p>En Belgique, les d\u00e9penses militaires ont doubl\u00e9 en quelques ann\u00e9es. En 2025, le gouvernement a d\u00e9cid\u00e9 d\u2019atteindre l\u2019objectif de l\u2019OTAN de 2 % du PIB consacr\u00e9 \u00e0 la d\u00e9fense, soit une augmentation de 4,5 milliards d\u2019euros par an. \u00c0 l\u2019\u00e9chelle europ\u00e9enne, un plan massif de plus de 800 milliards d\u2019euros vient d\u2019\u00eatre lanc\u00e9 pour renforcer la d\u00e9fense. Dans le m\u00eame temps, les budgets sociaux et les services publics sont mis sous pression.<\/p>\n\n\n\n<p><strong>Ces politiques alimentent une spirale dangereuse appel\u00e9 le \u00ab dilemme de s\u00e9curit\u00e9 \u00bb.<\/strong> Plus un \u00c9tat s\u2019arme, plus ses voisins en font autant. La m\u00e9fiance grandit, la diplomatie se r\u00e9tr\u00e9cit et les crises de fond : sociales, climatiques, \u00e9conomiques, restent sans r\u00e9ponse.<\/p>\n\n\n\n<p>Pourtant, l&rsquo;investissement dans la pr\u00e9vention des conflits constitue un levier de s\u00e9curit\u00e9 aux effets d\u00e9montr\u00e9s mais structurellement sous-financ\u00e9. En Belgique, les budgets consacr\u00e9s \u00e0 la coop\u00e9ration au d\u00e9veloppement et \u00e0 la diplomatie pr\u00e9ventive stagnent ou r\u00e9gressent<strong> malgr\u00e9 les appels incessants, les actions ponctuelles et \u00e9tudes men\u00e9es par le secteur associatif belge.<\/strong><\/p>\n\n\n\n<h2 class=\"wp-block-heading\">Des alternatives \u00e0 l&rsquo;armement existent<\/h2>\n\n\n\n<p>Justice &amp; Paix d\u00e9fend une conception \u00e9largie de la s\u00e9curit\u00e9 qui d\u00e9passe le paradigme militaro-centr\u00e9. La s\u00e9curit\u00e9 durable repose sur la consolidation d&rsquo;institutions d\u00e9mocratiques solides, le d\u00e9veloppement de syst\u00e8mes \u00e9conomiques redistributifs, le respect effectif du droit international humanitaire et des droits humains, <strong>ainsi que sur des m\u00e9canismes de pr\u00e9vention et de r\u00e9solution pacifique des diff\u00e9rends.<\/strong><\/p>\n\n\n\n<p>Sur le plan international, la Belgique a aujourd\u2019hui une responsabilit\u00e9 claire : <strong>renforcer son engagement en faveur du d\u00e9sarmement multilat\u00e9ral. <\/strong>La ratification du Trait\u00e9 sur l\u2019interdiction des armes nucl\u00e9aires (TIAN), adopt\u00e9 en 2017 et en vigueur depuis 2021, serait un premier pas.<\/p>\n\n\n\n<p>Mais l\u2019engagement ne peut s\u2019arr\u00eater l\u00e0. La Belgique doit aussi garantir que ses propres armes, ou celles fabriqu\u00e9es par ses entreprises, <strong>ne nourrissent pas des conflits en cours ou \u00e0 venir. <\/strong>Cette d\u00e9marche passe par un renforcement du contr\u00f4le des exportations et une application sans complaisance de la position commune de l\u2019Union europ\u00e9enne.<\/p>\n\n\n\n<p>Face \u00e0 cette \u00ab culture de s\u00e9curit\u00e9 \u00bb, Justice &amp; Paix promeut le d\u00e9veloppement d&rsquo;une<a href=\"https:\/\/www.justicepaix.be\/en\/la-culture-de-paix\/\" data-type=\"link\" data-id=\"https:\/\/www.justicepaix.be\/la-culture-de-paix\/\" target=\"_blank\" rel=\"noreferrer noopener\"> \u00ab culture de paix \u00bb<\/a> qui implique l&rsquo;int\u00e9gration de l&rsquo;\u00e9ducation \u00e0 la paix et \u00e0 la r\u00e9solution non-violente des conflits<strong>, le renforcement des capacit\u00e9s citoyennes de m\u00e9diation et de dialogue, <\/strong>ainsi que la participation de tous les segments de la soci\u00e9t\u00e9, notamment des femmes et des jeunes, dans les processus de construction de la paix.<\/p>\n\n\n\n<h2 class=\"wp-block-heading\">D\u00e9couvrez ou red\u00e9couvrez nos contributions r\u00e9centes sur le d\u00e9sarmement et la culture de paix<\/h2>\n\n\n\n<h3 class=\"wp-block-heading\">Nos travaux de recherche et d&rsquo;analyse<\/h3>\n\n\n\n<ul class=\"wp-block-list\">\n<li>\u00c9tude : Le d\u00e9fi pour la paix de l\u2019Union-Europ\u00e9enne :<a href=\" https:\/\/biturl.top\/MZ3eYf\"> https:\/\/biturl.top\/MZ3eYf<\/a><\/li>\n\n\n\n<li>Analyse : Entre d\u00e9shumanisation et catastrophe environnementale : l\u2019urgence du d\u00e9sarmement <a href=\"https:\/\/biturl.top\/VBNjMz\">https:\/\/biturl.top\/VBNjMz<\/a><\/li>\n\n\n\n<li>Analyse : Parler de paix en temps de guerre\u2026 R\u00e9armer l\u2019Europe ou la paix ? :<a href=\"https:\/\/www.justicepaix.be\/en\/parler-de-paix-en-temps-de-guerre-rearmer-leurope-et-la-paix-2\/\"> https:\/\/www.justicepaix.be\/parler-de-paix-en-temps-de-guerre-rearmer-leurope-et-la-paix-2\/<\/a><\/li>\n\n\n\n<li>Analyse : La culture de paix comme rempart contre la violence <a href=\"https:\/\/biturl.top\/yeUZfu\">https:\/\/biturl.top\/yeUZfu<\/a><\/li>\n\n\n\n<li>Analyse : La protection de l\u2019environnement en temps de conflit arm\u00e9 <a href=\"https:\/\/www.justicepaix.be\/en\/la-protection-de-lenvironnement-en-temps-de-conflit-arme\/\">https:\/\/www.justicepaix.be\/la-protection-de-lenvironnement-en-temps-de-conflit-arme\/<\/a><\/li>\n<\/ul>\n\n\n\n<p><\/p>\n\n\n\n<h3 class=\"wp-block-heading\">Nos actions et outils de sensibilisation<\/h3>\n\n\n\n<ul class=\"wp-block-list\">\n<li>Webinaire d\u00e9sarmement : <a href=\"https:\/\/www.youtube.com\/watch?v=FBV82hjWaUc\">https:\/\/www.youtube.com\/watch?v=FBV82hjWaUc<\/a><\/li>\n\n\n\n<li>Fiche p\u00e9dagogique : La culture de paix: <a href=\"https:\/\/www.justicepaix.be\/en\/la-culture-de-paix\/\">https:\/\/www.justicepaix.be\/la-culture-de-paix\/<\/a><\/li>\n<\/ul>\n\n\n\n<p><\/p>\n\n\n\n<h3 class=\"wp-block-heading\">In the media<\/h3>\n\n\n\n<ul class=\"wp-block-list\">\n<li>L&rsquo;urgence du d\u00e9sarment, RCF: <a href=\"https:\/\/www.rcf.fr\/culture\/lair-du-temps?episode=527248\">https:\/\/www.rcf.fr\/culture\/lair-du-temps?episode=527248<\/a><\/li>\n\n\n\n<li>R\u00e9armement de l&rsquo;UE: <a href=\"https:\/\/www.rcf.fr\/culture\/lair-du-temps?episode=576476\">https:\/\/www.rcf.fr\/culture\/lair-du-temps?episode=576476<\/a><\/li>\n\n\n\n<li>Carte blanche exportation d\u2019armes wallonnes : <a href=\"https:\/\/biturl.top\/J3yMnq\">https:\/\/biturl.top\/J3yMnq<\/a> <\/li>\n\n\n\n<li>Dans  Le Soir<a href=\" https:\/\/biturl.top\/nQFZra\"> https:\/\/biturl.top\/nQFZra<\/a><\/li>\n\n\n\n<li>Dans l&rsquo;Appel: <a href=\"https:\/\/magazine-appel.be\/rearmer-la-paix\/\">https:\/\/magazine-appel.be\/rearmer-la-paix\/<\/a><\/li>\n\n\n\n<li>Carte blanche sur la culture de paix: <a href=\"https:\/\/www.lesoir.be\/624238\/article\/2024-09-21\/la-culture-de-paix-rempart-contre-la-violence-et-la-polarisation?fbclid=IwZXh0bgNhZW0CMTAAYnJpZBExTm9JWm12SEhRTWdlT0xpaAEeLqoO9fsnnwLbliUnSs1SRqA4c7r9G8zuaoalZcukj0MGjzz5Y03UUawScZo_aem_js7zdNqWzrqT2R-n9h3VQA\">https:\/\/www.lesoir.be\/624238\/article\/2024-09-21\/la-culture-de-paix-rempart-contre-la-violence-et-la-polarisation?fbclid=IwZXh0bgNhZW0CMTAAYnJpZBExTm9JWm12SEhRTWdlT0xpaAEeLqoO9fsnnwLbliUnSs1SRqA4c7r9G8zuaoalZcukj0MGjzz5Y03UUawScZo_aem_js7zdNqWzrqT2R-n9h3VQA<\/a><\/li>\n<\/ul>\n\n\n\n<p><\/p>","protected":false},"excerpt":{"rendered":"<p>Depuis l\u2019adoption en 1968 du Trait\u00e9 sur la non-prolif\u00e9ration des armes nucl\u00e9aires, neuf autres instruments juridiques internationaux sont venus encadrer les armements. Ces textes reposent sur une conviction essentielle : la s\u00e9curit\u00e9 des populations ne se construit pas dans la course aux armes, mais bien dans la coop\u00e9ration, la d\u00e9sescalade et le respect du droit [&hellip;]<\/p>\n","protected":false},"author":63,"featured_media":30266,"comment_status":"open","ping_status":"open","sticky":false,"template":"","format":"standard","meta":{"_acf_changed":false,"_seopress_robots_primary_cat":"none","_seopress_titles_title":"","_seopress_titles_desc":"","_seopress_robots_index":"","footnotes":""},"categories":[2696,2722],"tags":[2831,3249,2825,2811,2834],"class_list":["post-30263","post","type-post","status-publish","format-standard","has-post-thumbnail","hentry","category-actualites","category-articles-nos-publications","tag-acteurs-economiques","tag-culture-de-paix","tag-prevention-des-conflits","tag-ressources-naturelles","tag-union-europeenne"],"acf":[],"_links":{"self":[{"href":"https:\/\/www.justicepaix.be\/en\/wp-json\/wp\/v2\/posts\/30263","targetHints":{"allow":["GET"]}}],"collection":[{"href":"https:\/\/www.justicepaix.be\/en\/wp-json\/wp\/v2\/posts"}],"about":[{"href":"https:\/\/www.justicepaix.be\/en\/wp-json\/wp\/v2\/types\/post"}],"author":[{"embeddable":true,"href":"https:\/\/www.justicepaix.be\/en\/wp-json\/wp\/v2\/users\/63"}],"replies":[{"embeddable":true,"href":"https:\/\/www.justicepaix.be\/en\/wp-json\/wp\/v2\/comments?post=30263"}],"version-history":[{"count":1,"href":"https:\/\/www.justicepaix.be\/en\/wp-json\/wp\/v2\/posts\/30263\/revisions"}],"predecessor-version":[{"id":30267,"href":"https:\/\/www.justicepaix.be\/en\/wp-json\/wp\/v2\/posts\/30263\/revisions\/30267"}],"wp:featuredmedia":[{"embeddable":true,"href":"https:\/\/www.justicepaix.be\/en\/wp-json\/wp\/v2\/media\/30266"}],"wp:attachment":[{"href":"https:\/\/www.justicepaix.be\/en\/wp-json\/wp\/v2\/media?parent=30263"}],"wp:term":[{"taxonomy":"category","embeddable":true,"href":"https:\/\/www.justicepaix.be\/en\/wp-json\/wp\/v2\/categories?post=30263"},{"taxonomy":"post_tag","embeddable":true,"href":"https:\/\/www.justicepaix.be\/en\/wp-json\/wp\/v2\/tags?post=30263"}],"curies":[{"name":"wp","href":"https:\/\/api.w.org\/{rel}","templated":true}]}}