{"id":30042,"date":"2025-09-18T14:38:29","date_gmt":"2025-09-18T12:38:29","guid":{"rendered":"https:\/\/www.justicepaix.be\/?p=30042"},"modified":"2025-09-18T14:38:31","modified_gmt":"2025-09-18T12:38:31","slug":"rejoignez-notre-groupe-de-travail-amerique-latine","status":"publish","type":"post","link":"https:\/\/www.justicepaix.be\/en\/rejoignez-notre-groupe-de-travail-amerique-latine\/","title":{"rendered":"Rejoignez notre groupe de travail Am\u00e9rique latine !"},"content":{"rendered":"<p>C&rsquo;est la rentr\u00e9e pour le groupe de travail \u00ab\u00a0Am\u00e9rique latine\u00a0\u00bb de Justice &amp; Paix, et nous recherchons des volontaires pour rejoindre cet espace d&rsquo;\u00e9changes et d&rsquo;actions concr\u00e8tes ! <\/p>\n\n\n\n<p>Rencontres, d\u00e9bats, projets, animation, \u00e9v\u00e9nements, &#8230; Ce groupe s\u2019adresse \u00e0 toute personne qui s\u2019int\u00e9resse \u00e0 l\u2019Am\u00e9rique du Sud, par son histoire, par ses enjeux actuels ou parce qu\u2019elle en est originaire et qui souhaite agir \u00e0 son \u00e9chelle !<\/p>\n\n\n\n<p>Participez avec nous et nos partenaires internationaux sur des projets autour des droits humains, des enjeux de d\u00e9mocratie et d&rsquo;environnement (extraction mini\u00e8re, d\u00e9forestation, droits humains, mont\u00e9e des autoritarismes, &#8230;) Des questions qui peuvent sembler lointaines, mais qui sont intimement li\u00e9es \u00e0 nos modes de vie et \u00e0 nos politiques publiques en Europe et en Belgique.<\/p>\n\n\n\n<figure class=\"wp-block-image size-large\"><img fetchpriority=\"high\" decoding=\"async\" width=\"1024\" height=\"536\" src=\"https:\/\/www.justicepaix.be\/wp-content\/uploads\/2025\/09\/ANIMATIONS-VIGNETTES-SITE-FB-1-1024x536.jpg\" alt=\"\" class=\"wp-image-30041\" srcset=\"https:\/\/www.justicepaix.be\/wp-content\/uploads\/2025\/09\/ANIMATIONS-VIGNETTES-SITE-FB-1-1024x536.jpg 1024w, https:\/\/www.justicepaix.be\/wp-content\/uploads\/2025\/09\/ANIMATIONS-VIGNETTES-SITE-FB-1-300x157.jpg 300w, https:\/\/www.justicepaix.be\/wp-content\/uploads\/2025\/09\/ANIMATIONS-VIGNETTES-SITE-FB-1-768x402.jpg 768w, https:\/\/www.justicepaix.be\/wp-content\/uploads\/2025\/09\/ANIMATIONS-VIGNETTES-SITE-FB-1-18x9.jpg 18w, https:\/\/www.justicepaix.be\/wp-content\/uploads\/2025\/09\/ANIMATIONS-VIGNETTES-SITE-FB-1.jpg 1200w\" sizes=\"(max-width: 1024px) 100vw, 1024px\" \/><\/figure>\n\n\n\n<p><\/p>\n\n\n\n<p>Depuis de nombreuses ann\u00e9es, Justice &amp; Paix travaille avec ses partenaires p\u00e9ruviens ainsi qu\u2019avec des organisations belges et europ\u00e9ennes sur des enjeux de droits, de d\u00e9mocratie et d\u2019environnement.<\/p>\n\n\n\n<p>En novembre, Justice &amp; Paix m\u00e8nera un projet avec ses partenaires p\u00e9ruviens sur la question de l\u2019extractivisme au P\u00e9rou. Dans ce cadre, vos r\u00e9flexions et contributions au sein du groupe seraient particuli\u00e8rement pr\u00e9cieuses. Une premi\u00e8re rencontre sera organis\u00e9e courant octobre.<\/p>\n\n\n\n<p><strong>Int\u00e9ress\u00e9\u00b7e ? \u00c9crivez \u00e0 clara.gobbe@justicepaix.be \ud83d\udce8<\/strong><\/p>\n\n\n\n<p><\/p>","protected":false},"excerpt":{"rendered":"<p>C&rsquo;est la rentr\u00e9e pour le groupe de travail \u00ab\u00a0Am\u00e9rique latine\u00a0\u00bb de Justice &amp; Paix, et nous recherchons des volontaires pour rejoindre cet espace d&rsquo;\u00e9changes et d&rsquo;actions concr\u00e8tes ! Rencontres, d\u00e9bats, projets, animation, \u00e9v\u00e9nements, &#8230; Ce groupe s\u2019adresse \u00e0 toute personne qui s\u2019int\u00e9resse \u00e0 l\u2019Am\u00e9rique du Sud, par son histoire, par ses enjeux actuels ou parce [&hellip;]<\/p>\n","protected":false},"author":63,"featured_media":30046,"comment_status":"open","ping_status":"open","sticky":false,"template":"","format":"standard","meta":{"_acf_changed":false,"_seopress_robots_primary_cat":"none","_seopress_titles_title":"","_seopress_titles_desc":"","_seopress_robots_index":"","footnotes":""},"categories":[2689,2696,2769,2693],"tags":[2817,3240,2818,3241],"class_list":["post-30042","post","type-post","status-publish","format-standard","has-post-thumbnail","hentry","category-activites","category-actualites","category-alternatives-en-amerique-latine","category-partenaires-justice-et-paix","tag-amerique-latine","tag-groupe-de-travail","tag-perou","tag-volontaires"],"acf":[],"_links":{"self":[{"href":"https:\/\/www.justicepaix.be\/en\/wp-json\/wp\/v2\/posts\/30042","targetHints":{"allow":["GET"]}}],"collection":[{"href":"https:\/\/www.justicepaix.be\/en\/wp-json\/wp\/v2\/posts"}],"about":[{"href":"https:\/\/www.justicepaix.be\/en\/wp-json\/wp\/v2\/types\/post"}],"author":[{"embeddable":true,"href":"https:\/\/www.justicepaix.be\/en\/wp-json\/wp\/v2\/users\/63"}],"replies":[{"embeddable":true,"href":"https:\/\/www.justicepaix.be\/en\/wp-json\/wp\/v2\/comments?post=30042"}],"version-history":[{"count":1,"href":"https:\/\/www.justicepaix.be\/en\/wp-json\/wp\/v2\/posts\/30042\/revisions"}],"predecessor-version":[{"id":30047,"href":"https:\/\/www.justicepaix.be\/en\/wp-json\/wp\/v2\/posts\/30042\/revisions\/30047"}],"wp:featuredmedia":[{"embeddable":true,"href":"https:\/\/www.justicepaix.be\/en\/wp-json\/wp\/v2\/media\/30046"}],"wp:attachment":[{"href":"https:\/\/www.justicepaix.be\/en\/wp-json\/wp\/v2\/media?parent=30042"}],"wp:term":[{"taxonomy":"category","embeddable":true,"href":"https:\/\/www.justicepaix.be\/en\/wp-json\/wp\/v2\/categories?post=30042"},{"taxonomy":"post_tag","embeddable":true,"href":"https:\/\/www.justicepaix.be\/en\/wp-json\/wp\/v2\/tags?post=30042"}],"curies":[{"name":"wp","href":"https:\/\/api.w.org\/{rel}","templated":true}]}}