{"id":30030,"date":"2025-09-17T17:09:19","date_gmt":"2025-09-17T15:09:19","guid":{"rendered":"https:\/\/www.justicepaix.be\/?p=30030"},"modified":"2025-09-17T17:09:21","modified_gmt":"2025-09-17T15:09:21","slug":"visite-de-partenaires-au-burundi","status":"publish","type":"post","link":"https:\/\/www.justicepaix.be\/en\/visite-de-partenaires-au-burundi\/","title":{"rendered":"Visite de partenaires au Burundi"},"content":{"rendered":"<p><\/p>\n\n\n\n<div class=\"wp-block-media-text is-stacked-on-mobile\" style=\"grid-template-columns:51% auto\"><figure class=\"wp-block-media-text__media\"><img fetchpriority=\"high\" decoding=\"async\" width=\"1024\" height=\"768\" src=\"https:\/\/www.justicepaix.be\/wp-content\/uploads\/2025\/09\/WhatsApp-Image-2025-09-16-at-14.54.30-1-1024x768.jpeg\" alt=\"\" class=\"wp-image-30031 size-full\" srcset=\"https:\/\/www.justicepaix.be\/wp-content\/uploads\/2025\/09\/WhatsApp-Image-2025-09-16-at-14.54.30-1-1024x768.jpeg 1024w, https:\/\/www.justicepaix.be\/wp-content\/uploads\/2025\/09\/WhatsApp-Image-2025-09-16-at-14.54.30-1-300x225.jpeg 300w, https:\/\/www.justicepaix.be\/wp-content\/uploads\/2025\/09\/WhatsApp-Image-2025-09-16-at-14.54.30-1-768x576.jpeg 768w, https:\/\/www.justicepaix.be\/wp-content\/uploads\/2025\/09\/WhatsApp-Image-2025-09-16-at-14.54.30-1-1536x1152.jpeg 1536w, https:\/\/www.justicepaix.be\/wp-content\/uploads\/2025\/09\/WhatsApp-Image-2025-09-16-at-14.54.30-1-16x12.jpeg 16w, https:\/\/www.justicepaix.be\/wp-content\/uploads\/2025\/09\/WhatsApp-Image-2025-09-16-at-14.54.30-1.jpeg 1600w\" sizes=\"(max-width: 1024px) 100vw, 1024px\" \/><\/figure><div class=\"wp-block-media-text__content\">\n<p>En voyage partenarial au&nbsp;Burundi, Justice &amp; Paix a rencontr\u00e9 \u00e0 Bujumbura la Commission \u00e9piscopale Justice et Paix (CEJP), partenaire de longue date et, depuis plus de dix-huit mois, actrice central du projet Civic Space, initiative soutenue par les Affaires \u00e9trang\u00e8res belges. Ce projet accompagne les femmes et les jeunes \u00e0 devenir actrices et acteurs de bonne gouvernance et de coh\u00e9sion sociale dans leurs communaut\u00e9s. Il leur offre des espaces pour se former et participer activement \u00e0 la vie publique.<\/p>\n\n\n\n<p>Cette visite a \u00e9t\u00e9 marqu\u00e9e par la prise de contact avec l\u2019Abb\u00e9 Emile Ndayizigiye, nouveau secr\u00e9taire ex\u00e9cutif permanent de la CEJP. Il succ\u00e8de \u00e0 l\u2019Abb\u00e9 Charles Karorero, que nous remercions vivement pour l\u2019\u00e9nergie et la vision qu\u2019il a mises au service de la CEJP tout au long de son mandat.<\/p>\n<\/div><\/div>\n\n\n\n<p><\/p>\n\n\n\n<div class=\"wp-block-group is-nowrap is-layout-flex wp-container-core-group-is-layout-6c531013 wp-block-group-is-layout-flex\">\n<p>Avant d\u2019assumer cette nouvelle responsabilit\u00e9, l\u2019Abb\u00e9 Emile a s\u00e9journ\u00e9 quatre ann\u00e9es \u00e0 Rome pour mener \u00e0 bien ses recherches doctorales en d\u00e9veloppement et paix et coop\u00e9ration internationale. Il dirigeait au moment de son d\u00e9part pour Rome le Conseil pour l\u2019\u00e9ducation et le d\u00e9veloppement (COPED), une des principales ONG du&nbsp;Burundi.<\/p>\n\n\n\n<figure class=\"wp-block-image aligncenter size-large is-resized\"><img decoding=\"async\" width=\"1024\" height=\"768\" src=\"https:\/\/www.justicepaix.be\/wp-content\/uploads\/2025\/09\/WhatsApp-Image-2025-09-16-at-14.54.30-1024x768.jpeg\" alt=\"\" class=\"wp-image-30032\" style=\"width:492px;height:auto\" srcset=\"https:\/\/www.justicepaix.be\/wp-content\/uploads\/2025\/09\/WhatsApp-Image-2025-09-16-at-14.54.30-1024x768.jpeg 1024w, https:\/\/www.justicepaix.be\/wp-content\/uploads\/2025\/09\/WhatsApp-Image-2025-09-16-at-14.54.30-300x225.jpeg 300w, https:\/\/www.justicepaix.be\/wp-content\/uploads\/2025\/09\/WhatsApp-Image-2025-09-16-at-14.54.30-768x576.jpeg 768w, https:\/\/www.justicepaix.be\/wp-content\/uploads\/2025\/09\/WhatsApp-Image-2025-09-16-at-14.54.30-1536x1152.jpeg 1536w, https:\/\/www.justicepaix.be\/wp-content\/uploads\/2025\/09\/WhatsApp-Image-2025-09-16-at-14.54.30-16x12.jpeg 16w, https:\/\/www.justicepaix.be\/wp-content\/uploads\/2025\/09\/WhatsApp-Image-2025-09-16-at-14.54.30.jpeg 1600w\" sizes=\"(max-width: 1024px) 100vw, 1024px\" \/><\/figure>\n<\/div>\n\n\n\n<p><\/p>\n\n\n\n<p>Nous lui exprimons nos v\u0153ux de r\u00e9ussite et r\u00e9affirmons notre soutien pour que la CEJP poursuive, avec ses partenaires, son action en faveur de la justice, de la paix et de la vitalit\u00e9 de l\u2019espace civique au&nbsp;Burundi.<\/p>\n\n\n\n<p><\/p>\n\n\n\n<p><\/p>","protected":false},"excerpt":{"rendered":"<p>En voyage partenarial au&nbsp;Burundi, Justice &amp; Paix a rencontr\u00e9 \u00e0 Bujumbura la Commission \u00e9piscopale Justice et Paix (CEJP), partenaire de longue date et, depuis plus de dix-huit mois, actrice central du projet Civic Space, initiative soutenue par les Affaires \u00e9trang\u00e8res belges. Ce projet accompagne les femmes et les jeunes \u00e0 devenir actrices et acteurs de [&hellip;]<\/p>\n","protected":false},"author":63,"featured_media":30033,"comment_status":"open","ping_status":"open","sticky":false,"template":"","format":"standard","meta":{"_acf_changed":false,"_seopress_robots_primary_cat":"none","_seopress_titles_title":"","_seopress_titles_desc":"","_seopress_robots_index":"","footnotes":""},"categories":[2696],"tags":[2794,3048,2698,3237,3239],"class_list":["post-30030","post","type-post","status-publish","format-standard","has-post-thumbnail","hentry","category-actualites","tag-afrique-centrale","tag-belgique","tag-burundi","tag-espace-civique","tag-projets"],"acf":[],"_links":{"self":[{"href":"https:\/\/www.justicepaix.be\/en\/wp-json\/wp\/v2\/posts\/30030","targetHints":{"allow":["GET"]}}],"collection":[{"href":"https:\/\/www.justicepaix.be\/en\/wp-json\/wp\/v2\/posts"}],"about":[{"href":"https:\/\/www.justicepaix.be\/en\/wp-json\/wp\/v2\/types\/post"}],"author":[{"embeddable":true,"href":"https:\/\/www.justicepaix.be\/en\/wp-json\/wp\/v2\/users\/63"}],"replies":[{"embeddable":true,"href":"https:\/\/www.justicepaix.be\/en\/wp-json\/wp\/v2\/comments?post=30030"}],"version-history":[{"count":1,"href":"https:\/\/www.justicepaix.be\/en\/wp-json\/wp\/v2\/posts\/30030\/revisions"}],"predecessor-version":[{"id":30034,"href":"https:\/\/www.justicepaix.be\/en\/wp-json\/wp\/v2\/posts\/30030\/revisions\/30034"}],"wp:featuredmedia":[{"embeddable":true,"href":"https:\/\/www.justicepaix.be\/en\/wp-json\/wp\/v2\/media\/30033"}],"wp:attachment":[{"href":"https:\/\/www.justicepaix.be\/en\/wp-json\/wp\/v2\/media?parent=30030"}],"wp:term":[{"taxonomy":"category","embeddable":true,"href":"https:\/\/www.justicepaix.be\/en\/wp-json\/wp\/v2\/categories?post=30030"},{"taxonomy":"post_tag","embeddable":true,"href":"https:\/\/www.justicepaix.be\/en\/wp-json\/wp\/v2\/tags?post=30030"}],"curies":[{"name":"wp","href":"https:\/\/api.w.org\/{rel}","templated":true}]}}