{"id":30025,"date":"2025-09-17T16:56:25","date_gmt":"2025-09-17T14:56:25","guid":{"rendered":"https:\/\/www.justicepaix.be\/?p=30025"},"modified":"2025-09-17T16:56:28","modified_gmt":"2025-09-17T14:56:28","slug":"la-belgique-doit-condamner-fermement-les-sanctions-des-etats-unis-contre-les-organisations-palestiniennes-de-defense-des-droits-humains","status":"publish","type":"post","link":"https:\/\/www.justicepaix.be\/en\/la-belgique-doit-condamner-fermement-les-sanctions-des-etats-unis-contre-les-organisations-palestiniennes-de-defense-des-droits-humains\/","title":{"rendered":"La Belgique doit condamner fermement les sanctions des \u00c9tats-Unis contre les organisations palestiniennes de d\u00e9fense des droits humains"},"content":{"rendered":"\n<p><\/p>\n\n\n\n<p>D\u00e9claration commune de la soci\u00e9t\u00e9 civile belge sur les sanctions contre Al Haq, Al Mezan et PCHR<\/p>\n\n\n\n<p>[UPDATE 17\/09\/25 : Aujourd&rsquo;hui, le gouvernement belge, au travers des d\u00e9clarations de son Ministre des Affaires \u00e9trang\u00e8res, Maxime Pr\u00e9vot, a d\u00e9nonc\u00e9 ces sanctions \u00ab\u00a0profond\u00e9ment alarmantes\u00a0\u00bb et rappel\u00e9 que :<\/p>\n\n\n\n<p>\u00ab\u00a0La soci\u00e9t\u00e9 civile doit pouvoir jouer son r\u00f4le crucial dans les d\u00e9mocraties. L&rsquo;affaiblir, ainsi que la Cour, c&rsquo;est affaiblir notre capacit\u00e9 collective \u00e0 lutter contre l&rsquo;impunit\u00e9 et \u00e0 \u0153uvrer pour le respect du droit international.\u00a0\u00bb<\/p>\n\n\n\n<p>Esp\u00e9rons qu&rsquo;elle soit suivie d&rsquo;autres prises de parole de dirigeants europ\u00e9ens pour d\u00e9noncer cette attaque inacceptable des \u00c9tats-Unis contre le syst\u00e8me de justice international, et contre les organisations de d\u00e9fense des droits humains palestiniennes.<\/p>\n\n\n\n<p>Nous attendons \u00e9galement de l&rsquo;Union europ\u00e9enne qu&rsquo;elle active le statut de blocage pour prot\u00e9ger la CPI et celles et ceux qui collaborent avec elle.]<br><\/p>\n\n\n\n<figure class=\"wp-block-image size-large\"><img fetchpriority=\"high\" decoding=\"async\" width=\"1024\" height=\"576\" src=\"https:\/\/www.justicepaix.be\/wp-content\/uploads\/2025\/09\/three-logos-twitter-post-1757070-1024x576.jpg\" alt=\"\" class=\"wp-image-30028\" srcset=\"https:\/\/www.justicepaix.be\/wp-content\/uploads\/2025\/09\/three-logos-twitter-post-1757070-1024x576.jpg 1024w, https:\/\/www.justicepaix.be\/wp-content\/uploads\/2025\/09\/three-logos-twitter-post-1757070-300x169.jpg 300w, https:\/\/www.justicepaix.be\/wp-content\/uploads\/2025\/09\/three-logos-twitter-post-1757070-768x432.jpg 768w, https:\/\/www.justicepaix.be\/wp-content\/uploads\/2025\/09\/three-logos-twitter-post-1757070-1536x864.jpg 1536w, https:\/\/www.justicepaix.be\/wp-content\/uploads\/2025\/09\/three-logos-twitter-post-1757070-18x10.jpg 18w, https:\/\/www.justicepaix.be\/wp-content\/uploads\/2025\/09\/three-logos-twitter-post-1757070.jpg 1600w\" sizes=\"(max-width: 1024px) 100vw, 1024px\" \/><\/figure>\n\n\n\n<p><\/p>\n\n\n\n<p>Alors qu\u2019Isra\u00ebl commet un g\u00e9nocide dans la bande de Gaza et poursuit sans rel\u00e2che son annexion du territoire palestinien, les \u00c9tats-Unis tentent de r\u00e9duire au silence des acteurs qui veillent au respect du droit international et des droits humains en Palestine. Nous, organisations belges de la soci\u00e9t\u00e9 civile, condamnons fermement cette attaque des \u00c9tats-Unis contre le travail essentiel men\u00e9 par nos organisations partenaires en Palestine.<\/p>\n\n\n\n<p>Le 4 septembre dernier, les \u00c9tats-Unis ont pris des sanctions contre trois importantes organisations palestiniennes de d\u00e9fense des droits humains, Al Haq, Al Mezan et PCHR, justifi\u00e9es uniquement par leur contribution \u00e0 l\u2019enqu\u00eate de la Cour p\u00e9nale internationale sur la situation en Palestine. Les organisations vis\u00e9es ont \u00e9t\u00e9 ajout\u00e9es \u00e0 la liste \u00ab&nbsp;Specially designated nationals&nbsp;\u00bb (SDC) de l\u2019Office of Foreign Assets Control (OFAC) sur base du d\u00e9cret 14203 du 6 f\u00e9vrier 2025 sanctionnant la Cour p\u00e9nale internationale.<\/p>\n\n\n\n<p>Ces sanctions sont la suite de l\u2019attaque brutale men\u00e9e par les \u00c9tats-Unis contre la Cour p\u00e9nale internationale et les autres m\u00e9canismes internationaux charg\u00e9s de garantir le respect du droit international humanitaire et des droits humains. Elles font suite \u00e0 des sanctions \u00e9tats-uniennes contre le procureur et plusieurs juges de la Cour p\u00e9nale internationale ainsi que contre la Rapporteuse sp\u00e9ciale des Nations Unies, Francesca Albanese.<\/p>\n\n\n\n<p>Les trois organisations palestiniennes vis\u00e9es m\u00e8nent, depuis des d\u00e9cennies, un travail essentiel de documentation des violations commises dans le territoire palestinien occup\u00e9. Ce travail est d\u2019autant plus important \u00e0 l\u2019heure o\u00f9 les organisations internationales et les m\u00e9dias sont \u00e0 peine, voire pas, autoris\u00e9s \u00e0 entrer dans la bande de Gaza.<\/p>\n\n\n\n<p>Ces sanctions sont par ailleurs un nouveau coup port\u00e9 contre la soci\u00e9t\u00e9 civile palestinienne, qui repr\u00e9sente pourtant un des derniers remparts prot\u00e9geant le peuple palestinien contre les politiques g\u00e9nocidaires et annexionnistes isra\u00e9liennes. Une telle attaque contre la soci\u00e9t\u00e9 civile participe \u00e9galement au g\u00e9nocide en cours, en essayant de faire disparaitre l\u2019un des facteurs de la r\u00e9silience du peuple palestinien.<\/p>\n\n\n\n<p>Nous, organisations belges de la soci\u00e9t\u00e9 civile, nous d\u00e9clarons solidaires de nos partenaires palestiniens et rappelons le r\u00f4le crucial qu\u2019ils jouent pour documenter les crimes commis en Palestine. Nous appelons le gouvernement belge \u00e0 cat\u00e9goriquement condamner les sanctions \u00e9tats-uniennes. Nous lui demandons plus sp\u00e9cifiquement de&nbsp;:<\/p>\n\n\n\n<ul class=\"wp-block-list\">\n<li>Exiger de l\u2019Union europ\u00e9enne qu\u2019elle active le statut de blocage pour prot\u00e9ger le travail de la Cour p\u00e9nale internationale et des personnes et organisations qui travaillent avec elle\u00a0;<\/li>\n\n\n\n<li>Soutenir politiquement les organisations vis\u00e9es par des d\u00e9clarations publiques, notamment au sein des enceintes internationales dont la Belgique est membre, Assembl\u00e9e g\u00e9n\u00e9rale des Nations Unies, Conseil des droits de l\u2019homme\u00a0;<\/li>\n\n\n\n<li>Continuer \u00e0 soutenir financi\u00e8rement la soci\u00e9t\u00e9 civile palestinienne.<\/li>\n<\/ul>\n\n\n\n<hr class=\"wp-block-separator has-alpha-channel-opacity\"\/>\n\n\n\n<p><strong>Organisations signataires&nbsp;<\/strong>&nbsp;: 11.11.11&nbsp;; Association Belgo-Palestinienne&nbsp;; BA4P\/BACBI&nbsp;; Beitna&nbsp;; Broederlijk Delen&nbsp;; CNCD-11.11.11&nbsp;; De-Colonizer&nbsp;; Entraide &amp; Fraternit\u00e9&nbsp;; Gaza Group GCDG&nbsp;; Intal&nbsp;; Justice &amp; Paix&nbsp;; Palestina Solidariteit vzw&nbsp;; Pax Christi Vlaanderen&nbsp;; SB Overseas&nbsp;; SolSoc&nbsp;; Union des progressistes juifs de Belgique&nbsp;; Viva Salud&nbsp;; Vrede vzw&nbsp;; Vredesactie.<\/p>\n","protected":false},"excerpt":{"rendered":"<p>D\u00e9claration commune de la soci\u00e9t\u00e9 civile belge sur les sanctions contre Al Haq, Al Mezan et PCHR [UPDATE 17\/09\/25 : Aujourd&rsquo;hui, le gouvernement belge, au travers des d\u00e9clarations de son Ministre des Affaires \u00e9trang\u00e8res, Maxime Pr\u00e9vot, a d\u00e9nonc\u00e9 ces sanctions \u00ab\u00a0profond\u00e9ment alarmantes\u00a0\u00bb et rappel\u00e9 que : \u00ab\u00a0La soci\u00e9t\u00e9 civile doit pouvoir jouer son r\u00f4le crucial [&hellip;]<\/p>\n","protected":false},"author":63,"featured_media":30028,"comment_status":"open","ping_status":"open","sticky":false,"template":"","format":"standard","meta":{"_acf_changed":false,"_seopress_robots_primary_cat":"none","_seopress_titles_title":"","_seopress_titles_desc":"","_seopress_robots_index":"","footnotes":""},"categories":[2696,2720,2721],"tags":[2831,3048,2824,3236,2825],"class_list":["post-30025","post","type-post","status-publish","format-standard","has-post-thumbnail","hentry","category-actualites","category-communiques-de-presse","category-plaidoyer-politique","tag-acteurs-economiques","tag-belgique","tag-droits-humains","tag-gaza","tag-prevention-des-conflits"],"acf":[],"_links":{"self":[{"href":"https:\/\/www.justicepaix.be\/en\/wp-json\/wp\/v2\/posts\/30025","targetHints":{"allow":["GET"]}}],"collection":[{"href":"https:\/\/www.justicepaix.be\/en\/wp-json\/wp\/v2\/posts"}],"about":[{"href":"https:\/\/www.justicepaix.be\/en\/wp-json\/wp\/v2\/types\/post"}],"author":[{"embeddable":true,"href":"https:\/\/www.justicepaix.be\/en\/wp-json\/wp\/v2\/users\/63"}],"replies":[{"embeddable":true,"href":"https:\/\/www.justicepaix.be\/en\/wp-json\/wp\/v2\/comments?post=30025"}],"version-history":[{"count":1,"href":"https:\/\/www.justicepaix.be\/en\/wp-json\/wp\/v2\/posts\/30025\/revisions"}],"predecessor-version":[{"id":30029,"href":"https:\/\/www.justicepaix.be\/en\/wp-json\/wp\/v2\/posts\/30025\/revisions\/30029"}],"wp:featuredmedia":[{"embeddable":true,"href":"https:\/\/www.justicepaix.be\/en\/wp-json\/wp\/v2\/media\/30028"}],"wp:attachment":[{"href":"https:\/\/www.justicepaix.be\/en\/wp-json\/wp\/v2\/media?parent=30025"}],"wp:term":[{"taxonomy":"category","embeddable":true,"href":"https:\/\/www.justicepaix.be\/en\/wp-json\/wp\/v2\/categories?post=30025"},{"taxonomy":"post_tag","embeddable":true,"href":"https:\/\/www.justicepaix.be\/en\/wp-json\/wp\/v2\/tags?post=30025"}],"curies":[{"name":"wp","href":"https:\/\/api.w.org\/{rel}","templated":true}]}}