{"id":29993,"date":"2025-08-20T10:56:17","date_gmt":"2025-08-20T08:56:17","guid":{"rendered":"https:\/\/www.justicepaix.be\/?p=29993"},"modified":"2025-08-27T14:27:54","modified_gmt":"2025-08-27T12:27:54","slug":"palestine-des-paroles-steriles-sont-pires-que-le-silence-complice-agissez-aujourdhui","status":"publish","type":"post","link":"https:\/\/www.justicepaix.be\/en\/palestine-des-paroles-steriles-sont-pires-que-le-silence-complice-agissez-aujourdhui\/","title":{"rendered":"Palestine &#8211; Des paroles st\u00e9riles sont pires que le silence complice : agissez aujourd\u2019hui !"},"content":{"rendered":"\n<p><\/p>\n\n\n\n<h2 class=\"wp-block-heading\"><strong>De nombreuses personnalit\u00e9s et associations belges exhortent le gouvernement belge \u00e0 sortir de l&rsquo;inaction concernant le g\u00e9nocide \u00e0 Gaza<\/strong><\/h2>\n\n\n\n<p>Nous assistons depuis de nombreux mois au premier g\u00e9nocide t\u00e9l\u00e9vis\u00e9 de l&rsquo;histoire. En Belgique une majorit\u00e9 \u00e9crasante de la population demande des sanctions imm\u00e9diates et une action r\u00e9solue pour faire cesser les crimes contre l&rsquo;humanit\u00e9 et l\u2019utilisation de la famine comme arme de guerre. Ce ne sont pas seulement les images et les \u00e9motions, ou les appels des Palestinien-nes, mais aussi les chiffres, les rapports officiels et les positions des plus hautes juridictions internationales qui mobilisent la grande majorit\u00e9 de nos concitoyens. Et m\u00eame des organisations isra\u00e9liennes qualifient ce qui se passe de g\u00e9nocide [1] !<\/p>\n\n\n\n<p><\/p>\n\n\n\n<p><strong>Lisez l&rsquo;appel complet ci-dessous<\/strong><\/p>\n\n\n\n<div data-wp-interactive=\"core\/file\" class=\"wp-block-file\"><object data-wp-bind--hidden=\"!state.hasPdfPreview\" hidden class=\"wp-block-file__embed\" data=\"https:\/\/www.justicepaix.be\/wp-content\/uploads\/2025\/08\/25-08-01-GazArizona-motion-final-cut.docx.pdf\" type=\"application\/pdf\" style=\"width:100%;height:600px\" aria-label=\"Embed of 25 08 01 GazArizona motion final cut.docx.\"><\/object><a id=\"wp-block-file--media-417bd99a-ebae-4806-85f8-cd24b33a1bf9\" href=\"https:\/\/www.justicepaix.be\/wp-content\/uploads\/2025\/08\/25-08-01-GazArizona-motion-final-cut.docx.pdf\">25 08 01 GazArizona motion final cut.docx<\/a><a href=\"https:\/\/www.justicepaix.be\/wp-content\/uploads\/2025\/08\/25-08-01-GazArizona-motion-final-cut.docx.pdf\" class=\"wp-block-file__button wp-element-button\" download aria-describedby=\"wp-block-file--media-417bd99a-ebae-4806-85f8-cd24b33a1bf9\">T\u00e9l\u00e9charger<\/a><\/div>\n\n\n\n<p><\/p>\n\n\n\n<p>[1] Par exemple : B\u2019Tselem ou \u201cPhysicians for human rights\u201d<\/p>\n\n\n\n<p><\/p>\n","protected":false},"excerpt":{"rendered":"<p>De nombreuses personnalit\u00e9s et associations belges exhortent le gouvernement belge \u00e0 sortir de l&rsquo;inaction concernant le g\u00e9nocide \u00e0 Gaza Nous assistons depuis de nombreux mois au premier g\u00e9nocide t\u00e9l\u00e9vis\u00e9 de l&rsquo;histoire. En Belgique une majorit\u00e9 \u00e9crasante de la population demande des sanctions imm\u00e9diates et une action r\u00e9solue pour faire cesser les crimes contre l&rsquo;humanit\u00e9 et [&hellip;]<\/p>\n","protected":false},"author":63,"featured_media":29996,"comment_status":"open","ping_status":"open","sticky":false,"template":"","format":"standard","meta":{"_acf_changed":false,"_seopress_robots_primary_cat":"none","_seopress_titles_title":"","_seopress_titles_desc":"","_seopress_robots_index":"","footnotes":""},"categories":[2696,2721],"tags":[],"class_list":["post-29993","post","type-post","status-publish","format-standard","has-post-thumbnail","hentry","category-actualites","category-plaidoyer-politique"],"acf":[],"_links":{"self":[{"href":"https:\/\/www.justicepaix.be\/en\/wp-json\/wp\/v2\/posts\/29993","targetHints":{"allow":["GET"]}}],"collection":[{"href":"https:\/\/www.justicepaix.be\/en\/wp-json\/wp\/v2\/posts"}],"about":[{"href":"https:\/\/www.justicepaix.be\/en\/wp-json\/wp\/v2\/types\/post"}],"author":[{"embeddable":true,"href":"https:\/\/www.justicepaix.be\/en\/wp-json\/wp\/v2\/users\/63"}],"replies":[{"embeddable":true,"href":"https:\/\/www.justicepaix.be\/en\/wp-json\/wp\/v2\/comments?post=29993"}],"version-history":[{"count":2,"href":"https:\/\/www.justicepaix.be\/en\/wp-json\/wp\/v2\/posts\/29993\/revisions"}],"predecessor-version":[{"id":30002,"href":"https:\/\/www.justicepaix.be\/en\/wp-json\/wp\/v2\/posts\/29993\/revisions\/30002"}],"wp:featuredmedia":[{"embeddable":true,"href":"https:\/\/www.justicepaix.be\/en\/wp-json\/wp\/v2\/media\/29996"}],"wp:attachment":[{"href":"https:\/\/www.justicepaix.be\/en\/wp-json\/wp\/v2\/media?parent=29993"}],"wp:term":[{"taxonomy":"category","embeddable":true,"href":"https:\/\/www.justicepaix.be\/en\/wp-json\/wp\/v2\/categories?post=29993"},{"taxonomy":"post_tag","embeddable":true,"href":"https:\/\/www.justicepaix.be\/en\/wp-json\/wp\/v2\/tags?post=29993"}],"curies":[{"name":"wp","href":"https:\/\/api.w.org\/{rel}","templated":true}]}}