{"id":29899,"date":"2025-07-14T15:46:32","date_gmt":"2025-07-14T13:46:32","guid":{"rendered":"https:\/\/www.justicepaix.be\/?p=29899"},"modified":"2025-07-14T15:46:35","modified_gmt":"2025-07-14T13:46:35","slug":"a-lombre-des-urnes-ce-que-la-democratie-ne-montre-pas","status":"publish","type":"post","link":"https:\/\/www.justicepaix.be\/en\/a-lombre-des-urnes-ce-que-la-democratie-ne-montre-pas\/","title":{"rendered":"\u00c0 l\u2019ombre des urnes : ce que la d\u00e9mocratie ne montre pas"},"content":{"rendered":"\n<p>La d\u00e9mocratie d\u00e9signe un mode d\u2019organisation sociale dans lequel le pouvoir est entre les mains de tous\u00b7tes les participant\u00b7es. L\u2019id\u00e9al d\u00e9mocratique est s\u00e9duisant en principe, mais en pratique il est difficile \u00e0 mettre en place, surtout \u00e0 grande \u00e9chelle. Aujourd\u2019hui, la plupart des nations du monde s\u2019inscrivent dans un mod\u00e8le de d\u00e9mocratie repr\u00e9sentative, c\u2019est-\u00e0-dire, un mod\u00e8le o\u00f9 les citoyen\u00b7nes \u00e9lisent des repr\u00e9sentant\u00b7es \u00e0 qui reviennent le pouvoir. Cette analyse propose la visibilisation d\u2019un certain nombre de faiblesses dont fait preuve ce mod\u00e8le \u00e0 l\u2019heure actuelle.<\/p>\n\n\n\n<div class=\"wp-block-cover\"><img fetchpriority=\"high\" decoding=\"async\" width=\"1024\" height=\"683\" class=\"wp-block-cover__image-background wp-image-29902\" alt=\"\" src=\"https:\/\/www.justicepaix.be\/wp-content\/uploads\/2025\/07\/Photo2-1024x683.jpg\" data-object-fit=\"cover\" srcset=\"https:\/\/www.justicepaix.be\/wp-content\/uploads\/2025\/07\/Photo2-1024x683.jpg 1024w, https:\/\/www.justicepaix.be\/wp-content\/uploads\/2025\/07\/Photo2-300x200.jpg 300w, https:\/\/www.justicepaix.be\/wp-content\/uploads\/2025\/07\/Photo2-768x512.jpg 768w, https:\/\/www.justicepaix.be\/wp-content\/uploads\/2025\/07\/Photo2-1536x1025.jpg 1536w, https:\/\/www.justicepaix.be\/wp-content\/uploads\/2025\/07\/Photo2-18x12.jpg 18w, https:\/\/www.justicepaix.be\/wp-content\/uploads\/2025\/07\/Photo2.jpg 1920w\" sizes=\"(max-width: 1024px) 100vw, 1024px\" \/><span aria-hidden=\"true\" class=\"wp-block-cover__background has-background-dim\"><\/span><div class=\"wp-block-cover__inner-container is-layout-flow wp-block-cover-is-layout-flow\">\n<p class=\"has-text-align-center has-large-font-size\"><\/p>\n<\/div><\/div>\n\n\n\n<p><\/p>\n\n\n\n<h2 class=\"wp-block-heading\"><strong>L&rsquo;exp\u00e9rience d\u2019un citoyen belge face aux limites de la d\u00e9mocratie repr\u00e9sentative<\/strong><\/h2>\n\n\n\n<p>Je souhaite partir d\u2019une exp\u00e9rience personnelle, non pas parce qu\u2019elle est exceptionnelle, mais au contraire parce qu\u2019elle me semble repr\u00e9sentative d\u2019un v\u00e9cu courant parmi de nombreux\u00b7ses citoyen\u00b7nes belges. Cette exp\u00e9rience interroge l\u2019accessibilit\u00e9 r\u00e9elle des espaces d\u00e9mocratiques au quotidien.<\/p>\n\n\n\n<p>Le 13 octobre 2024, je participe pour la premi\u00e8re fois aux \u00e9lections communales dans ma ville de r\u00e9sidence. Dans l\u2019id\u00e9e d\u2019exercer cette responsabilit\u00e9 citoyenne de mani\u00e8re \u00e9clair\u00e9e, une pr\u00e9paration en amont s\u2019imposait. Malheureusement, d\u00e8s les premi\u00e8res recherches, il s\u2019av\u00e8re que les noms figurant sur les listes de candidat\u00b7es me sont pratiquement tous inconnus. Cela soul\u00e8ve une premi\u00e8re question : comment faire un choix pertinent sans conna\u00eetre les personnes qui sont en lice ?<\/p>\n\n\n\n<p>Les recherches se poursuivent sur Internet. Certaines listes sans \u00e9tiquette politique disposent d\u2019une page Facebook, d\u2019autres n\u2019ont aucune pr\u00e9sence en ligne. L\u2019attention se porte alors naturellement sur les listes li\u00e9es aux plus grands partis politiques. Tr\u00e8s vite, un sentiment de flou s\u2019installe : au lieu de d\u00e9couvrir des individus et des engagements concrets, <strong>l\u2019on trouve des slogans percutants et des positions g\u00e9n\u00e9rales sur les grandes probl\u00e9matiques soci\u00e9tales, parfois d\u00e9connect\u00e9es des r\u00e9alit\u00e9s locales.<\/strong><\/p>\n\n\n\n<p>Le d\u00e9bat de la RTBF entre les pr\u00e9sident\u00b7es des principaux partis wallons suscite rejet et adh\u00e9sion, sans m\u2019aider \u00e0 op\u00e9rer un choix. Le d\u00e9bat semblait davantage refl\u00e9ter la polarisation nationale plut\u00f4t que permettre une v\u00e9ritable appropriation citoyenne du scrutin \u00e0 venir.<\/p>\n\n\n\n<p>Dans mon entourage, les discussions n\u2019\u00e9taient pas plus rassurantes. Les personnes interrog\u00e9es montrent peu d\u2019enthousiasme \u00e0 \u00e9changer sur ce sujet : certaines affichent une lassitude vis-\u00e0-vis des promesses \u00e9lectorales, d\u2019autres un d\u00e9sint\u00e9r\u00eat prononc\u00e9, voire une ignorance assum\u00e9e. <strong>Quelques personnes affirment des intentions claires, souvent motiv\u00e9es par tel scandale r\u00e9cent ou par opposition de principe, plut\u00f4t que par adh\u00e9sion r\u00e9fl\u00e9chie \u00e0 un programme.<\/strong><\/p>\n\n\n\n<p>Le jour du vote, un sentiment d\u2019insatisfaction persiste. Le processus \u00e9lectoral culminait ainsi en un choix de personnes inconnues, que l\u2019on ne rencontrerait peut-\u00eatre jamais, sur la seule base d\u2019une affiliation politique. Un choix sans nuance et sans garantie.<\/p>\n\n\n\n<p>Selon moi, cette exp\u00e9rience r\u00e9v\u00e8le <strong>les limites d\u2019un syst\u00e8me repr\u00e9sentatif o\u00f9 l\u2019information est fragment\u00e9e, l\u2019engagement souvent impersonnel, et la participation r\u00e9duite \u00e0 un acte ponctuel, d\u00e9connect\u00e9e d\u2019un dialogue continu entre \u00e9lu\u00b7es et citoyen\u00b7nes.<\/strong><\/p>\n\n\n\n<h2 class=\"wp-block-heading\"><strong>Repr\u00e9senter versus repr\u00e9senter<\/strong><\/h2>\n\n\n\n<p>Une nuance fondamentale \u00e0 apporter \u00e0 cette discussion porte sur la double signification de la repr\u00e9sentation. D\u2019une part, il y a la repr\u00e9sentation en tant que r\u00f4le, celui attribu\u00e9 par les \u00e9lecteur\u00b7rices. Et d\u2019autre part, il y a la repr\u00e9sentation en tant que qualit\u00e9, on pourrait parler de repr\u00e9sentation effective, pour signifier le degr\u00e9 de fid\u00e9lit\u00e9 avec lequel un\u00b7e repr\u00e9sentant\u00b7e joue son r\u00f4le.<\/p>\n\n\n\n<p>Dans l\u2019id\u00e9al du mod\u00e8le de la d\u00e9mocratie repr\u00e9sentative, les \u00e9lecteur\u00b7rices choisissent des repr\u00e9sentant\u00b7es qui leur ressemblent. En effet, <strong>nous nous sentons habituellement pr\u00eat\u00b7es \u00e0 d\u00e9l\u00e9guer du pouvoir aux personnes auxquelles nous nous identifions<\/strong>, puisqu\u2019elles d\u00e9fendent, en principe, les m\u00eames valeurs et les m\u00eames int\u00e9r\u00eats.<\/p>\n\n\n\n<p>En pratique, cet objectif est difficile \u00e0 atteindre, surtout lorsque la fonction de repr\u00e9sentation se joue \u00e0 une \u00e9chelle importante. Deux obstacles majeurs se pr\u00e9sentent. Le premier est que dans le monde globalis\u00e9 d\u2019aujourd\u2019hui, la pluralit\u00e9 des communaut\u00e9s locales est probablement plus grande qu\u2019elle ne l\u2019a jamais \u00e9t\u00e9, <strong>et toute action men\u00e9e affecte potentiellement le monde entier, en raison de la complexit\u00e9 des liens qui existent entre les nations.<\/strong> Il est donc impossible, m\u00eame pour une poign\u00e9e de personnes bien choisies, de bien refl\u00e9ter la totalit\u00e9 des identit\u00e9s et des int\u00e9r\u00eats. Le second est que les personnes qui trouvent les opportunit\u00e9s d\u2019exercer une fonction de repr\u00e9sentation \u00e0 grande \u00e9chelle appartiennent g\u00e9n\u00e9ralement \u00e0 des tranches de population ais\u00e9e, avec un niveau d\u2019\u00e9ducation important, et b\u00e9n\u00e9ficiant souvent encore d\u2019autres avantages inn\u00e9s ou li\u00e9s \u00e0 leur environnement. Ces personnes perdent ainsi en l\u00e9gitimit\u00e9 aux yeux d\u2019un nombre important de minorit\u00e9s, en particulier des plus d\u00e9favoris\u00e9es.<\/p>\n\n\n\n<p>L\u2019imperfection de la repr\u00e9sentativit\u00e9 effective est un compromis faisant partie du contrat de la d\u00e9mocratie repr\u00e9sentative, mais cela doit rester un objectif \u00e0 poursuivre. <strong>En Belgique, par exemple, il reste encore beaucoup de marge de progression.<\/strong> Rappelons \u00e0 cet \u00e9gard que la pr\u00e9sence des femmes au sein des organes politiques au cours des 30 derni\u00e8res ann\u00e9es (bien qu\u2019en hausse suite aux \u00e9lections de 2024) ne refl\u00e8te pas leur proportion au sein de la population. Et on ne peut pas dire qu\u2019il s\u2019agit l\u00e0 d\u2019une minorit\u00e9&nbsp;!<a href=\"#_ftn1\" id=\"_ftnref1\">[1]<\/a><\/p>\n\n\n\n<h2 class=\"wp-block-heading\"><strong>L\u2019influence des r\u00e9seaux sociaux<\/strong><\/h2>\n\n\n\n<p>Une nouveaut\u00e9 dans le paysage politique de ces derni\u00e8res ann\u00e9es est le d\u00e9veloppement de la pr\u00e9sence politique en ligne. Dans son ouvrage \u00ab&nbsp;<em>Les ing\u00e9nieurs du chaos&nbsp;\u00bb<\/em>, Giuliano da Empoli d\u00e9crit plusieurs m\u00e9canismes sous-jacents \u00e0 la mont\u00e9e des extr\u00eames partout dans le monde, et met en lumi\u00e8re <strong>l\u2019utilisation strat\u00e9gique des r\u00e9seaux sociaux.<\/strong><\/p>\n\n\n\n<p>Le principe est assez simple \u00e0 expliquer. Sur la plupart des plateformes populaires, comme par exemple <em>X<\/em> (anciennement <em>Twitter<\/em>), <em>Instagram<\/em>, <em>TikTok<\/em> ou encore <em>YouTube<\/em>, les utilisateur\u00b7rices se voient conseill\u00e9\u00b7es en mati\u00e8re de contenu par des algorithmes de recommandation. Ces algorithmes sont optimis\u00e9s pour avoir le meilleur taux de r\u00e9tention d\u2019audience, puisque la plupart de ces plateformes sont gratuites, et font profit sur base de la publicit\u00e9. On comprend ainsi l\u2019int\u00e9r\u00eat qu\u2019elles ont \u00e0 maintenir leurs consommateur\u00b7rices connect\u00e9\u00b7es autant que possible.<\/p>\n\n\n\n<p>Une recommandation de contenu pertinente augmente \u00e9videmment le taux de r\u00e9tention, mais <strong>il s\u2019av\u00e8re que le contenu suscitant des r\u00e9actions \u00e9motionnelles fortes engendre beaucoup plus d\u2019engagement<\/strong>. Par exemple, une affirmation controvers\u00e9e fera l\u2019objet de plus de commentaires. Par ailleurs, plus le contenu est inflammable, plus il se propage rapidement. Aujourd\u2019hui, ces algorithmes ont une tendance d\u00e9sormais bien connue&nbsp;: tourner les utilisateur\u00b7rices vers du contenu \u00ab&nbsp;extr\u00eame&nbsp;\u00bb.<\/p>\n\n\n\n<p>Deux cons\u00e9quences imm\u00e9diates de ce m\u00e9canisme sont les suivantes. D\u2019une part, le contenu extr\u00eame est survisibilis\u00e9, et <strong>les personnes se retrouvent facilement enferm\u00e9es dans des bulles consensuelles<\/strong> \u00e0 l\u2019int\u00e9rieur desquelles cela semble tout \u00e0 fait acceptable. D\u2019autre part, cela ouvre la porte \u00e0 <strong>une strat\u00e9gie de ciblage \u00e9lectoral.<\/strong> Un parti politique peut par exemple diffuser du contenu fabriqu\u00e9 sur mesure pour diff\u00e9rents types de profils d\u2019internautes, bien que le discours global soit en contradiction totale. Cela permet notamment \u00e0 des formations politiques aux valeurs extr\u00eames de rallier des communaut\u00e9s bien pr\u00e9cises \u00e0 leur cause, comme l\u2019exemple des <em>gamers<\/em> aux \u00c9tats-Unis.<a href=\"#_ftn2\" id=\"_ftnref2\">[2]<\/a><\/p>\n\n\n\n<p>Il est important de rappeler que ce n\u2019est pas la premi\u00e8re fois qu\u2019une technologie affecte la perception individuelle du paysage politique. La presse \u00e9crite, par exemple, a \u00e9t\u00e9 la r\u00e9f\u00e9rence en mati\u00e8re d\u2019information et de communication politique pendant tr\u00e8s longtemps. La nouveaut\u00e9 aujourd\u2019hui se trouve peut-\u00eatre dans le volume et la vitesse avec laquelle circule l\u2019information.<\/p>\n\n\n\n<h2 class=\"wp-block-heading\"><strong>Les nouveaux contestataires<\/strong><\/h2>\n\n\n\n<p>S\u2019ajoute \u00e0 cela l\u2019apparition de nouveaux contestataires, qui profitent de la fragilisation de la d\u00e9mocratie repr\u00e9sentative. Partout en Europe, l\u2019on assiste \u00e0 une mont\u00e9e du nationalisme, qui se l\u00e9gitime en revendiquant qu\u2019il repr\u00e9sente une majorit\u00e9 de la population. C\u2019est un positionnement d\u00e9licat puisqu\u2019il tente de l\u00e9gitimer de nouvelles formes de violence et de r\u00e9pression des minorit\u00e9s au nom de la d\u00e9mocratie. Ce rapport de pouvoir de la majorit\u00e9 est en contradiction avec l\u2019essence m\u00eame de la d\u00e9mocratie, et de mauvais augure. Comme le disait si bien Albert Camus, \u00ab&nbsp;<em>La d\u00e9mocratie, ce n\u2019est pas la loi de la majorit\u00e9, mais la protection de la minorit\u00e9&nbsp;\u00bb<\/em>.<\/p>\n\n\n\n<p>Aux \u00c9tats-Unis, c\u2019est la figure embl\u00e9matique du pr\u00e9sident Donald Trump qui incarne la nouvelle vague de contestation de la d\u00e9mocratie. On se souvient par exemple de la tentative de prise de la Maison-Blanche le 6 janvier 2021 par ses supporteur\u00b7rices, suivant sa d\u00e9faite aux \u00e9lections pr\u00e9sidentielles quelques semaines auparavant. Il maintenait en public un discours selon lequel le r\u00e9sultat des \u00e9lections avait \u00e9t\u00e9 manipul\u00e9 en sa d\u00e9faveur. Cet exemple est frappant, \u00e9tant donn\u00e9 que les \u00c9tats-Unis figurent parmi les nations historiques ayant d\u00e9fendu la d\u00e9mocratie.<\/p>\n\n\n\n<p>Depuis sa r\u00e9-investiture le 5 janvier 2025, il semblerait qu\u2019une lib\u00e9ration de la parole s\u2019op\u00e8re partout dans le monde, en d\u00e9pit des progr\u00e8s en mati\u00e8re de protection sociale. Il en r\u00e9sulte un rejet de l\u2019espace d\u00e9mocratique, puisque les minorit\u00e9s ne sont pas effectivement repr\u00e9sent\u00e9es, et que leur \u00e9crasement se fait au nom d\u2019une majorit\u00e9 d\u00e9sint\u00e9ress\u00e9e.<\/p>\n\n\n\n<h2 class=\"wp-block-heading\"><strong>Comment restaurer la d\u00e9mocratie&nbsp;?<\/strong><\/h2>\n\n\n\n<p>L\u2019enjeu est de taille, surtout \u00e0 l\u2019\u00e9chelle des nations. Il faut prendre soin des espaces authentiquement d\u00e9mocratiques, et cela commence d\u00e9j\u00e0 \u00e0 l\u2019\u00e9chelle locale. Se r\u00e9approprier ces espaces est aussi l\u2019occasion pour les jeunes citoyen\u00b7nes europ\u00e9en\u00b7nes qui n\u2019ont pas connu les r\u00e9gimes autoritaires du 20<sup>\u00e8me<\/sup> si\u00e8cle de prendre conscience <strong>de la fragilit\u00e9 de la d\u00e9mocratie, et du fait que l\u2019on ne peut jamais la prendre pour acquise.<\/strong><\/p>\n\n\n\n<p>Il me semble que l\u2019action sociale est un moyen crucial pour maintenir une d\u00e9mocratie repr\u00e9sentative. \u00c0 une \u00e9poque o\u00f9 nous sommes de plus en plus isol\u00e9\u00b7es, il faut redoubler d\u2019efforts pour continuer d\u2019inclure les minorit\u00e9s dans les espaces de citoyennet\u00e9 dont elles sont trop souvent exclues. Une vraie prise de conscience des difficult\u00e9s rencontr\u00e9es par ces personnes exige d\u2019aller \u00e0 leur rencontre et de faire preuve de solidarit\u00e9.<\/p>\n\n\n\n<p><strong>Il est de la responsabilit\u00e9 de la majorit\u00e9 de faire entendre la voix des personnes oubli\u00e9es, et de renoncer au confort que leur conf\u00e8rent les nouveaux rapports de force.<\/strong><\/p>\n\n\n\n<p><strong>Alex Lou\u00e9.<\/strong><\/p>\n\n\n\n<hr class=\"wp-block-separator has-alpha-channel-opacity\"\/>\n\n\n\n<p><a href=\"#_ftnref1\" id=\"_ftn1\">[1]<\/a> <a href=\"https:\/\/igvm-iefh.belgium.be\/fr\/themes\/prise-de-decision-politique\/chiffres\">https:\/\/igvm-iefh.belgium.be\/fr\/themes\/prise-de-decision-politique\/chiffres<\/a><\/p>\n\n\n\n<p><a href=\"#_ftnref2\" id=\"_ftn2\">[2]<\/a> <a href=\"https:\/\/edition.cnn.com\/2025\/03\/23\/us\/gamergate-harassment-reddit-twitter-cec\">https:\/\/edition.cnn.com\/2025\/03\/23\/us\/gamergate-harassment-reddit-twitter-cec<\/a><\/p>\n\n\n\n<p><\/p>\n","protected":false},"excerpt":{"rendered":"<p>Ce texte est une analyse critique de la d\u00e9mocratie repr\u00e9sentative \u00e0 partir d\u2019une exp\u00e9rience citoyenne belge et des d\u00e9fis contemporains<\/p>","protected":false},"author":57,"featured_media":29902,"comment_status":"open","ping_status":"open","sticky":false,"template":"","format":"standard","meta":{"_acf_changed":false,"_seopress_robots_primary_cat":"none","_seopress_titles_title":"","_seopress_titles_desc":"","_seopress_robots_index":"","footnotes":""},"categories":[2696,2722,2719],"tags":[2802,2835,3134,2805,3232],"class_list":["post-29899","post","type-post","status-publish","format-standard","has-post-thumbnail","hentry","category-actualites","category-articles-nos-publications","category-nos-publications","tag-bonne-gouvernance","tag-democratie","tag-enjeux-de-paix","tag-geopolitique","tag-organisation-internationale"],"acf":[],"_links":{"self":[{"href":"https:\/\/www.justicepaix.be\/en\/wp-json\/wp\/v2\/posts\/29899","targetHints":{"allow":["GET"]}}],"collection":[{"href":"https:\/\/www.justicepaix.be\/en\/wp-json\/wp\/v2\/posts"}],"about":[{"href":"https:\/\/www.justicepaix.be\/en\/wp-json\/wp\/v2\/types\/post"}],"author":[{"embeddable":true,"href":"https:\/\/www.justicepaix.be\/en\/wp-json\/wp\/v2\/users\/57"}],"replies":[{"embeddable":true,"href":"https:\/\/www.justicepaix.be\/en\/wp-json\/wp\/v2\/comments?post=29899"}],"version-history":[{"count":1,"href":"https:\/\/www.justicepaix.be\/en\/wp-json\/wp\/v2\/posts\/29899\/revisions"}],"predecessor-version":[{"id":29903,"href":"https:\/\/www.justicepaix.be\/en\/wp-json\/wp\/v2\/posts\/29899\/revisions\/29903"}],"wp:featuredmedia":[{"embeddable":true,"href":"https:\/\/www.justicepaix.be\/en\/wp-json\/wp\/v2\/media\/29902"}],"wp:attachment":[{"href":"https:\/\/www.justicepaix.be\/en\/wp-json\/wp\/v2\/media?parent=29899"}],"wp:term":[{"taxonomy":"category","embeddable":true,"href":"https:\/\/www.justicepaix.be\/en\/wp-json\/wp\/v2\/categories?post=29899"},{"taxonomy":"post_tag","embeddable":true,"href":"https:\/\/www.justicepaix.be\/en\/wp-json\/wp\/v2\/tags?post=29899"}],"curies":[{"name":"wp","href":"https:\/\/api.w.org\/{rel}","templated":true}]}}