{"id":29893,"date":"2025-07-14T11:51:24","date_gmt":"2025-07-14T09:51:24","guid":{"rendered":"https:\/\/www.justicepaix.be\/?p=29893"},"modified":"2025-07-14T15:53:14","modified_gmt":"2025-07-14T13:53:14","slug":"le-droit-face-aux-rapports-de-force-internationaux","status":"publish","type":"post","link":"https:\/\/www.justicepaix.be\/en\/le-droit-face-aux-rapports-de-force-internationaux\/","title":{"rendered":"Le droit face aux rapports de force internationaux"},"content":{"rendered":"\n<p>L\u2019ordre international connait de jour en jour des \u00e9pisodes de tensions entre \u00c9tats en raison des rapports de pouvoir ou de force toujours croissants et conflictuels, sans que le droit dont la fonction est de les r\u00e9guler ne puisse y jouer pleinement son r\u00f4le. Cette r\u00e9flexion se propose d\u2019examiner les enjeux li\u00e9s au droit face aux rapports de force internationaux dans un contexte de crise du multilat\u00e9ralisme normatif.<\/p>\n\n\n\n<div class=\"wp-block-cover\"><img fetchpriority=\"high\" decoding=\"async\" width=\"1024\" height=\"768\" class=\"wp-block-cover__image-background wp-image-29896\" alt=\"\" src=\"https:\/\/www.justicepaix.be\/wp-content\/uploads\/2025\/07\/Photo1-1024x768.jpg\" data-object-fit=\"cover\" srcset=\"https:\/\/www.justicepaix.be\/wp-content\/uploads\/2025\/07\/Photo1-1024x768.jpg 1024w, https:\/\/www.justicepaix.be\/wp-content\/uploads\/2025\/07\/Photo1-300x225.jpg 300w, https:\/\/www.justicepaix.be\/wp-content\/uploads\/2025\/07\/Photo1-768x576.jpg 768w, https:\/\/www.justicepaix.be\/wp-content\/uploads\/2025\/07\/Photo1-1536x1152.jpg 1536w, https:\/\/www.justicepaix.be\/wp-content\/uploads\/2025\/07\/Photo1-16x12.jpg 16w, https:\/\/www.justicepaix.be\/wp-content\/uploads\/2025\/07\/Photo1.jpg 1920w\" sizes=\"(max-width: 1024px) 100vw, 1024px\" \/><span aria-hidden=\"true\" class=\"wp-block-cover__background has-background-dim\"><\/span><div class=\"wp-block-cover__inner-container is-layout-flow wp-block-cover-is-layout-flow\">\n<p class=\"has-text-align-center has-large-font-size\"><\/p>\n<\/div><\/div>\n\n\n\n<p><\/p>\n\n\n\n<p>\u00ab Les alliances, les trait\u00e9s, la foi des hommes, tout cela peut lier le faible au fort et ne lie jamais le fort au faible. Ainsi, laissez les n\u00e9gociations aux Puissances, et ne comptez que sur vous-m\u00eames \u00bb<a href=\"#_ftn1\" id=\"_ftnref1\">[1]<\/a>. Ces propos de Jean-Jacques Rousseau retentissent dans nos esprits comme un aphorisme et pourtant ils nous rappellent une vieille r\u00e9flexion sur la place du droit face au rapport de force dans la sph\u00e8re internationale. Une r\u00e9flexion qui demeure d\u2019actualit\u00e9 \u00e9tant donn\u00e9 les envol\u00e9es de bouleversements g\u00e9opolitiques auxquelles on assiste. Les logiques de dominations et de lib\u00e9ration ont toujours caract\u00e9ris\u00e9 la soci\u00e9t\u00e9 internationale mais depuis la deuxi\u00e8me moiti\u00e9 du 20<sup>\u00e8me<\/sup> si\u00e8cle, on a assist\u00e9 \u00e0 travers le droit, \u00e0 la cr\u00e9ation de v\u00e9ritables espaces d\u2019humanit\u00e9, qui quoi qu\u2019imparfaits, ont permis de pr\u00e9server la paix internationale dans une large mesure.&nbsp; Le droit se pr\u00e9sentant comme l\u2019expression de la raison universelle, il s\u2019est ainsi \u00e9rig\u00e9 en ordre de mesure de toute chose sur la sc\u00e8ne internationale.<\/p>\n\n\n\n<p>Les tensions g\u00e9opolitiques in\u00e9dites que nous vivons de plus en plus depuis la fin de la guerre froide, sont le reflet d\u2019une crise de r\u00e9gulation des rapports de forces internationaux. Entre instrumentalisation, d\u00e9formation, remise en cause, le droit peine \u00e0 progresser dans la voie de la justice ou de la paix et appara\u00eet de plus en plus comme \u00ab&nbsp;un outil id\u00e9ologique au service du rapport de force d\u00e9termin\u00e9 par l\u2019\u00e9conomie&nbsp;\u00bb, pour reprendre les propos de Karl Max, plut\u00f4t que comme un outil de r\u00e9gulation des rapports de force. \u00c0 titre d\u2019illustration, le persistant conflit isra\u00e9lo-palestinien, la guerre en Ukraine et le conflit \u00e0 l\u2019Est de la RD Congo, donnent \u00e0 nouveau \u00e0 voir que l\u2019inapplication du droit humanitaire demeure un probl\u00e8me majeur dont les cons\u00e9quences tragiques n\u2019ont de cesse d\u2019\u00eatre relay\u00e9es dans les m\u00e9dias. \u00c9galement, l\u2019inapplication des d\u00e9cisions des juridictions internationales \u2026 au nom du droit<a href=\"#_ftn2\" id=\"_ftnref2\">[2]<\/a>, croit toujours plus fortement. <strong>Le droit international se trouve aujourd\u2019hui fragilis\u00e9 par des logiques d\u2019acteurs et d\u2019actrices tr\u00e8s fortement ancr\u00e9es sur leurs int\u00e9r\u00eats nationaux et g\u00e9opolitiques<\/strong>. Il s\u2019agit l\u00e0 d\u2019un fl\u00e9au social qui manifeste une tension, plus entre le droit et le rapport de force qu\u2019entre le droit et le fait. En outre, les vives tensions diplomatiques entre \u00c9tats sont devenues le quotidien de l\u2019actualit\u00e9 internationale. \u00ab&nbsp;D\u00e9sordre mondial, anarchie, d\u00e9cha\u00eenement de la violence des puissants, crise de l\u00e9gitimit\u00e9, crise de l\u00e9galit\u00e9, crise de gouvernabilit\u00e9 mondiale, crise institutionnelle, crise d\u00e9mocratique, voici les principales caract\u00e9ristiques de la soci\u00e9t\u00e9 internationale&nbsp;\u00bb<a href=\"#_ftn3\" id=\"_ftnref3\">[3]<\/a>, nous faisaient d\u00e9j\u00e0 remarquer des auteur\u00b7es.<\/p>\n\n\n\n<h2 class=\"wp-block-heading\"><strong>Les institutions internationales et la crise de r\u00e9gulation<\/strong><\/h2>\n\n\n\n<p><strong>La crise de r\u00e9gulation de la soci\u00e9t\u00e9 internationale est dans une large mesure, le reflet des conflits d\u2019int\u00e9r\u00eats et des \u00e9go\u00efsmes nationaux qui se conjuguent au sein des institutions charg\u00e9es de r\u00e9guler les rapports internationaux et de promouvoir ainsi le droit<\/strong>. Ces institutions sont confront\u00e9es aux volont\u00e9s des \u00c9tats puissants et favorisent, elles aussi, une d\u00e9structuration du droit et de l\u2019ordre qu\u2019elles sont cens\u00e9es garantir. \u00c0 titre d\u2019exemple, \u00ab&nbsp;l&rsquo;ONU, qui devrait \u00eatre l&rsquo;\u00e9l\u00e9ment de contention et de r\u00e9gulation juridique de la force et garante des relations internationales fond\u00e9es sur la coop\u00e9ration, participe \u00e0 la conqu\u00eate du monde men\u00e9e par les soci\u00e9t\u00e9s transnationales avec l&rsquo;appui des \u00c9tats dominants \u00bb<a href=\"#_ftn4\" id=\"_ftnref4\">[4]<\/a>. Sous la houlette des \u00c9tats-Unis avec le soutien de ses alli\u00e9\u00b7es, le Conseil de S\u00e9curit\u00e9 des Nations Unies n\u2019a pas h\u00e9sit\u00e9 \u00e0 affaiblir l\u2019autorit\u00e9 de la Cour Internationale de Justice et de la Cour P\u00e9nale Internationale \u00e0 travers bon nombre de ses r\u00e9solutions<a href=\"#_ftn5\" id=\"_ftnref5\">[5]<\/a>. Faisant ainsi pr\u00e9valoir la raison du plus fort plut\u00f4t que le droit. Cette instance de l\u2019ONU apparait \u00e0 l\u2019\u00e9vidence comme un \u00ab&nbsp;organe d\u2019interpr\u00e9tation arbitraire au service des grandes puissances&nbsp;\u00bb<a href=\"#_ftn6\" id=\"_ftnref6\">[6]<\/a>.&nbsp; Des auteur\u00b7es d\u00e9noncent d\u2019ailleurs les pratiques des USA et de leurs alli\u00e9\u00b7es au sein de l\u2019organisation comme des postures apparentes de m\u00e9pris \u00e0 l\u2019\u00e9gard du droit international<a href=\"#_ftn7\" id=\"_ftnref7\">[7]<\/a>. Ce que Robert Kob consid\u00e8re comme \u00ab&nbsp;une attaque frontale contre la Rule of Law internationale&nbsp;\u00bb<a href=\"#_ftn8\" id=\"_ftnref8\">[8]<\/a>. <strong>Le droit international d\u00e9calque de fa\u00e7on toujours plus persistante les int\u00e9r\u00eats des puissances<\/strong>. Au demeurant, la crise de r\u00e9gulation observ\u00e9e au sein des institutions internationales \u00e9rode le multilat\u00e9ralisme normatif.<\/p>\n\n\n\n<h2 class=\"wp-block-heading\"><strong>L\u2019\u00e9rosion du multilat\u00e9ralisme normatif<\/strong><\/h2>\n\n\n\n<p><strong>Le multilat\u00e9ralisme normatif suppose que les \u00c9tats en s\u2019engageant individuellement se soumettent collectivement \u00e0 des r\u00e8gles de droit qui par principe ont vocation \u00e0 maintenir un certain \u00e9quilibre durable entre les \u00c9tats, entre puissants et non puissants<\/strong>. La tendance \u00e0 l\u2019unilat\u00e9ralisme est de plus en plus prononc\u00e9e, les USA, la Russie et l\u2019\u00c9tat d\u2019Isra\u00ebl en sont les principaux exemples de par l\u2019actualit\u00e9. L\u00e0 aussi, il s\u2019agirait d\u2019un unilat\u00e9ralisme dit au nom du \u00ab&nbsp;droit&nbsp;\u00bb. Sur des enjeux actuels de construction d\u2019une soci\u00e9t\u00e9 plus durable, nous voyons bien que le multilat\u00e9ralisme ne parvient pas \u00e0 se d\u00e9ployer pleinement, toute chose qui dans un contexte de mondialisation, entrave \u00e9galement les chances de d\u00e9veloppement des \u00c9tats non puissants. Les exemples suivants sont assez parlants&nbsp;: la COP21, qui avait suscit\u00e9 beaucoup d\u2019espoir, dont ou retiendra l\u2019aspect purement \u00ab d\u00e9claratoire \u00bb, ou encore le Trait\u00e9 sur l\u2019interdiction des armes nucl\u00e9aires de 2017, qui n\u2019a \u00e9t\u00e9 ni sign\u00e9, ni ratifi\u00e9 par les puissances nucl\u00e9aires (dont certaines, membres du Conseil de S\u00e9curit\u00e9 des Nations Unies). Le Pacte mondial pour des migrations s\u00fbres, ordonn\u00e9es et r\u00e9guli\u00e8res de Marrakech en 2018, en est \u00e9galement un bon exemple. Tr\u00e8s controvers\u00e9 malgr\u00e9 son aspect uniquement d\u00e9claratif, ce dernier suit la forme conventionnelle sans pour autant comporter une quelconque obligation pour les parties<a href=\"#_ftn9\" id=\"_ftnref9\">[9]<\/a>.<\/p>\n\n\n\n<p>Les d\u00e9fis actuels du droit international sont notables tant en ce qui concerne l\u2019\u00e9mergence des r\u00e8gles que leur application.<\/p>\n\n\n\n<p><strong>Ainsi, un ordre international qui ne se maintient que par la force, converge in\u00e9luctablement vers un ordre dans lequel les r\u00e8gles n\u2019existent que pour les faibles et qui pourrait imploser \u00e0 tout moment<\/strong>. Dans un tel cadre, le principe de <em>\u00ab&nbsp;Pacta sunt Servanda&nbsp;\u00bb c\u2019est-\u00e0-dire <\/em>l\u2019ex\u00e9cution de bonne foi des accords librement consentis n\u2019a plus aucune valeur et c\u2019est d\u2019ailleurs le malheureux constat qui peut \u00eatre fait aujourd\u2019hui, sans \u00eatre trop alarmiste. Nous nous accordons toutes et tous aujourd\u2019hui pour parler en faveur d\u2019une r\u00e9forme du syst\u00e8me onusien et notamment du conseil de s\u00e9curit\u00e9 afin qu\u2019il ne soit plus une instance \u00e0 la solde des puissances, et cela n\u2019est possible qu\u2019avec les efforts de mobilisation de la soci\u00e9t\u00e9 civile. Le trait\u00e9 sur l\u2019interdiction des armes nucl\u00e9aires est notamment l\u2019aboutissement d\u2019un processus impuls\u00e9 et soutenu par des organisations de la soci\u00e9t\u00e9 civile. Le droit jusqu\u2019\u00e0 maintenant a tant bien que mal fait ses preuves en tant qu\u2019instrument servant \u00e0 canaliser les rapports de force internationaux, mais ce droit devient de plus en plus impertinent et contest\u00e9. Un exemple de ce constat est la d\u00e9finition de la situation \u00e0 Gaza o\u00f9 on a pu constater l\u2019imperfection du droit au travers des d\u00e9bats sur le caract\u00e8re g\u00e9nocidaire de cette situation. Certes le droit n\u2019est pas toujours clair. Cela d\u00e9coule parfois de la volont\u00e9 des \u00c9tats de s\u2019accorder sur un aspect, mais \u00e0 charge pour les juridictions qui, elles, sont impartiales, d\u2019y apporter plus de d\u00e9tails. Mais si les d\u00e9cisions des juridictions ne sont pas respect\u00e9es et qu\u2019un tribunal comme la CPI est qualifi\u00e9 d\u2019antis\u00e9mite \u00e0 la suite du mandat d\u2019arr\u00eat \u00e9mis contre le premier ministre isra\u00e9lien, on peut s\u2019attendre \u00e0 ce que les d\u00e9fis auxquels le droit international actuel est confront\u00e9 sont de tout ordre, aussi sens\u00e9s qu\u2019insens\u00e9s.<\/p>\n\n\n\n<p><strong>Merlin Fotabong Assoua.<\/strong><\/p>\n\n\n\n<hr class=\"wp-block-separator has-alpha-channel-opacity\"\/>\n\n\n\n<p><a href=\"#_ftnref1\" id=\"_ftn1\">[1]<\/a> Jean-Jacques Rousseau, Projet de Constitution pour la Corse (nouvelle \u00e9dition augment\u00e9e), Arvensa, 2014, p. 28<\/p>\n\n\n\n<p><a href=\"#_ftnref2\" id=\"_ftn2\">[2]<\/a> Pour reprendre le titre de l\u2019article d\u2019Emanuel Castellarin, \u00ab&nbsp;L\u2019inapplication des d\u00e9cisions juridictionnelles internationales\u2026 au&nbsp;nom du droit&nbsp;\u00bb, in <em>L\u2019inapplication du droit, \u00e9dit\u00e9 par Romain Le&nbsp;B\u0153uf et Olivier Le&nbsp;Bot, DICE \u00c9ditions, 2020, p.217-231.<\/em><\/p>\n\n\n\n<p><a href=\"#_ftnref3\" id=\"_ftn3\">[3]<\/a> Mend\u00e8s France, Mireille. et al. \u00ab La d\u00e9gradation g\u00e9n\u00e9ralis\u00e9e du respect au droit international \u00bb. Revue internationale et strat\u00e9gique, 2005\/4 N\u00b060, 2005. p.43-58<\/p>\n\n\n\n<p><a href=\"#_ftnref4\" id=\"_ftn4\">[4]<\/a> <em>Ibid., <\/em>p.46<\/p>\n\n\n\n<p><a href=\"#_ftnref5\" id=\"_ftn5\">[5]<\/a> <em>Ibid., <\/em>p<em>. 47 et s.<\/em><\/p>\n\n\n\n<p><a href=\"#_ftnref6\" id=\"_ftn6\">[6]<\/a> Ibid., p. 48<\/p>\n\n\n\n<p><a href=\"#_ftnref7\" id=\"_ftn7\">[7]<\/a> Voir Sarah Pellet, \u00ab De la raison du plus fort ou comment les \u00c9tats-Unis ont (r\u00e9)invent\u00e9 le droit international et leur droit constitutionnel \u00bb, Actualit\u00e9 et droit international, juin 2002.<\/p>\n\n\n\n<p><a href=\"#_ftnref8\" id=\"_ftn8\">[8]<\/a> Robert Kolb, <em>Le droit relatif au maintien de la paix internationale<\/em>, Paris, Institut de hautes \u00e9tudes internationales de Paris, Pedone, 2005, p. 11.<\/p>\n\n\n\n<p><a href=\"#_ftnref9\" id=\"_ftn9\">[9]<\/a> https:\/\/www.vie-publique.fr\/parole-dexpert\/277531-la-crise-du-multilateralisme<\/p>\n\n\n\n<p><\/p>\n","protected":false},"excerpt":{"rendered":"<p>Cette analyse explore le droit face aux rapports de force internationaux. Elle met en lumi\u00e8re l\u2019impuissance croissante du droit international \u00e0 r\u00e9guler les rapports de force, notamment face \u00e0 l\u2019unilat\u00e9ralisme des grandes puissances et \u00e0 la crise du multilat\u00e9ralisme.<\/p>","protected":false},"author":57,"featured_media":29896,"comment_status":"open","ping_status":"open","sticky":false,"template":"","format":"standard","meta":{"_acf_changed":false,"_seopress_robots_primary_cat":"none","_seopress_titles_title":"","_seopress_titles_desc":"","_seopress_robots_index":"","footnotes":""},"categories":[2696,2722,2719],"tags":[2802,3134,2805,3232],"class_list":["post-29893","post","type-post","status-publish","format-standard","has-post-thumbnail","hentry","category-actualites","category-articles-nos-publications","category-nos-publications","tag-bonne-gouvernance","tag-enjeux-de-paix","tag-geopolitique","tag-organisation-internationale"],"acf":[],"_links":{"self":[{"href":"https:\/\/www.justicepaix.be\/en\/wp-json\/wp\/v2\/posts\/29893","targetHints":{"allow":["GET"]}}],"collection":[{"href":"https:\/\/www.justicepaix.be\/en\/wp-json\/wp\/v2\/posts"}],"about":[{"href":"https:\/\/www.justicepaix.be\/en\/wp-json\/wp\/v2\/types\/post"}],"author":[{"embeddable":true,"href":"https:\/\/www.justicepaix.be\/en\/wp-json\/wp\/v2\/users\/57"}],"replies":[{"embeddable":true,"href":"https:\/\/www.justicepaix.be\/en\/wp-json\/wp\/v2\/comments?post=29893"}],"version-history":[{"count":2,"href":"https:\/\/www.justicepaix.be\/en\/wp-json\/wp\/v2\/posts\/29893\/revisions"}],"predecessor-version":[{"id":29898,"href":"https:\/\/www.justicepaix.be\/en\/wp-json\/wp\/v2\/posts\/29893\/revisions\/29898"}],"wp:featuredmedia":[{"embeddable":true,"href":"https:\/\/www.justicepaix.be\/en\/wp-json\/wp\/v2\/media\/29896"}],"wp:attachment":[{"href":"https:\/\/www.justicepaix.be\/en\/wp-json\/wp\/v2\/media?parent=29893"}],"wp:term":[{"taxonomy":"category","embeddable":true,"href":"https:\/\/www.justicepaix.be\/en\/wp-json\/wp\/v2\/categories?post=29893"},{"taxonomy":"post_tag","embeddable":true,"href":"https:\/\/www.justicepaix.be\/en\/wp-json\/wp\/v2\/tags?post=29893"}],"curies":[{"name":"wp","href":"https:\/\/api.w.org\/{rel}","templated":true}]}}