{"id":29885,"date":"2025-07-10T11:47:41","date_gmt":"2025-07-10T09:47:41","guid":{"rendered":"https:\/\/www.justicepaix.be\/?p=29885"},"modified":"2025-07-15T09:56:08","modified_gmt":"2025-07-15T07:56:08","slug":"rapport-dactivites-2024","status":"publish","type":"post","link":"https:\/\/www.justicepaix.be\/en\/rapport-dactivites-2024\/","title":{"rendered":"Rapport d&rsquo;activit\u00e9s 2024"},"content":{"rendered":"<p><\/p>\n\n\n\n<h2 class=\"wp-block-heading has-large-font-size\">Une ann\u00e9e (r\u00e9)active pour Justice &amp; Paix !<\/h2>\n\n\n\n<p><\/p>\n\n\n\n<blockquote class=\"wp-block-quote is-layout-flow wp-block-quote-is-layout-flow\">\n<p><em>2024 s\u2019est r\u00e9v\u00e9l\u00e9e \u00eatre une ann\u00e9e charni\u00e8re, marqu\u00e9e par les \u00e9lections en Belgique et par la perspective de transitions majeures sur la sc\u00e8ne internationale. Nous pourrions introduire ce rapport d\u2019activit\u00e9s pratiquement avec les m\u00eames mots que ceux choisis l\u2019an dernier. Les conflits arm\u00e9s n\u2019ont malheureusement pas connu de tr\u00eave : la guerre en Ukraine s\u2019enlise, un nouveau cycle de violence a embras\u00e9 Gaza, et des crises \u2014 trop souvent oubli\u00e9es \u2014 se prolongent loin des regards. Ces trag\u00e9dies, mises c\u00f4te \u00e0 c\u00f4te, rappellent cruellement l\u2019urgence de notre travail en faveur de la paix et de la justice.<\/em><\/p>\n<cite>Alda Greoli, president of Justice &amp; Peace<\/cite><\/blockquote>\n\n\n\n<p><\/p>\n\n\n\n<p><strong>Ca y est \u2026 notre rapport d&rsquo;activit\u00e9s est disponible ! Curieux\u00b7se de savoir ce que Justice &amp; Paix a entrepris en 2024 ? <\/strong><\/p>\n\n\n\n<p>Entre sensibilisation et mobilisation de la population belge sur des actualit\u00e9s br\u00fblantes, formations \u00e0 de nombreuses th\u00e9matiques, plaidoyer politique efficace et travail de recherche pointu, consultez notre rapport pour d\u00e9couvrir ce qui a occup\u00e9 les animateurs, les animatrices, les volontaires et les partenaires de Justice &amp; Paix en 2024.<\/p>\n\n\n\n<p>Consultez ou t\u00e9l\u00e9chargez notre rapport ci-dessous.<\/p>\n\n\n\n<p><\/p>\n\n\n\n<div data-wp-interactive=\"core\/file\" class=\"wp-block-file\"><object data-wp-bind--hidden=\"!state.hasPdfPreview\" hidden class=\"wp-block-file__embed\" data=\"https:\/\/www.justicepaix.be\/wp-content\/uploads\/2025\/07\/Justice-Paix-Rapport-dactivites-2024-WEB.pdf\" type=\"application\/pdf\" style=\"width:100%;height:430px\" aria-label=\"Embed of Justice &amp; Paix-Rapport d&apos;activite\u0301s 2024-WEB.\"><\/object><a id=\"wp-block-file--media-fc503a85-bc7b-4e95-8f07-2162daa84a6a\" href=\"https:\/\/www.justicepaix.be\/wp-content\/uploads\/2025\/07\/Justice-Paix-Rapport-dactivites-2024-WEB.pdf\" target=\"_blank\" rel=\"noreferrer noopener\">Justice &#038; Paix-Rapport d&rsquo;activite\u0301s 2024-WEB<\/a><a href=\"https:\/\/www.justicepaix.be\/wp-content\/uploads\/2025\/07\/Justice-Paix-Rapport-dactivites-2024-WEB.pdf\" class=\"wp-block-file__button wp-element-button\" download aria-describedby=\"wp-block-file--media-fc503a85-bc7b-4e95-8f07-2162daa84a6a\">Download<\/a><\/div>","protected":false},"excerpt":{"rendered":"<p>D\u00e9couvrez ce qui nous a occup\u00e9\u00b7es en 2024.<\/p>","protected":false},"author":63,"featured_media":29887,"comment_status":"open","ping_status":"open","sticky":false,"template":"","format":"standard","meta":{"_acf_changed":false,"_seopress_robots_primary_cat":"2696","_seopress_titles_title":"","_seopress_titles_desc":"","_seopress_robots_index":"","footnotes":""},"categories":[2696,2719],"tags":[2835,2824,2825,2811],"class_list":["post-29885","post","type-post","status-publish","format-standard","has-post-thumbnail","hentry","category-actualites","category-nos-publications","tag-democratie","tag-droits-humains","tag-prevention-des-conflits","tag-ressources-naturelles"],"acf":[],"_links":{"self":[{"href":"https:\/\/www.justicepaix.be\/en\/wp-json\/wp\/v2\/posts\/29885","targetHints":{"allow":["GET"]}}],"collection":[{"href":"https:\/\/www.justicepaix.be\/en\/wp-json\/wp\/v2\/posts"}],"about":[{"href":"https:\/\/www.justicepaix.be\/en\/wp-json\/wp\/v2\/types\/post"}],"author":[{"embeddable":true,"href":"https:\/\/www.justicepaix.be\/en\/wp-json\/wp\/v2\/users\/63"}],"replies":[{"embeddable":true,"href":"https:\/\/www.justicepaix.be\/en\/wp-json\/wp\/v2\/comments?post=29885"}],"version-history":[{"count":2,"href":"https:\/\/www.justicepaix.be\/en\/wp-json\/wp\/v2\/posts\/29885\/revisions"}],"predecessor-version":[{"id":29909,"href":"https:\/\/www.justicepaix.be\/en\/wp-json\/wp\/v2\/posts\/29885\/revisions\/29909"}],"wp:featuredmedia":[{"embeddable":true,"href":"https:\/\/www.justicepaix.be\/en\/wp-json\/wp\/v2\/media\/29887"}],"wp:attachment":[{"href":"https:\/\/www.justicepaix.be\/en\/wp-json\/wp\/v2\/media?parent=29885"}],"wp:term":[{"taxonomy":"category","embeddable":true,"href":"https:\/\/www.justicepaix.be\/en\/wp-json\/wp\/v2\/categories?post=29885"},{"taxonomy":"post_tag","embeddable":true,"href":"https:\/\/www.justicepaix.be\/en\/wp-json\/wp\/v2\/tags?post=29885"}],"curies":[{"name":"wp","href":"https:\/\/api.w.org\/{rel}","templated":true}]}}