{"id":29875,"date":"2025-07-10T10:31:01","date_gmt":"2025-07-10T08:31:01","guid":{"rendered":"https:\/\/www.justicepaix.be\/?p=29875"},"modified":"2025-07-10T10:31:06","modified_gmt":"2025-07-10T08:31:06","slug":"justice-paix-et-la-decolonisation-notre-position","status":"publish","type":"post","link":"https:\/\/www.justicepaix.be\/en\/justice-paix-et-la-decolonisation-notre-position\/","title":{"rendered":"Justice &amp; Paix et la d\u00e9colonisation &#8211; Notre position"},"content":{"rendered":"<p><\/p>\n\n\n\n<h2 class=\"wp-block-heading\">Une r\u00e9flexion critique sur la d\u00e9colonisation<\/h2>\n\n\n\n<p>Ces derni\u00e8res ann\u00e9es, les questions li\u00e9es aux m\u00e9moires coloniales, aux in\u00e9galit\u00e9s raciales et aux dynamiques de pouvoir h\u00e9rit\u00e9es de l\u2019histoire coloniale ont pris une place accrue dans le d\u00e9bat public, en Belgique comme ailleurs. <\/p>\n\n\n\n<p>Ce mouvement s\u2019est intensifi\u00e9 <strong>\u00e0 la faveur de mobilisations citoyennes, du travail d\u2019associations et de collectifs<\/strong> ainsi que de la mise en lumi\u00e8re d\u2019injustices persistantes dans nos soci\u00e9t\u00e9s et dans les relations internationales.<\/p>\n\n\n\n<p>Dans ce contexte, Justice &amp; Paix a engag\u00e9 depuis plusieurs ann\u00e9es une r\u00e9flexion critique sur ses propres pratiques <strong>et sur les continuit\u00e9s coloniales qui traversent nos soci\u00e9t\u00e9s.<\/strong> Ce travail se nourrit de dialogues avec des acteurs et actrices concern\u00e9es, d\u2019initiatives de sensibilisation ainsi que d\u2019un questionnement interne sur notre mani\u00e8re d\u2019agir pour la justice sociale, la paix et les droits humains.<\/p>\n\n\n\n<h2 class=\"wp-block-heading\">(R\u00e9)affirmer notre engagement<\/h2>\n\n\n\n<p><strong>Aujourd\u2019hui, nous souhaitons rendre public notre positionnement d\u00e9colonial pour plusieurs raisons\u202f:<\/strong><\/p>\n\n\n\n<ul class=\"wp-block-list\">\n<li>R\u00e9pondre \u00e0 une attente de clart\u00e9 et de coh\u00e9rence de la part de nos partenaires, nos publics, sympathisant\u00b7es et bailleurs de fonds, sur la mani\u00e8re dont nous int\u00e9grons les enjeux de d\u00e9colonisation dans notre action.<\/li>\n\n\n\n<li>Contribuer au d\u00e9bat d\u00e9mocratique, en partageant nos analyses et en invitant d\u2019autres acteur\u00b7rices <strong>\u00e0 poursuivre ou engager ce travail de transformation collective.<\/strong><\/li>\n\n\n\n<li>Affirmer notre engagement \u00e0 un moment o\u00f9 les discours r\u00e9actionnaires et les r\u00e9sistances \u00e0 la reconnaissance des violences coloniales et de leurs prolongements contemporains se renforcent.<\/li>\n<\/ul>\n\n\n\n<p>Ce positionnement s\u2019inscrit donc \u00e0 la fois dans une d\u00e9marche d\u2019introspection institutionnelle et dans une volont\u00e9 <strong>de participer activement \u00e0 la construction d\u2019une soci\u00e9t\u00e9 plus juste et r\u00e9ellement \u00e9galitaire.<\/strong><\/p>\n\n\n\n<p><\/p>\n\n\n\n<h2 class=\"wp-block-heading\">Notre note de positionnement sur la d\u00e9colonisation<\/h2>\n\n\n\n<div class=\"wp-block-file\"><a id=\"wp-block-file--media-41b230bc-c5ee-4ec9-9b19-a836dded9fee\" href=\"https:\/\/www.justicepaix.be\/wp-content\/uploads\/2025\/07\/2025_Note_Decolonisation_CJP.pdf\">2025_Note_D\u00e9colonisation_CJP<\/a><a href=\"https:\/\/www.justicepaix.be\/wp-content\/uploads\/2025\/07\/2025_Note_Decolonisation_CJP.pdf\" class=\"wp-block-file__button wp-element-button\" download aria-describedby=\"wp-block-file--media-41b230bc-c5ee-4ec9-9b19-a836dded9fee\">Download<\/a><\/div>\n\n\n\n<p><\/p>","protected":false},"excerpt":{"rendered":"<p>Une r\u00e9flexion critique sur la d\u00e9colonisation Ces derni\u00e8res ann\u00e9es, les questions li\u00e9es aux m\u00e9moires coloniales, aux in\u00e9galit\u00e9s raciales et aux dynamiques de pouvoir h\u00e9rit\u00e9es de l\u2019histoire coloniale ont pris une place accrue dans le d\u00e9bat public, en Belgique comme ailleurs. Ce mouvement s\u2019est intensifi\u00e9 \u00e0 la faveur de mobilisations citoyennes, du travail d\u2019associations et de [&hellip;]<\/p>\n","protected":false},"author":63,"featured_media":29879,"comment_status":"open","ping_status":"open","sticky":false,"template":"","format":"standard","meta":{"_acf_changed":false,"_seopress_robots_primary_cat":"none","_seopress_titles_title":"","_seopress_titles_desc":"","_seopress_robots_index":"","footnotes":""},"categories":[2689,2720,2719,2721],"tags":[2794,2877,2835,2825,2792],"class_list":["post-29875","post","type-post","status-publish","format-standard","has-post-thumbnail","hentry","category-activites","category-communiques-de-presse","category-nos-publications","category-plaidoyer-politique","tag-afrique-centrale","tag-decolonisation","tag-democratie","tag-prevention-des-conflits","tag-rd-congo"],"acf":[],"_links":{"self":[{"href":"https:\/\/www.justicepaix.be\/en\/wp-json\/wp\/v2\/posts\/29875","targetHints":{"allow":["GET"]}}],"collection":[{"href":"https:\/\/www.justicepaix.be\/en\/wp-json\/wp\/v2\/posts"}],"about":[{"href":"https:\/\/www.justicepaix.be\/en\/wp-json\/wp\/v2\/types\/post"}],"author":[{"embeddable":true,"href":"https:\/\/www.justicepaix.be\/en\/wp-json\/wp\/v2\/users\/63"}],"replies":[{"embeddable":true,"href":"https:\/\/www.justicepaix.be\/en\/wp-json\/wp\/v2\/comments?post=29875"}],"version-history":[{"count":1,"href":"https:\/\/www.justicepaix.be\/en\/wp-json\/wp\/v2\/posts\/29875\/revisions"}],"predecessor-version":[{"id":29880,"href":"https:\/\/www.justicepaix.be\/en\/wp-json\/wp\/v2\/posts\/29875\/revisions\/29880"}],"wp:featuredmedia":[{"embeddable":true,"href":"https:\/\/www.justicepaix.be\/en\/wp-json\/wp\/v2\/media\/29879"}],"wp:attachment":[{"href":"https:\/\/www.justicepaix.be\/en\/wp-json\/wp\/v2\/media?parent=29875"}],"wp:term":[{"taxonomy":"category","embeddable":true,"href":"https:\/\/www.justicepaix.be\/en\/wp-json\/wp\/v2\/categories?post=29875"},{"taxonomy":"post_tag","embeddable":true,"href":"https:\/\/www.justicepaix.be\/en\/wp-json\/wp\/v2\/tags?post=29875"}],"curies":[{"name":"wp","href":"https:\/\/api.w.org\/{rel}","templated":true}]}}