{"id":29777,"date":"2025-06-19T16:08:46","date_gmt":"2025-06-19T14:08:46","guid":{"rendered":"https:\/\/www.justicepaix.be\/?p=29777"},"modified":"2025-06-19T16:08:48","modified_gmt":"2025-06-19T14:08:48","slug":"enfants-issus-de-viols-un-silence-international-aux-consequences-intergenerationnelles","status":"publish","type":"post","link":"https:\/\/www.justicepaix.be\/en\/enfants-issus-de-viols-un-silence-international-aux-consequences-intergenerationnelles\/","title":{"rendered":"Enfants issus de viols : un silence international aux cons\u00e9quences interg\u00e9n\u00e9rationnelles"},"content":{"rendered":"\n<p>Les violences sexuelles en temps de conflits arm\u00e9s constituent des violations du droit international humanitaire et des droits de l\u2019homme et s\u2019apparentent souvent \u00e0 des crimes internationaux, y compris des crimes de guerre et des crimes contre l\u2019humanit\u00e9. Cette r\u00e9alit\u00e9, transforme les corps des femmes en champs de bataille et condamne des milliers d&rsquo;enfants \u00e0 porter le stigmate d&rsquo;une violence qu&rsquo;ils n&rsquo;ont pas choisie.<\/p>\n\n\n\n<div class=\"wp-block-cover\"><img fetchpriority=\"high\" decoding=\"async\" width=\"1024\" height=\"683\" class=\"wp-block-cover__image-background wp-image-29780\" alt=\"\" src=\"https:\/\/www.justicepaix.be\/wp-content\/uploads\/2025\/06\/pexels-ron-lach-9783810-1024x683.jpg\" data-object-fit=\"cover\" srcset=\"https:\/\/www.justicepaix.be\/wp-content\/uploads\/2025\/06\/pexels-ron-lach-9783810-1024x683.jpg 1024w, https:\/\/www.justicepaix.be\/wp-content\/uploads\/2025\/06\/pexels-ron-lach-9783810-300x200.jpg 300w, https:\/\/www.justicepaix.be\/wp-content\/uploads\/2025\/06\/pexels-ron-lach-9783810-768x512.jpg 768w, https:\/\/www.justicepaix.be\/wp-content\/uploads\/2025\/06\/pexels-ron-lach-9783810-1536x1024.jpg 1536w, https:\/\/www.justicepaix.be\/wp-content\/uploads\/2025\/06\/pexels-ron-lach-9783810-18x12.jpg 18w, https:\/\/www.justicepaix.be\/wp-content\/uploads\/2025\/06\/pexels-ron-lach-9783810.jpg 1920w\" sizes=\"(max-width: 1024px) 100vw, 1024px\" \/><span aria-hidden=\"true\" class=\"wp-block-cover__background has-background-dim\"><\/span><div class=\"wp-block-cover__inner-container is-layout-flow wp-block-cover-is-layout-flow\">\n<p class=\"has-text-align-center has-large-font-size\"><\/p>\n<\/div><\/div>\n\n\n\n<h2 class=\"wp-block-heading\"><strong>Quand la guerre se m\u00e8ne sur le corps des femmes<\/strong><\/h2>\n\n\n\n<p>En R\u00e9publique D\u00e9mocratique du Congo (RD Congo), th\u00e9\u00e2tre de conflits depuis plus de trente ans, les violences sexuelles ne constituent pas des actes isol\u00e9s ou des d\u00e9bordements de soldats indisciplin\u00e9s. Elles s&rsquo;inscrivent dans ce que nous devons reconna\u00eetre comme une <strong>v\u00e9ritable strat\u00e9gie militaire<\/strong>, une \u00ab&nbsp;<strong>m\u00e9thode de guerre<\/strong>&nbsp;\u00bb selon les termes du Comit\u00e9 International de la Croix-Rouge.<strong><\/strong><\/p>\n\n\n\n<p>Cette trag\u00e9die n&rsquo;est malheureusement pas propre \u00e0 la RD Congo. De l&rsquo;ex-Yougoslavie au Rwanda, du Darfour \u00e0 la Syrie, ces crimes ont marqu\u00e9 l&rsquo;histoire contemporaine, laissant derri\u00e8re eux <strong>des milliers d&rsquo;enfants n\u00e9s de la violence<\/strong>. En Bosnie-Herz\u00e9govine, on estime que 20 000 \u00e0 50 000 femmes ont \u00e9t\u00e9 viol\u00e9es entre 1992 et 1995, donnant naissance \u00e0 des milliers d&rsquo;enfants aujourd&rsquo;hui \u00e2g\u00e9s d&rsquo;une trentaine d&rsquo;ann\u00e9es et toujours confront\u00e9s aux questions d&rsquo;identit\u00e9 et d&rsquo;appartenance<a href=\"#_ftn1\" id=\"_ftnref1\">[1]<\/a>. Au Rwanda, environ 20 000 enfants sont n\u00e9s des viols commis durant le g\u00e9nocide de 1994, surnomm\u00e9s les <a href=\"https:\/\/www.rtbf.be\/article\/30-ans-apres-le-genocide-au-rwanda-les-meres-victimes-de-viols-et-leurs-enfants-tentent-de-se-reconstruire-11354748\">\u00ab&nbsp;enfants de la haine&nbsp;\u00bb<\/a> par leurs propres communaut\u00e9s. Plus r\u00e9cemment, <a href=\"https:\/\/www.amnesty.org\/fr\/latest\/news\/2020\/07\/iraq-yezidi-child-survivors-of-islamic-state-facing-unprecedented-health-crisis\/\">les femmes y\u00e9zidies<\/a> ont donn\u00e9 naissance \u00e0 des centaines d&rsquo;enfants durant leur captivit\u00e9 sous Daech, soulevant des questions complexes de rapatriement et de r\u00e9int\u00e9gration.<\/p>\n\n\n\n<h2 class=\"wp-block-heading\"><strong>Le cas de R\u00e9publique d\u00e9mocratique du Congo<\/strong><\/h2>\n\n\n\n<p>L&rsquo;ampleur du ph\u00e9nom\u00e8ne en RD Congo d\u00e9fie l&rsquo;entendement : <strong>40% des femmes de l&rsquo;est du pays ont \u00e9t\u00e9 victimes d&rsquo;abus sexuels, et 17% d&rsquo;entre elles ont donn\u00e9 naissance \u00e0 des enfants issus de ces viols.<\/strong> Ces chiffres, rapport\u00e9s par les organisations locales, ne refl\u00e8tent probablement qu&rsquo;une partie de la r\u00e9alit\u00e9, tant le silence et la honte entourent ces drames<a href=\"#_ftn2\" id=\"_ftnref2\">[2]<\/a>.<strong><\/strong><\/p>\n\n\n\n<p>La situation s&rsquo;est dramatiquement aggrav\u00e9e depuis janvier 2025. Les villes de Goma, fin janvier 2025, puis Bukavu, deux semaines plus tard, sont tomb\u00e9es aux mains du groupe rebelle du Mouvement du 23 Mars (M23). L&rsquo;ONU a d\u00e9j\u00e0 recens\u00e9&nbsp;plus de 660.000 personnes d\u00e9plac\u00e9es dans la seule r\u00e9gion de Goma. Cette recrudescence de la violence s\u2019accompagne d\u2019une <a href=\"https:\/\/www.msf.ch\/nos-actualites\/articles\/violences-sexuelles-lest-rdc-urgence-persistante\">multiplication des crimes sexuels<\/a>. L\u2019ONU a r\u00e9v\u00e9l\u00e9 en f\u00e9vrier 2025, qu\u2019en RD Congo,&nbsp; <a href=\"https:\/\/www.ungeneva.org\/fr\/news-media\/news\/2025\/03\/104150\/violences-sexuelles-en-rdc-une-femme-violee-toutes-les-quatre\">une femme est viol\u00e9e toutes les quatre minutes.<\/a><\/p>\n\n\n\n<h2 class=\"wp-block-heading\"><strong>Les enfants issus de viols : victimes d&rsquo;une double peine<\/strong><\/h2>\n\n\n\n<p><strong><em>Des \u00ab\u00a0enfants serpents\u00a0\u00bb rejet\u00e9s par leurs communaut\u00e9s<\/em><\/strong><\/p>\n\n\n\n<p>Parmi les cons\u00e9quences les plus tragiques de ces violences figure la situation dramatique des enfants n\u00e9s de viols, surnomm\u00e9s \u00ab&nbsp;<a href=\"https:\/\/www.rtbf.be\/article\/le-destin-des-enfants-serpents-du-congo-nes-d-un-viol-un-eternel-combat-9915446\">enfants serpents&nbsp;<\/a>\u00bb par leurs propres communaut\u00e9s. Ces enfants, estim\u00e9s \u00e0 plusieurs milliers en RD Congo, subissent une double peine particuli\u00e8rement r\u00e9voltante : ils portent en eux le stigmate de leur conception violente tout en \u00e9tant rejet\u00e9s par la soci\u00e9t\u00e9 qui devrait les prot\u00e9ger. Cette stigmatisation ne rel\u00e8ve pas du simple pr\u00e9jug\u00e9 mais s&rsquo;enracine dans des croyances qui consid\u00e8rent ces enfants comme des porteurs de malchance. Ils sont souvent per\u00e7us comme les \u00ab&nbsp;enfants des <em>Interahamwe<\/em>&nbsp;<a href=\"#_ftn3\" id=\"_ftnref3\">[3]<\/a>\u00bb, en r\u00e9f\u00e9rence aux g\u00e9nocidaires rwandais, voire comme des \u201cenfants sorciers\u201d qui ont pour objectif inn\u00e9 de d\u00e9truire la famille et la communaut\u00e9. Per\u00e7us comme des ennemis, cette logique fait porter aux enfants la responsabilit\u00e9 des crimes commis contre leurs m\u00e8res et constitue souvent une violation fondamentale de leurs droits les plus \u00e9l\u00e9mentaires.<\/p>\n\n\n\n<p><strong><em>Des fant\u00f4mes juridiques<\/em><\/strong><\/p>\n\n\n\n<p>L&rsquo;une des violations les plus insidieuses des droits de ces enfants concerne leur non-enregistrement \u00e0 l&rsquo;\u00e9tat civil. Bien que <a href=\"https:\/\/www.leganet.cd\/Legislation\/JO\/2009\/L.09.001.10.01.09.htm#TICIISI\">la loi congolaise<\/a> exige l&rsquo;enregistrement de tout enfant dans les 90 jours suivant sa naissance, la r\u00e9alit\u00e9 est tout autre. En raison de la stigmatisation, du manque d&rsquo;acc\u00e8s aux services administratifs et parfois de la corruption des autorit\u00e9s locales, de nombreux enfants issus de viols ne sont jamais enregistr\u00e9s. Cette invisibilit\u00e9 administrative les prive de leur droit fondamental \u00e0 une identit\u00e9 l\u00e9gale et les rend <strong>litt\u00e9ralement inexistants aux yeux de l&rsquo;\u00c9tat.<\/strong> Sans documents officiels, ils ne peuvent acc\u00e9der \u00e0 l&rsquo;\u00e9ducation, aux soins de sant\u00e9 ou \u00e0 tout autre service public. Ils deviennent ainsi des fant\u00f4mes juridiques dans leur propre pays, priv\u00e9s de tout avenir. <strong><\/strong><\/p>\n\n\n\n<h2 class=\"wp-block-heading\"><strong>L&rsquo;impunit\u00e9 : terreau de la r\u00e9currence<\/strong><\/h2>\n\n\n\n<p><strong><em>Un syst\u00e8me judiciaire d\u00e9faillant<\/em><\/strong><\/p>\n\n\n\n<p><strong>Il existe quelques avanc\u00e9es dans la lutte contre l\u2019impunit\u00e9<\/strong>, notamment gr\u00e2ce \u00e0 la tenue d\u2019audiences foraines.En juin 2024, le tribunal militaire du Sud-Kivu a condamn\u00e9 \u00e0 perp\u00e9tuit\u00e9 Munyololo Mbawo, un chef de milice, pour meurtres, viols et grossesses forc\u00e9es. <strong>Une d\u00e9cision historique<\/strong>, car c\u2019est la premi\u00e8re fois qu\u2019un tribunal congolais reconna\u00eet la grossesse forc\u00e9e comme un crime international. Cependant, <strong>le syst\u00e8me judiciaire congolais reste profond\u00e9ment affaibli par des probl\u00e8mes structurels persistants<\/strong>. Le manque de moyens financiers et humains entrave son bon fonctionnement, limitant l\u2019acc\u00e8s \u00e0 la justice pour une grande partie de la population. L\u2019ind\u00e9pendance des magistrats est souvent compromise par des pressions politiques, tandis que la corruption gangr\u00e8ne les proc\u00e9dures \u00e0 tous les niveaux. \u00c0 cela s\u2019ajoutent des infrastructures judiciaires d\u00e9grad\u00e9es, une formation insuffisante du personnel et une centralisation excessive qui \u00e9loigne la justice des zones rurales. <strong>Ces d\u00e9faillances structurelles contribuent \u00e0 l\u2019impunit\u00e9, en particulier dans les affaires de violences sexuelles, et alimentent la m\u00e9fiance g\u00e9n\u00e9rale envers les institutions judiciaires<\/strong>.<a href=\"#_ftn4\" id=\"_ftnref4\">[4]<\/a><\/p>\n\n\n\n<h2 class=\"wp-block-heading\"><strong>Les cons\u00e9quences de l&rsquo;impunit\u00e9 sur les enfants<\/strong><\/h2>\n\n\n\n<p>Cette impunit\u00e9 a des cons\u00e9quences n\u00e9fastes sur les enfants issus de viols. <strong>Priv\u00e9s de reconnaissance juridique de leur statut de victimes, ils ne peuvent b\u00e9n\u00e9ficier d&rsquo;aucune forme de r\u00e9paration.<\/strong> Pire encore, <strong>l&rsquo;absence de poursuites<\/strong> contre leurs g\u00e9niteurs biologiques perp\u00e9tue un climat d&rsquo;ins\u00e9curit\u00e9 qui les expose \u00e0 de nouveaux risques. Le Dr Denis Mukwege, Prix Nobel de la paix 2018, le souligne sans d\u00e9tour : \u00ab&nbsp;le maillon faible de notre prise en charge, c&rsquo;est la justice&nbsp;\u00bb. Cette d\u00e9faillance compromet l&rsquo;efficacit\u00e9 de l&rsquo;approche \u00ab&nbsp;holistique&nbsp;\u00bb pr\u00f4n\u00e9e par la <a href=\"https:\/\/enfantsdepanzi.org\/\">Fondation Panzi<\/a>, qui associe soins m\u00e9dicaux, soutien psychologique, accompagnement socio-\u00e9conomique et justice.<\/p>\n\n\n\n<h2 class=\"wp-block-heading\"><strong>Brisons le cycle de la violence<\/strong><\/h2>\n\n\n\n<p><strong><em>Le r\u00f4le crucial de la soci\u00e9t\u00e9 civile<\/em><\/strong><\/p>\n\n\n\n<p>Faute d\u2019un cadre \u00e9tatique adapt\u00e9, la soci\u00e9t\u00e9 civile tente de combler ce vide. En partenariat avec la Commission Dioc\u00e9saine Justice &amp; Paix (<a href=\"https:\/\/cdjpbukavu.org\/fr\/\">CDJP Bukavu)<\/a>, Justice &amp; Paix Belgique souhaite \u0153uvrer \u00e0 la reconnaissance de ces enfants, en <strong>facilitant leur enregistrement \u00e0 l\u2019\u00e9tat civil et en luttant contre leur marginalisation<\/strong>. Gr\u00e2ce \u00e0 des actions de terrain combinant accompagnement juridique, mobilisation communautaire et sensibilisation, notre projet vise \u00e0 garantir \u00e0 ces enfants leurs <strong>droits fondamentaux<\/strong> et une <strong>int\u00e9gration dans la soci\u00e9t\u00e9<\/strong>. Faute de financements actuellement disponibles, cette initiative demeure \u00e0 l\u2019\u00e9tat de projet, en attente du soutien n\u00e9cessaire pour sa mise en \u0153uvre.<\/p>\n\n\n\n<p>Ces initiatives, aussi louables soient-elles, restent limit\u00e9es par l&rsquo;absence d&rsquo;un cadre \u00e9tatique appropri\u00e9. Elles pallient les d\u00e9faillances sans pouvoir les r\u00e9soudre structurellement. <strong>Comment assurer une protection effective des droits de l&rsquo;enfant sans l&rsquo;engagement de l&rsquo;\u00c9tat ?<\/strong><\/p>\n\n\n\n<p><strong><em>L&rsquo;urgence d&rsquo;une action internationale coordonn\u00e9e<\/em><\/strong><\/p>\n\n\n\n<p>La r\u00e9ponse aux violences sexuelles et aux enfants issus de viols doit \u00eatre \u00e0 la hauteur de l\u2019horreur. Pour les enfants issus de viols, des mesures urgentes s&rsquo;imposent : facilitation de l&rsquo;enregistrement civil, acc\u00e8s prioritaire aux services de sant\u00e9 et d&rsquo;\u00e9ducation, programmes de soutien psychologique sp\u00e9cialis\u00e9s, et campagnes de sensibilisation pour lutter contre la stigmatisation. <a href=\"https:\/\/www.globalsurvivorsfund.org\/who-we-are\/about-us\/\">Le Fonds mondial pour les survivant\u00b7e\u00b7s<\/a>, offre un mod\u00e8le int\u00e9ressant d&rsquo;approche \u00ab&nbsp;co-cr\u00e9\u00e9e&nbsp;\u00bb de la r\u00e9paration, impliquant les victimes d\u00e8s la conception des programmes.<\/p>\n\n\n\n<p>La Belgique, en raison de ses liens historiques avec la RD Congo, a une responsabilit\u00e9 particuli\u00e8re dans cette crise. Justice &amp; Paix Belgique plaide pour la poursuite des efforts men\u00e9s, notamment, \u00e0 travers l\u2019<a href=\"https:\/\/www.enabel.be\/fr\/country\/rd-congo\/\">agence de coop\u00e9ration Enabel<\/a>, afin de renforcer la prise en charge globale des victimes de violences sexuelles, y compris les enfants n\u00e9s de ces violences. Il est \u00e9galement essentiel de soutenir les syst\u00e8mes judiciaires locaux, en leur apportant un appui technique, financier et logistique, notamment pour am\u00e9liorer la collecte, la conservation et le traitement des preuves.<\/p>\n\n\n\n<p>Le gouvernement doit amplifier le soutien aux ONG belges d\u00e9j\u00e0 engag\u00e9es sur le terrain, comme M\u00e9decins du Monde ou l\u2019ASBL \u00ab Les Enfants de Panzi et d\u2019ailleurs \u00bb, et porter cette question dans ses relations diplomatiques et dans les enceintes europ\u00e9ennes. \u00c0 l\u2019\u00e9chelle europ\u00e9enne, l\u2019Union europ\u00e9enne doit conditionner son aide \u00e0 la RD Congo au respect des droits humains, renforcer son soutien aux m\u00e9canismes de justice internationale, et financer durablement les programmes d\u2019assistance aux survivantes et \u00e0 leurs enfants.<\/p>\n\n\n\n<p>Les violences sexuelles en RD Congo et leurs cons\u00e9quences sur les enfants qui en naissent constituent l&rsquo;une des <strong>trag\u00e9dies humanitaires les plus m\u00e9connues de notre \u00e9poque<\/strong>. D\u00e8s lors, les citoyens et citoyennes belges peuvent agir en partageant des t\u00e9moignages et des documentaires comme <a href=\"https:\/\/www.africamuseum.be\/fr\/see_do\/agenda\/SEMA\"><em>Sema<\/em><\/a> ou <a href=\"https:\/\/www.youtube.com\/watch?v=p3bYL7j0T5U\"><em>L\u2019Homme qui r\u00e9pare les femmes<\/em><\/a>. Brisons le silence en mobilisant l\u2019opinion publique et ainsi pousser les d\u00e9cideur\u00b7euses \u00e0 agir.<\/p>\n\n\n\n<p>La situation des enfants issus de viols r\u00e9v\u00e8le l&rsquo;\u00e9chec collectif de nos soci\u00e9t\u00e9s \u00e0 prot\u00e9ger les plus vuln\u00e9rables. Justice &amp; Paix Belgique appelle \u00e0 une <strong>mobilisation urgente de la communaut\u00e9 internationale pour briser ce cycle de violence et d&rsquo;impunit\u00e9<\/strong>. Ces enfants, loin d&rsquo;\u00eatre des \u00ab&nbsp;enfants serpents&nbsp;\u00bb, sont avant tout des enfants congolais\u00b7es qui ont des droits fondamentaux. Leur rendre leurs droits, c&rsquo;est aussi donner une chance \u00e0 la paix durable dans la r\u00e9gion.<\/p>\n\n\n\n<p><strong>Louise Lesoil.<\/strong><\/p>\n\n\n\n<hr class=\"wp-block-separator has-alpha-channel-opacity\"\/>\n\n\n\n<p><a href=\"#_ftnref1\" id=\"_ftn1\">[1]<\/a> Le courrier des Balkans, viols de guerre&nbsp;: les \u00ab&nbsp;enfants invisibles&nbsp;\u00bb de Bosnie-Herz\u00e9govine, 24 juin 2019.<\/p>\n\n\n\n<p><a href=\"#_ftnref2\" id=\"_ftn2\">[2]<\/a> <a href=\"https:\/\/www.justicepaix.be\/viols-et-agressions-sexuelles-en-periode-de-guerre-comment-y-mettre-fin\/\">https:\/\/www.justicepaix.be\/viols-et-agressions-sexuelles-en-periode-de-guerre-comment-y-mettre-fin\/<\/a><\/p>\n\n\n\n<p><a href=\"#_ftnref3\" id=\"_ftn3\">[3]<\/a> Pendant le g\u00e9nocide rwandais, la milice Interahamwe \u00e9tait dirig\u00e9e par les Hutus.<\/p>\n\n\n\n<p><a href=\"#_ftnref4\" id=\"_ftn4\">[4]<\/a> Wodon Cl\u00e9mence, La justice congolaise face aux violences sexuelles en R\u00e9publique D\u00e9mocratique du Congo, 2023.<\/p>\n\n\n\n<p><\/p>\n","protected":false},"excerpt":{"rendered":"<p>Les violences sexuelles en temps de conflits arm\u00e9s constituent des violations du droit international humanitaire et des droits de l\u2019homme et s\u2019apparentent souvent \u00e0 des crimes internationaux, y compris des crimes de guerre et des crimes contre l\u2019humanit\u00e9. Cette r\u00e9alit\u00e9, transforme les corps des femmes en champs de bataille et condamne des milliers d&rsquo;enfants \u00e0 porter le stigmate d&rsquo;une violence qu&rsquo;ils n&rsquo;ont pas choisie.<\/p>","protected":false},"author":57,"featured_media":29780,"comment_status":"open","ping_status":"open","sticky":false,"template":"","format":"standard","meta":{"_acf_changed":false,"_seopress_robots_primary_cat":"none","_seopress_titles_title":"","_seopress_titles_desc":"","_seopress_robots_index":"","footnotes":""},"categories":[2696,2722,2719],"tags":[3132,2792,2834],"class_list":["post-29777","post","type-post","status-publish","format-standard","has-post-thumbnail","hentry","category-actualites","category-articles-nos-publications","category-nos-publications","tag-paix-securite-defense-2","tag-rd-congo","tag-union-europeenne"],"acf":[],"_links":{"self":[{"href":"https:\/\/www.justicepaix.be\/en\/wp-json\/wp\/v2\/posts\/29777","targetHints":{"allow":["GET"]}}],"collection":[{"href":"https:\/\/www.justicepaix.be\/en\/wp-json\/wp\/v2\/posts"}],"about":[{"href":"https:\/\/www.justicepaix.be\/en\/wp-json\/wp\/v2\/types\/post"}],"author":[{"embeddable":true,"href":"https:\/\/www.justicepaix.be\/en\/wp-json\/wp\/v2\/users\/57"}],"replies":[{"embeddable":true,"href":"https:\/\/www.justicepaix.be\/en\/wp-json\/wp\/v2\/comments?post=29777"}],"version-history":[{"count":1,"href":"https:\/\/www.justicepaix.be\/en\/wp-json\/wp\/v2\/posts\/29777\/revisions"}],"predecessor-version":[{"id":29781,"href":"https:\/\/www.justicepaix.be\/en\/wp-json\/wp\/v2\/posts\/29777\/revisions\/29781"}],"wp:featuredmedia":[{"embeddable":true,"href":"https:\/\/www.justicepaix.be\/en\/wp-json\/wp\/v2\/media\/29780"}],"wp:attachment":[{"href":"https:\/\/www.justicepaix.be\/en\/wp-json\/wp\/v2\/media?parent=29777"}],"wp:term":[{"taxonomy":"category","embeddable":true,"href":"https:\/\/www.justicepaix.be\/en\/wp-json\/wp\/v2\/categories?post=29777"},{"taxonomy":"post_tag","embeddable":true,"href":"https:\/\/www.justicepaix.be\/en\/wp-json\/wp\/v2\/tags?post=29777"}],"curies":[{"name":"wp","href":"https:\/\/api.w.org\/{rel}","templated":true}]}}