{"id":29749,"date":"2025-06-17T11:46:42","date_gmt":"2025-06-17T09:46:42","guid":{"rendered":"https:\/\/www.justicepaix.be\/?p=29749"},"modified":"2025-06-18T11:03:28","modified_gmt":"2025-06-18T09:03:28","slug":"le-omnibus-package-i-un-recul-dangereux-pour-les-droits-humains-dans-le-secteur-minier","status":"publish","type":"post","link":"https:\/\/www.justicepaix.be\/en\/le-omnibus-package-i-un-recul-dangereux-pour-les-droits-humains-dans-le-secteur-minier\/","title":{"rendered":"Le \u00ab Omnibus Package I \u00bb : un recul dangereux pour les droits humains dans le secteur minier\u00a0"},"content":{"rendered":"<p>Justice &amp; Paix et d\u2019autres organisations de la soci\u00e9t\u00e9 civile, membres de <a href=\"https:\/\/eurmc.org\/\" target=\"_blank\" rel=\"noreferrer noopener\">la EU Raw Materials Coalition<\/a>, alertent sur les cons\u00e9quences du <em>Omnibus Simplification Package I<\/em>, propos\u00e9 par la Commission europ\u00e9enne. Ce texte affaiblit gravement la directive sur le devoir de vigilance des entreprises (Corporate Sustainability Due Diligence Directive \u2013 CSDDD)<sup>2<\/sup>, pourtant essentielle pour pr\u00e9venir les atteintes aux droits humains et \u00e0 l\u2019environnement dans les cha\u00eenes d\u2019approvisionnement.\u00a0<\/p>\n\n\n\n<p>Ce paquet introduit trois reculs majeurs en mati\u00e8re de responsabilit\u00e9 des entreprises :&nbsp;<\/p>\n\n\n\n<p><\/p>\n\n\n\n<p><strong>Une vigilance r\u00e9duite aux fournisseurs directs<\/strong><br><br>Limiter la vigilance aux partenaires imm\u00e9diats est incompatible avec les Principes directeurs des Nations Unies relatifs aux entreprises et aux droits de l\u2019homme<sup>3<\/sup> et les Lignes directrices de l\u2019OCDE \u00e0 l\u2019intention des entreprises multinationales<sup>4<\/sup>. Dans le secteur minier, les violations graves (travail des enfants, pollution, d\u00e9placements forc\u00e9s) ont souvent lieu en amont, notamment dans les mines artisanales, par exemple dans le secteur du cobalt en RDC<sup>5<\/sup>. Cechangement rendrait la vigilance inefficace.<\/p>\n\n\n\n<p><\/p>\n\n\n\n<p><strong>Dialogue avec les parties prenantes affaibli<\/strong>\u00a0<br><br>Le texte r\u00e9duit l\u2019obligation de consulter les parties prenantes \u00e0 des moments cruciaux (ex. fin d\u2019un partenariat commercial) et restreint leur d\u00e9finition aux seules personnes directement affect\u00e9es. Cela exclut ONG, syndicats, repr\u00e9sentant\u00b7es autochtones, pourtant indispensables pour relayer les pr\u00e9occupations des communaut\u00e9s locales. Or, 54\u202f% des min\u00e9raux critiques n\u00e9cessaires \u00e0 la transition \u00e9nerg\u00e9tique se trouvent sur ou \u00e0 proximit\u00e9 de territoires autochtones<sup>6<\/sup>.\u00a0<\/p>\n\n\n\n<p><\/p>\n\n\n\n<p><strong>Acc\u00e8s \u00e0 la justice entrav\u00e9<\/strong>\u00a0<br><br>Le texte supprime l\u2019obligation d\u2019un r\u00e9gime de responsabilit\u00e9 civile harmonis\u00e9 au sein de l\u2019UE et interdit les recours collectifs men\u00e9s par des ONG ou syndicats. Cela limite fortement l\u2019acc\u00e8s \u00e0 la justice pour les communaut\u00e9s affect\u00e9es, le secteur minier \u00e9tant par ailleurs l\u2019un des plus dangereux pour les d\u00e9fenseurs\u00b7euses des droits humains<sup>7<\/sup>.\u00a0<\/p>\n\n\n\n<p>Ce paquet contredit les engagements internationaux de l\u2019UE et affaiblit son action pour garantir la responsabilit\u00e9 des entreprises dans les cha\u00eenes d\u2019approvisionnement en minerais critiques. Justice &amp; Paix et ses partenaires appellent les d\u00e9cideurs et d\u00e9cideuses europ\u00e9en\u00b7nes \u00e0 rejeter ce recul et \u00e0 maintenir des normes ambitieuses et coh\u00e9rentes.\u00a0<\/p>\n\n\n\n<p>Lire la d\u00e9claration compl\u00e8te (en anglais) ci-dessous:<\/p>\n\n\n\n<div class=\"wp-block-file\"><a id=\"wp-block-file--media-28d29b79-3714-4e0f-b7a0-d2f8e8cf32ec\" href=\"https:\/\/www.justicepaix.be\/wp-content\/uploads\/2025\/06\/June-2025_Statement-on-Omnibus-Process.pdf\">June 2025_Statement on Omnibus Process<\/a><a href=\"https:\/\/www.justicepaix.be\/wp-content\/uploads\/2025\/06\/June-2025_Statement-on-Omnibus-Process.pdf\" class=\"wp-block-file__button wp-element-button\" download aria-describedby=\"wp-block-file--media-28d29b79-3714-4e0f-b7a0-d2f8e8cf32ec\">Download<\/a><\/div>\n\n\n\n<p><\/p>\n\n\n\n<p><\/p>\n\n\n\n<p>R\u00e9f\u00e9rences:<\/p>\n\n\n\n<p>\u00b9 <a href=\"https:\/\/commission.europa.eu\/document\/download\/71ca40f4-7929-42fc-922c-8a0073b0660f_en?filename=CSDDD+Omnibus+proposal_0.pdf\" target=\"_blank\" rel=\"noreferrer noopener\">Proposal for a Directive amending sustainability reporting and due diligence rules (Omnibus I) \u2013 COM(2025)\u202f<\/a>&nbsp;<\/p>\n\n\n\n<p><sup>2<\/sup><sup> <\/sup><a href=\"https:\/\/www.europarl.europa.eu\/doceo\/document\/TA-9-2024-0333_FR.html\" target=\"_blank\" rel=\"noreferrer noopener\">Directive (UE) 2024\/&#8230; du Parlement europ\u00e9en et du Conseil sur le devoir de vigilance en mati\u00e8re de durabilit\u00e9 des entreprises<\/a>&nbsp;<\/p>\n\n\n\n<p><sup>3<\/sup><sup> <\/sup><a href=\"https:\/\/www.ohchr.org\/documents\/publications\/guidingprinciplesbusinesshr_en.pdf\" target=\"_blank\" rel=\"noreferrer noopener\">United Nations Guiding Principles on Business and Human Rights (UNGPs), 2011.<\/a>&nbsp;<\/p>\n\n\n\n<p><sup>4<\/sup> <a href=\"https:\/\/mneguidelines.oecd.org\/\" target=\"_blank\" rel=\"noreferrer noopener\">Organisation for Economic Co-operation and Development (OCDE), Guidelines for Multinational Enterprises, 2011.<\/a>&nbsp;<\/p>\n\n\n\n<p><sup>5<\/sup><sup> <\/sup><a href=\"https:\/\/www.amnesty.org\/download\/Documents\/AFR6231832016ENGLISH.PDF\" target=\"_blank\" rel=\"noreferrer noopener\">Amnesty International, <em>This is What We Die For<\/em>, 2016.<\/a>&nbsp;<\/p>\n\n\n\n<p><sup>6<\/sup> <a href=\"https:\/\/responsiblemining.net\/\" target=\"_blank\" rel=\"noreferrer noopener\">Initiative for Responsible Mining Assurance (IRMA), 2023.<\/a>&nbsp;<\/p>\n\n\n\n<p><sup>7<\/sup> <a href=\"https:\/\/www.globalwitness.org\/en\/campaigns\/environmental-activists\/defenders-earth-report-2023\/\" target=\"_blank\" rel=\"noreferrer noopener\">Global Witness, <em>Defenders of the Earth<\/em>, 2023.<\/a>&nbsp;<br>&nbsp;<\/p>\n\n\n\n<p><\/p>","protected":false},"excerpt":{"rendered":"<p>Justice &amp; Paix et d\u2019autres organisations de la soci\u00e9t\u00e9 civile, membres de la EU Raw Materials Coalition, alertent sur les cons\u00e9quences du Omnibus Simplification Package I, propos\u00e9 par la Commission europ\u00e9enne. Ce texte affaiblit gravement la directive sur le devoir de vigilance des entreprises (Corporate Sustainability Due Diligence Directive \u2013 CSDDD)2, pourtant essentielle pour pr\u00e9venir [&hellip;]<\/p>\n","protected":false},"author":63,"featured_media":29753,"comment_status":"open","ping_status":"open","sticky":false,"template":"","format":"standard","meta":{"_acf_changed":false,"_seopress_robots_primary_cat":"none","_seopress_titles_title":"","_seopress_titles_desc":"","_seopress_robots_index":"","footnotes":""},"categories":[2696,2720,2721],"tags":[2824,2818,2792,2811,2834],"class_list":["post-29749","post","type-post","status-publish","format-standard","has-post-thumbnail","hentry","category-actualites","category-communiques-de-presse","category-plaidoyer-politique","tag-droits-humains","tag-perou","tag-rd-congo","tag-ressources-naturelles","tag-union-europeenne"],"acf":[],"_links":{"self":[{"href":"https:\/\/www.justicepaix.be\/en\/wp-json\/wp\/v2\/posts\/29749","targetHints":{"allow":["GET"]}}],"collection":[{"href":"https:\/\/www.justicepaix.be\/en\/wp-json\/wp\/v2\/posts"}],"about":[{"href":"https:\/\/www.justicepaix.be\/en\/wp-json\/wp\/v2\/types\/post"}],"author":[{"embeddable":true,"href":"https:\/\/www.justicepaix.be\/en\/wp-json\/wp\/v2\/users\/63"}],"replies":[{"embeddable":true,"href":"https:\/\/www.justicepaix.be\/en\/wp-json\/wp\/v2\/comments?post=29749"}],"version-history":[{"count":1,"href":"https:\/\/www.justicepaix.be\/en\/wp-json\/wp\/v2\/posts\/29749\/revisions"}],"predecessor-version":[{"id":29755,"href":"https:\/\/www.justicepaix.be\/en\/wp-json\/wp\/v2\/posts\/29749\/revisions\/29755"}],"wp:featuredmedia":[{"embeddable":true,"href":"https:\/\/www.justicepaix.be\/en\/wp-json\/wp\/v2\/media\/29753"}],"wp:attachment":[{"href":"https:\/\/www.justicepaix.be\/en\/wp-json\/wp\/v2\/media?parent=29749"}],"wp:term":[{"taxonomy":"category","embeddable":true,"href":"https:\/\/www.justicepaix.be\/en\/wp-json\/wp\/v2\/categories?post=29749"},{"taxonomy":"post_tag","embeddable":true,"href":"https:\/\/www.justicepaix.be\/en\/wp-json\/wp\/v2\/tags?post=29749"}],"curies":[{"name":"wp","href":"https:\/\/api.w.org\/{rel}","templated":true}]}}