{"id":29541,"date":"2025-04-25T17:03:17","date_gmt":"2025-04-25T15:03:17","guid":{"rendered":"https:\/\/www.justicepaix.be\/?p=29541"},"modified":"2025-05-28T15:33:35","modified_gmt":"2025-05-28T13:33:35","slug":"lextractivisme-des-minerais-dans-les-zones-en-conflit","status":"publish","type":"post","link":"https:\/\/www.justicepaix.be\/en\/lextractivisme-des-minerais-dans-les-zones-en-conflit\/","title":{"rendered":"L\u2019extraction des minerais dans les zones en conflit\u00a0"},"content":{"rendered":"\n<p>L\u2019exploitation des ressources mini\u00e8res est souvent li\u00e9e \u00e0 des guerres internes, voire internationales. S\u2019il est bien vrai que 40% des conflits arm\u00e9s internes des soixante derni\u00e8res ann\u00e9es peuvent \u00eatre associ\u00e9s aux ressources naturelles selon des \u00e9tudes de l\u2019ONU, il en r\u00e9sulte qu\u2019un \u00c9tat d\u00e9tenteur d\u2019importants gisements a plus de risques d\u2019\u00eatre le th\u00e9\u00e2tre de conflits qu\u2019un \u00c9tat non pourvu, ce d\u2019autant plus que ces ressources sont de moins en moins disponibles.<\/p>\n\n\n\n<figure class=\"wp-block-image size-large\"><img fetchpriority=\"high\" decoding=\"async\" width=\"1024\" height=\"510\" src=\"https:\/\/www.justicepaix.be\/wp-content\/uploads\/2025\/04\/analyse-1-1024x510.jpg\" alt=\"\" class=\"wp-image-29544\" srcset=\"https:\/\/www.justicepaix.be\/wp-content\/uploads\/2025\/04\/analyse-1-1024x510.jpg 1024w, https:\/\/www.justicepaix.be\/wp-content\/uploads\/2025\/04\/analyse-1-300x150.jpg 300w, https:\/\/www.justicepaix.be\/wp-content\/uploads\/2025\/04\/analyse-1-768x383.jpg 768w, https:\/\/www.justicepaix.be\/wp-content\/uploads\/2025\/04\/analyse-1-1536x765.jpg 1536w, https:\/\/www.justicepaix.be\/wp-content\/uploads\/2025\/04\/analyse-1-18x9.jpg 18w, https:\/\/www.justicepaix.be\/wp-content\/uploads\/2025\/04\/analyse-1.jpg 1800w\" sizes=\"(max-width: 1024px) 100vw, 1024px\" \/><\/figure>\n\n\n\n<p><em>Cr\u00e9dit : macrovector<\/em>.<\/p>\n\n\n\n<p>La ru\u00e9e vers les ressources naturelles croit de plus en plus au fil des ans, mais elle l\u2019est encore beaucoup plus en ce qui concerne les m\u00e9taux strat\u00e9giques. La volont\u00e9 des \u00c9tats-Unis de mettre la main sur les terres rares<a href=\"#_ftn1\" id=\"_ftnref1\">[1]<\/a> d\u2019Ukraine, ou encore la permanence du conflit en RD Congo qui a, entre autres, des liens tr\u00e8s \u00e9troits avec les m\u00e9taux pr\u00e9cieux du sous-sol dans l\u2019Est du pays, en sont des illustrations. <strong>Les guerres de pillages miniers sont aujourd\u2019hui une immense source d\u2019approvisionnement qui implique des acteur\u00b7rices aux niveaux locaux, r\u00e9gionaux et internationaux<\/strong>. &nbsp;<\/p>\n\n\n\n<p>Ainsi, \u00ab\u00a0l\u2019extractivisme contemporain se caract\u00e9rise non seulement par sa taille remarquable et sa vitesse, mais aussi par une intensification de la violence et par des \u00ab&nbsp;injustices extr\u00eames en mati\u00e8re d\u2019environnement&nbsp;\u00bb \u00e0 tel point que l\u2019on pourrait parler d\u2019un \u00ab&nbsp;<em>Hyper-Extractive Age<\/em>&nbsp;\u00bb ou de l\u2019\u00e2ge de l\u2019hyper-extractivisme\u2019\u2019, peut-on lire sur le site du Groupe de recherche pour une strat\u00e9gie \u00e9conomique alternative<a href=\"#_ftn2\" id=\"_ftnref2\">[2]<\/a>. Cette pratique qui consiste \u00e0 extraire les mati\u00e8res premi\u00e8res des sous-sols pour les exporter vers les centres industriels des pays du Nord, est le moteur de l\u2019exploitation des m\u00e9taux dans les zones en conflit et le v\u00e9ritable catalyseur des conflits internes. L\u2019extractivisme renvoie donc plus largement \u00e0 l\u2019appropriation et l\u2019exploitation intensive de la nature \u00e0 des fins d\u2019exportation et de commercialisation<a href=\"#_ftn3\" id=\"_ftnref3\">[3]<\/a>. D\u2019autres parlent m\u00eame d\u2019extractivisme pr\u00e9dateur<a href=\"#_ftn4\" id=\"_ftnref4\">[4]<\/a>. \u00c0 ce sujet, le journaliste Christophe Boltanski, ayant arpent\u00e9 l\u2019Est de la RD Congo, faisait d\u00e9j\u00e0 remarquer que dans le cadre du vieux conflit opposant les gouvernements congolais aux groupes arm\u00e9s, les victoires pour ces derniers ne se comptaient pas en termes de territoires conquis mais de gisements pass\u00e9s sous leur contr\u00f4le et de tonnes de m\u00e9taux extraits<a href=\"#_ftn5\" id=\"_ftnref5\">[5]<\/a>.&nbsp;<\/p>\n\n\n\n<h2 class=\"wp-block-heading\"><strong>Les m\u00e9taux au service de l\u2019\u00e9conomie de guerre<\/strong><\/h2>\n\n\n\n<p>Il existe dans les zones en conflit riches en m\u00e9taux, une \u00ab&nbsp;\u00e9conomie de guerre et de pr\u00e9dation&nbsp;\u00bb dans laquelle violence, profit et destruction de l\u2019environnement se trouvent inextricablement li\u00e9s<strong>.<\/strong> De fait, les groupes arm\u00e9s peuvent \u00e9tablir des syst\u00e8mes de taxes et de captation de rentes sur les exploitations des m\u00e9taux, qu\u2019elles soient artisanales ou d\u00e9tenues par des grandes entreprises. Ces derni\u00e8res, dans le contexte des conflits de la R\u00e9gion des Grands Lacs, <\/p>\n\n\n\n<figure class=\"wp-block-table\"><table class=\"has-fixed-layout\"><tbody><tr><td><strong>Il existe dans les zones en conflit riches en m\u00e9taux, une \u00ab&nbsp;\u00e9conomie de guerre et de pr\u00e9dation&nbsp;\u00bb dans laquelle violence, profit et destruction de l\u2019environnement se trouvent inextricablement li\u00e9s.<\/strong><\/td><\/tr><\/tbody><\/table><\/figure>\n\n\n\n<p>r\u00e9mun\u00e8rent \u00e9galement des groupes arm\u00e9s pour assurer la protection de leurs activit\u00e9s, ce qui contribue \u00e0 entretenir le conflit. D\u2019ailleurs, pr\u00e9cisons que le dernier rapport du Groupe d\u2019expert\u00b7es des Nations Unies sur la R\u00e9publique d\u00e9mocratique du Congo de d\u00e9cembre 2024, alerte sur le contr\u00f4le, la production, le commerce, le transport et l\u2019exportation des min\u00e9raux de Rubaya par la coalition AFC-M23<a href=\"#_ftn6\" id=\"_ftnref6\">[6]<\/a>. Ces groupes arm\u00e9s pr\u00e9l\u00e8vent par exemple 7 dollars par kilogramme de coltan<a href=\"#_ftn7\" id=\"_ftnref7\">[7]<\/a>, ainsi que d\u2019autres taxes et paiements en nature sur la vente et le transport des min\u00e9raux. Selon ce m\u00eame rapport, l\u2019imp\u00f4t sur la production et le commerce du coltan \u00e0 lui seul, \u00e0 Rubaya, a g\u00e9n\u00e9r\u00e9 au moins 800 000 dollars par mois pour la coalition AFC-M23 de la mi-mai \u00e0 la fin octobre 2024<a href=\"#_ftn8\" id=\"_ftnref8\">[8]<\/a>.<\/p>\n\n\n\n<p>Cette partie du globe offre une grille de lecture particuli\u00e8rement violente des enjeux \u00e9conomiques et de pr\u00e9dation qui caract\u00e9risent l\u2019exploitation des m\u00e9taux dans les zones en proie aux conflits. D\u2019une part, l\u2019Union europ\u00e9enne a r\u00e9cemment conclu avec le Rwanda un accord pour l\u2019approvisionnement durable en m\u00e9taux, en particulier en mati\u00e8res premi\u00e8res critiques, alors m\u00eame que certain\u00b7es analystes s\u2019accordent \u00e0 dire que ces minerais proviendraient du pillage des ressources \u00e0 l\u2019Est de la RD Congo. D\u2019autre part, nous voyons avec l\u2019Initiative sur les mati\u00e8res premi\u00e8res critiques de l\u2019UE, que la Commission europ\u00e9enne confirme la d\u00e9pendance ext\u00e9rieure de l\u2019industrie de d\u00e9fense europ\u00e9enne aux minerais comme le tungst\u00e8ne, le tantale et le cobalt qui sont aussi vitales pour les technologies militaires et les armes<a href=\"#_ftn9\" id=\"_ftnref9\">[9]<\/a>. Il est clair d\u00e8s lors que les vell\u00e9it\u00e9s des \u00c9tats d\u2019entrer en possession des m\u00e9taux dans les contextes fragilis\u00e9s par les conflits ne sont un secret pour personne. Cela \u00e9tant, nous constatons pour le d\u00e9plorer qu\u2019en d\u00e9pit des r\u00e9glementations, souvent opaques, la plupart de ces m\u00e9taux acc\u00e8dent aux circuits d\u2019approvisionnement l\u00e9gaux et sont destin\u00e9s aux firmes de transformations, aux fonderies, aux entreprises technologiques et \u00e0 l\u2019industrie des armes, qui sont pour la grande majorit\u00e9 implant\u00e9es aux USA et en Europe.<\/p>\n\n\n\n<p>Mais puisque la prolif\u00e9ration et la circulation des armes dans les zones en conflit est ce qui favorise le conflit, il est \u00e0 se demander quelles responsabilit\u00e9s \u00ab&nbsp;les entreprises de guerre&nbsp;\u00bb portent-elles. Quand on sait que \u00ab&nbsp;les minerais de sang&nbsp;\u00bb<a href=\"#_ftn10\" id=\"_ftnref10\">[10]<\/a>, (dont font partis le tungst\u00e8ne et le tantale) et qui ont de tr\u00e8s fortes applications militaires, sont pris\u00e9es pour la fabrication des armes, lesquelles armes sont finalement utilis\u00e9es par les groupes arm\u00e9s pour maintenir les situations de conflit. Il suffit pour s\u2019en convaincre de s\u2019int\u00e9resser au flux illicite d\u2019armes l\u00e9g\u00e8res et de petits calibres dans les contextes fragiles. M\u00eame s\u2019il y est difficile, voire impossible, de d\u00e9terminer le nombre d\u2019armes en circulation, il s\u2019est multipli\u00e9 au cours des derni\u00e8res d\u00e9cennies reconnait Christiane Agboton-Johnson, ex-directrice adjointe de l&rsquo;Institut des Nations Unies pour la Recherche sur le D\u00e9sarmement (UNIDIR)<a href=\"#_ftn11\" id=\"_ftnref11\">[11]<\/a>. <strong>L\u2019hyper-extractivisme des m\u00e9taux dans les zones en conflit est r\u00e9solument au service de la guerre plut\u00f4t que de tout autre objectif<\/strong>. Non seulement l\u2019exploitation des m\u00e9taux dans ces zones entra\u00eene des cons\u00e9quences tr\u00e8s n\u00e9fastes sur l\u2019environnement, mais encore, les conflits eux-m\u00eames ont des facteurs aggravants sur la destruction des \u00e9cosyst\u00e8mes, avec un impact \u00e9cologique consid\u00e9rable.<\/p>\n\n\n\n<p>L\u2019exploitation des m\u00e9taux exerce une pression sur les terres et les eaux avec des cons\u00e9quences catastrophiques sur la faune et la flore. Les zones en conflit sont potentiellement \u00e9cocidaires. Les m\u00e9thodes de guerre autant que les exploitations de ressources dans les zones en conflit peuvent conduire \u00e0 des dommages irr\u00e9versibles sur l\u2019environnement. C\u2019est la raison pour laquelle le r\u00f4le de la protection continue de l\u2019environnement dans les zones touch\u00e9es par les conflits arm\u00e9s demeure une pr\u00e9occupation majeure. Cela a \u00e9t\u00e9 soulign\u00e9 \u00e0 juste titre par l\u2019Assembl\u00e9e des Nations-Unies pour l\u2019environnement \u00e0 travers une r\u00e9solution adopt\u00e9e en 2016<a href=\"#_ftn12\" id=\"_ftnref12\">[12]<\/a>.<\/p>\n\n\n\n<figure class=\"wp-block-table\"><table class=\"has-fixed-layout\"><tbody><tr><td><strong>Les zones en conflit sont potentiellement \u00e9cocidaires<\/strong><\/td><\/tr><\/tbody><\/table><\/figure>\n\n\n\n<h2 class=\"wp-block-heading\">Face \u00e0 cette situation, quelle posture adopter&nbsp;?&nbsp;<\/h2>\n\n\n\n<ul class=\"wp-block-list\">\n<li>Au niveau citoyen il est essentiel que nous continuions d\u2019informer et nous informer, afin de renforcer la mobilisation pour d\u2019obtenir une r\u00e9glementation plus contraignante sur la provenance, la vente et le commerce des m\u00e9taux strat\u00e9giques et qui inclut tous les acteur\u00b7rices de la chaine d\u2019approvisionnement.<\/li>\n\n\n\n<li>Concernant les armes l\u00e9g\u00e8res et de petits calibres, il serait tout aussi important d\u2019organiser un meilleur contr\u00f4le du flux des armes par un syst\u00e8me de tra\u00e7abilit\u00e9 plus rigoureux \u00e0 l\u2019\u00e9gard des entreprises.<\/li>\n\n\n\n<li>&nbsp;Au niveau global, une plus forte responsabilisation des grandes entreprises passera par l\u2019adoption du trait\u00e9 de l\u2019ONU sur les soci\u00e9t\u00e9s transnationales et les droits humains, qui est toujours en n\u00e9gociation au sein du Conseil des droits de l\u2019homme depuis 11 ans. <strong>Combien de temps faudra-t-il encore attendre&nbsp;?<\/strong><\/li>\n\n\n\n<li>Un r\u00e9el engagement de la communaut\u00e9 internationale en faveur de la paix est n\u00e9cessaire, ainsi que l\u2019abandon du \u201cdeux poids deux mesures\u201d et des calculs politiques qui font beaucoup de tort \u00e0 l\u2019humanit\u00e9 et \u00e0 la nature.<\/li>\n\n\n\n<li>Nous devons promouvoir une gestion plus durable des ressources, qui tienne compte \u00e0 la fois des droits humains et des aspirations des communaut\u00e9s locales.<\/li>\n\n\n\n<li>Il faudrait une tr\u00e8s large synergie d\u2019actions pour une refonte du mod\u00e8le \u00e9conomique des pays \u00e0 faibles revenus, riches en ressources mini\u00e8res vis-\u00e0-vis des pays \u00e9conomiquement forts, et \u00e9mergents. <strong>L\u2019extractivisme est une vieille pratique \u00e9conomique coloniale qui, aujourd\u2019hui, ne profite malheureusement pas au d\u00e9veloppement des PRFI, tant les guerres civiles et conflits sociaux s\u2019apparentent de plus en plus \u00e0 ce ph\u00e9nom\u00e8ne.<\/strong><\/li>\n<\/ul>\n\n\n\n<p>Ramener la paix dans les zones en conflit s\u2019av\u00e8re \u00eatre ce qu\u2019il y a de plus fondamental, <strong>Pr\u00e9venir les conflits par une gestion durable des ressources mini\u00e8res. c\u2019est aussi prot\u00e9ger l\u2019environnement<\/strong>.<\/p>\n\n\n\n<p><strong>Merlin Fotabong Assoua.<\/strong><\/p>\n\n\n\n<hr class=\"wp-block-separator has-alpha-channel-opacity\"\/>\n\n\n\n<p><a href=\"#_ftnref1\" id=\"_ftn1\">[1]<\/a> Groupe de 16 m\u00e9taux aux propri\u00e9t\u00e9s semblables (yttrium, lanthane, c\u00e9rium, n\u00e9odyme, terbium, dysprosium, etc).&nbsp; Contrairement \u00e0 ce que leur nom indique, elles sont r\u00e9pandues et on ne les trouve jamais \u00e0 l\u2019\u00e9tat pur. Leur raffinage est complexe et polluant. Elles sont utilis\u00e9es entre autres dans les aimants de missiles. Commission Justice et Paix, derri\u00e8re nos \u00e9crans&nbsp;: les enjeux de l\u2019exploitation mini\u00e8re, Dossier p\u00e9dagogique, 2019, p.14<\/p>\n\n\n\n<p><a href=\"#_ftnref2\" id=\"_ftn2\">[2]<\/a> <a href=\"https:\/\/gresea.be\/Le-pillage-muscle-par-l-hyperextractivisme\">https:\/\/gresea.be\/Le-pillage-muscle-par-l-hyperextractivisme<\/a><\/p>\n\n\n\n<p><a href=\"#_ftnref3\" id=\"_ftn3\">[3]<\/a> Commission Justice et Paix, op., cit., p.9<\/p>\n\n\n\n<p><a href=\"#_ftnref4\" id=\"_ftn4\">[4]<\/a> Bisht, Arpita., et al. \u00ab Extractivisme pr\u00e9dateur et conflits de distribution \u00e9cologique : Le minerai de fer en Inde \u00bb. Multitudes, 2019\/2 n\u00b0 75, 2019. p.180-185<\/p>\n\n\n\n<p><a href=\"#_ftnref5\" id=\"_ftn5\">[5]<\/a> Christophe Boltanski, <em>Minerais de sang. Les esclaves du monde moderne, <\/em>folio actuel, 2014. p. 32<\/p>\n\n\n\n<p><a href=\"#_ftnref6\" id=\"_ftn6\">[6]<\/a> Rapport \u00e0 mi-parcours du Groupe d\u2019experts de l\u2019ONU sur la R\u00e9publique D\u00e9mocratique du Congo, 27 d\u00e9cembre 2024, p., 15. <a href=\"http:\/\/www.undocs.org\/fr\/S\/2024\/969\">http:\/\/www.undocs.org\/fr\/S\/2024\/969<\/a><\/p>\n\n\n\n<p><a href=\"#_ftnref7\" id=\"_ftn7\">[7]<\/a> <em>Ibid.,<\/em><\/p>\n\n\n\n<p><a href=\"#_ftnref8\" id=\"_ftn8\">[8]<\/a> <em>Ibid.,<\/em><\/p>\n\n\n\n<p><a href=\"#_ftnref9\" id=\"_ftn9\">[9]<\/a> Rapport 2020 de la Commission europ\u00e9enne sur \u00ab&nbsp;les mati\u00e8res premi\u00e8res essentielles pour les technologies et les secteurs strat\u00e9giques de l\u2019UE, une \u00e9tude prospective&nbsp;\u00bb, p. 70<\/p>\n\n\n\n<p><a href=\"#_ftnref10\" id=\"_ftn10\">[10]<\/a> Par l\u2019expression \u00ab minerais de sang \u00bb on d\u00e9signe quatre minerais et m\u00e9taux \u2013 \u00e9tain, tungst\u00e8ne,<br>tantale et or \u2013 dont la production est souvent contr\u00f4l\u00e9e par des groupes arm\u00e9s, en R\u00e9publique<br>d\u00e9mocratique du Congo (essentiellement dans la r\u00e9gion du Kivu) et dans la r\u00e9gion des Grands Lacs<br>mais aussi au Zimbabwe, en R\u00e9publique centrafricaine, en Birmanie ou encore en Colombie. Ce pillage<br>de ressources est difficile \u00e0 chiffrer mais l\u2019ONU estime qu\u2019en 2013, 98% de l\u2019or produit en RDC est<br>sorti clandestinement du pays. Ces minerais se retrouvent pourtant dans des fili\u00e8res de production<br>officielles et \u00ab l\u00e9gales \u00bb.<\/p>\n\n\n\n<p><a href=\"#_ftnref11\" id=\"_ftn11\">[11]<\/a><a href=\"https:\/\/information.tv5monde.com\/afrique\/video\/armes-une-proliferation-inquietante-en-afrique-2758638\">https:\/\/information.tv5monde.com\/afrique\/video\/armes-une-proliferation-inquietante-en-afrique-2758638<\/a><\/p>\n\n\n\n<p><a href=\"#_ftnref12\" id=\"_ftn12\">[12]<\/a> PNUE \u2013 Programme des Nations Unies pour L\u2019environnement. 2\/15. Protection de l\u2019environnement dans les zones touch\u00e9es par les conflits arm\u00e9s \u2013 UNEP\/EA.2\/Res.15. New York : PNUE, 2016.<\/p>\n\n\n\n<p><\/p>\n\n\n\n<p><\/p>\n","protected":false},"excerpt":{"rendered":"<p>Nous assistons, depuis de nombreuses ann\u00e9es, \u00e0 une v\u00e9ritable localisation des conflits dans certaines parties du globe riches en mati\u00e8res premi\u00e8res. Leurs cons\u00e9quences sur la vie et la nature interpellent \u00e0 plus d\u2019un titre. Cette r\u00e9flexion montre en quoi l\u2019extractivisme des minerais dans les zones en conflit est \u00ab une chasse au tr\u00e9sor \u00bb qui sert l\u2019\u00e9conomie de guerre et pr\u00e9sente des cons\u00e9quences n\u00e9fastes sur l\u2019environnement.<\/p>","protected":false},"author":57,"featured_media":29544,"comment_status":"open","ping_status":"open","sticky":false,"template":"","format":"standard","meta":{"_acf_changed":false,"_seopress_robots_primary_cat":"none","_seopress_titles_title":"","_seopress_titles_desc":"","_seopress_robots_index":"","footnotes":""},"categories":[2696,2722,2719],"tags":[2883,2792],"class_list":["post-29541","post","type-post","status-publish","format-standard","has-post-thumbnail","hentry","category-actualites","category-articles-nos-publications","category-nos-publications","tag-environnement","tag-rd-congo"],"acf":[],"_links":{"self":[{"href":"https:\/\/www.justicepaix.be\/en\/wp-json\/wp\/v2\/posts\/29541","targetHints":{"allow":["GET"]}}],"collection":[{"href":"https:\/\/www.justicepaix.be\/en\/wp-json\/wp\/v2\/posts"}],"about":[{"href":"https:\/\/www.justicepaix.be\/en\/wp-json\/wp\/v2\/types\/post"}],"author":[{"embeddable":true,"href":"https:\/\/www.justicepaix.be\/en\/wp-json\/wp\/v2\/users\/57"}],"replies":[{"embeddable":true,"href":"https:\/\/www.justicepaix.be\/en\/wp-json\/wp\/v2\/comments?post=29541"}],"version-history":[{"count":2,"href":"https:\/\/www.justicepaix.be\/en\/wp-json\/wp\/v2\/posts\/29541\/revisions"}],"predecessor-version":[{"id":29607,"href":"https:\/\/www.justicepaix.be\/en\/wp-json\/wp\/v2\/posts\/29541\/revisions\/29607"}],"wp:featuredmedia":[{"embeddable":true,"href":"https:\/\/www.justicepaix.be\/en\/wp-json\/wp\/v2\/media\/29544"}],"wp:attachment":[{"href":"https:\/\/www.justicepaix.be\/en\/wp-json\/wp\/v2\/media?parent=29541"}],"wp:term":[{"taxonomy":"category","embeddable":true,"href":"https:\/\/www.justicepaix.be\/en\/wp-json\/wp\/v2\/categories?post=29541"},{"taxonomy":"post_tag","embeddable":true,"href":"https:\/\/www.justicepaix.be\/en\/wp-json\/wp\/v2\/tags?post=29541"}],"curies":[{"name":"wp","href":"https:\/\/api.w.org\/{rel}","templated":true}]}}