{"id":29199,"date":"2025-02-10T14:51:51","date_gmt":"2025-02-10T13:51:51","guid":{"rendered":"https:\/\/www.justicepaix.be\/?p=29199"},"modified":"2025-02-10T14:52:51","modified_gmt":"2025-02-10T13:52:51","slug":"29199-2","status":"publish","type":"post","link":"https:\/\/www.justicepaix.be\/en\/29199-2\/","title":{"rendered":"LN 24 &#8211; Prise de Goma par le M23"},"content":{"rendered":"<p>Patrick Balemba, charg\u00e9 de recherche chez Justice &amp; Paix, sur le plateau de LN24 pour analyser la recrudescence du conflit \u00e0 l&rsquo;est de la RD Congo.<\/p>\n\n\n\n<p>Les affrontements entre les rebelles du M23\/AFC, d&rsquo;un c\u00f4t\u00e9, et les Forces arm\u00e9es congolaises (FARDC) et milices \u00ab Wazalendo \u00bb, de l&rsquo;autre, ont entra\u00een\u00e9 le d\u00e9placement de milliers de civil\u00b7es au Nord-Kivu.<\/p>\n\n\n\n<p>Malgr\u00e9 les appels du Conseil de s\u00e9curit\u00e9 de l&rsquo;ONU et de la Belgique \u00e0 un cessez-le-feu, Goma est d\u00e9sormais entre les mains des rebelles. Les populations civiles, priv\u00e9es d\u2019\u00e9lectricit\u00e9, d\u2019internet voire d\u2019eau depuis quatre jours, requi\u00e8rent une assistance humanitaire imm\u00e9diate.<\/p>\n\n\n\n<p>Quelles sont les possibles voies de sortie de cette crise ? <a href=\"https:\/\/www.ultimedia.com\/deliver\/generic\/iframe\/mdtk\/01524900\/src\/xku50vu\/zone\/2\/showtitle\/1\/\" data-type=\"link\" data-id=\"https:\/\/www.ultimedia.com\/deliver\/generic\/iframe\/mdtk\/01524900\/src\/xku50vu\/zone\/2\/showtitle\/1\/\">D\u00e9couvrez son analyse sur LN24.<\/a><\/p>","protected":false},"excerpt":{"rendered":"<p>Patrick Balemba, charg\u00e9 de recherche chez Justice &amp; Paix, sur le plateau de LN24 pour analyser la recrudescence du conflit \u00e0 l&rsquo;est de la RD Congo. Les affrontements entre les rebelles du M23\/AFC, d&rsquo;un c\u00f4t\u00e9, et les Forces arm\u00e9es congolaises (FARDC) et milices \u00ab Wazalendo \u00bb, de l&rsquo;autre, ont entra\u00een\u00e9 le d\u00e9placement de milliers de [&hellip;]<\/p>\n","protected":false},"author":63,"featured_media":29202,"comment_status":"open","ping_status":"open","sticky":false,"template":"","format":"standard","meta":{"_acf_changed":false,"_seopress_robots_primary_cat":"none","_seopress_titles_title":"","_seopress_titles_desc":"","_seopress_robots_index":"","footnotes":""},"categories":[2696,2846],"tags":[],"class_list":["post-29199","post","type-post","status-publish","format-standard","has-post-thumbnail","hentry","category-actualites","category-dans-les-medias"],"acf":[],"_links":{"self":[{"href":"https:\/\/www.justicepaix.be\/en\/wp-json\/wp\/v2\/posts\/29199","targetHints":{"allow":["GET"]}}],"collection":[{"href":"https:\/\/www.justicepaix.be\/en\/wp-json\/wp\/v2\/posts"}],"about":[{"href":"https:\/\/www.justicepaix.be\/en\/wp-json\/wp\/v2\/types\/post"}],"author":[{"embeddable":true,"href":"https:\/\/www.justicepaix.be\/en\/wp-json\/wp\/v2\/users\/63"}],"replies":[{"embeddable":true,"href":"https:\/\/www.justicepaix.be\/en\/wp-json\/wp\/v2\/comments?post=29199"}],"version-history":[{"count":2,"href":"https:\/\/www.justicepaix.be\/en\/wp-json\/wp\/v2\/posts\/29199\/revisions"}],"predecessor-version":[{"id":29204,"href":"https:\/\/www.justicepaix.be\/en\/wp-json\/wp\/v2\/posts\/29199\/revisions\/29204"}],"wp:featuredmedia":[{"embeddable":true,"href":"https:\/\/www.justicepaix.be\/en\/wp-json\/wp\/v2\/media\/29202"}],"wp:attachment":[{"href":"https:\/\/www.justicepaix.be\/en\/wp-json\/wp\/v2\/media?parent=29199"}],"wp:term":[{"taxonomy":"category","embeddable":true,"href":"https:\/\/www.justicepaix.be\/en\/wp-json\/wp\/v2\/categories?post=29199"},{"taxonomy":"post_tag","embeddable":true,"href":"https:\/\/www.justicepaix.be\/en\/wp-json\/wp\/v2\/tags?post=29199"}],"curies":[{"name":"wp","href":"https:\/\/api.w.org\/{rel}","templated":true}]}}