{"id":29089,"date":"2025-01-16T15:06:14","date_gmt":"2025-01-16T14:06:14","guid":{"rendered":"https:\/\/www.justicepaix.be\/?p=29089"},"modified":"2025-02-27T14:00:56","modified_gmt":"2025-02-27T13:00:56","slug":"plateforme-afrique-centrale-pac-memorandum-2024-29","status":"publish","type":"post","link":"https:\/\/www.justicepaix.be\/en\/plateforme-afrique-centrale-pac-memorandum-2024-29\/","title":{"rendered":"Plateforme Afrique centrale (PAC) &#8211; Memorandum 2024-29"},"content":{"rendered":"<p><\/p>\n\n\n\n<h2 class=\"wp-block-heading\">Contexte du Memorandum<\/h2>\n\n\n\n<p>Les 45 membres de la Plateforme Afrique centrale, coordonn\u00e9e par le CNCD11.11.11 et la coupole flamande 11.11.11, joignons nos voix et celles de nos partenaires des Grands Lacs pour appeler \u00e0 l\u2019action nos repr\u00e9sentant\u00b7es politiques. Car oui, peu importe la couleur des partis ou des (futures) coalitions politiques, la Belgique se doit d\u2019honorer ses engagements internationaux pour le respect et la promotion des droits humains ici et ailleurs. Et avec qui d\u2019autre que les pays des Grands Lacs, avec lesquels nous avons des liens historiques sans pr\u00e9c\u00e9dent, pouvons-nous manifester notre attachement aux valeurs de d\u00e9mocratie, fraternit\u00e9 et solidarit\u00e9 dont nous nous targuons dans les grands c\u00e9nacles politiques et diplomatiques ?<\/p>\n\n\n\n<p><strong>Pour ce faire, il est essentiel que la Belgique :<\/strong><\/p>\n\n\n\n<ul class=\"wp-block-list\">\n<li>Soutienne activement les efforts de stabilisation de la r\u00e9gion ;<\/li>\n\n\n\n<li>Renforce l\u2019espace civique et la promotion des droits humains ;<\/li>\n\n\n\n<li>M\u00e8ne une politique coh\u00e9rente ayant pour priorit\u00e9s les int\u00e9r\u00eats des populations civiles et la stabilit\u00e9 r\u00e9gionale ;<\/li>\n\n\n\n<li>Augmente substantiellement les diff\u00e9rentes enveloppes pour un financement climatique suffisant, r\u00e9pondant aux besoins et priorit\u00e9s des pays d\u2019Afrique centrale en termes d\u2019att\u00e9nuation, d\u2019adaptation et de pertes et pr\u00e9judices li\u00e9s au d\u00e9r\u00e8glement climatique ;<\/li>\n\n\n\n<li>Mobilise des moyens additionnels pour r\u00e9pondre aux besoins structurels de d\u00e9veloppement, ainsi qu\u2019aux besoins humanitaires des populations de la r\u00e9gion ;<\/li>\n\n\n\n<li>Priorise l\u2019\u00e9galit\u00e9 des genres pour la stabilit\u00e9 et la prosp\u00e9rit\u00e9 r\u00e9gionale dans les politiques \u00e9trang\u00e8re et de coop\u00e9ration avec les pays de la r\u00e9gion ;<\/li>\n\n\n\n<li>Pr\u00f4ne le travail d\u00e9cent, l\u2019employabilit\u00e9 des jeunes et la protection sociale dans les programmes de coop\u00e9ration ;<\/li>\n\n\n\n<li>Fasse du cadre des droits humains la base des politiques en mati\u00e8re de commerce, notamment des mati\u00e8res premi\u00e8res ;<\/li>\n\n\n\n<li>Veille au devoir de vigilance des entreprises pour pr\u00e9venir les violations des droits humains, des normes sociales et environnementales ;<\/li>\n\n\n\n<li>Participe au renforcement de la transparence et la cr\u00e9dibilit\u00e9 des processus \u00e9lectoraux ;<\/li>\n\n\n\n<li>Lutte contre la faim, appuyer la souverainet\u00e9 alimentaire, renforcer les efforts de s\u00e9curisation des terres et lutter contre l\u2019accaparement des terres ;<\/li>\n\n\n\n<li>Renforce les syst\u00e8mes de sant\u00e9 pour une couverture sanitaire universelle.<\/li>\n<\/ul>\n\n\n\n<p><\/p>\n\n\n\n<h3 class=\"wp-block-heading\">Pour lire le Memorandum complet<\/h3>\n\n\n\n<ul class=\"wp-block-list\">\n<li>Site de la plateforme : <a href=\"https:\/\/www.cncd.be\/+-Plateforme-Afrique-centrale-+#:~:text=Son%20but%20est%20de%20promouvoir,sein%20de%2011.11.11%20KVNZB.\">https:\/\/www.cncd.be\/Plateforme-Afrique-centrale<\/a><\/li>\n\n\n\n<li>Lien vers le document : <a href=\"https:\/\/www.justicepaix.be\/wp-content\/uploads\/2025\/01\/2024-12-memorandum-afrique-centrale-2024-2029.pdf\">https:\/\/www.justicepaix.be\/wp-content\/uploads\/2025\/01\/2024-12-memorandum-afrique-centrale-2024-2029.pdf<\/a><\/li>\n<\/ul>\n\n\n\n<p><\/p>\n\n\n\n<h3 class=\"wp-block-heading\">Contacts<\/h3>\n\n\n\n<p><\/p>\n\n\n\n<p><strong>Alejandra Mejia Cardona,<em> Justice &amp; Peace<\/em><\/strong><\/p>\n\n\n\n<p>Responsable de plaidoyer Afrique centrale et pr\u00e9vention des conflits : <a href=\"mailto:Alejandra.mejia@justicepaix.be\">alejandra.mejia@justicepaix.be<\/a><\/p>\n\n\n\n<p><strong>Eva Demar\u00e9,<em> 11.11.11<\/em><\/strong><\/p>\n\n\n\n<p>Charg\u00e9e de mission et espace civique pour la r\u00e9gion des Grands Lacs : <a href=\"mailto:eva.demare@11.be\">eva.demare@11.be<\/a><\/p>\n\n\n\n<p><strong>Vital Nshimirimana,<em> CNCD &#8211; 11.11.11<\/em><\/strong><\/p>\n\n\n\n<p>Responsable de plaidoyer Afrique centrale : <a href=\"mailto:vital.nshimirimana@cncd.be\">vital.nshimirimana@cncd.be<\/a><\/p>","protected":false},"excerpt":{"rendered":"<p>Contexte du Memorandum Les 45 membres de la Plateforme Afrique centrale, coordonn\u00e9e par le CNCD11.11.11 et la coupole flamande 11.11.11, joignons nos voix et celles de nos partenaires des Grands Lacs pour appeler \u00e0 l\u2019action nos repr\u00e9sentant\u00b7es politiques. Car oui, peu importe la couleur des partis ou des (futures) coalitions politiques, la Belgique se doit [&hellip;]<\/p>\n","protected":false},"author":63,"featured_media":29092,"comment_status":"open","ping_status":"open","sticky":false,"template":"","format":"standard","meta":{"_acf_changed":false,"_seopress_robots_primary_cat":"none","_seopress_titles_title":"","_seopress_titles_desc":"","_seopress_robots_index":"","footnotes":""},"categories":[2696,2721],"tags":[2794,2835,2824,2815,3201,2825,2792],"class_list":["post-29089","post","type-post","status-publish","format-standard","has-post-thumbnail","hentry","category-actualites","category-plaidoyer-politique","tag-afrique-centrale","tag-democratie","tag-droits-humains","tag-plaidoyer","tag-plaidoyer-politique","tag-prevention-des-conflits","tag-rd-congo"],"acf":[],"_links":{"self":[{"href":"https:\/\/www.justicepaix.be\/en\/wp-json\/wp\/v2\/posts\/29089","targetHints":{"allow":["GET"]}}],"collection":[{"href":"https:\/\/www.justicepaix.be\/en\/wp-json\/wp\/v2\/posts"}],"about":[{"href":"https:\/\/www.justicepaix.be\/en\/wp-json\/wp\/v2\/types\/post"}],"author":[{"embeddable":true,"href":"https:\/\/www.justicepaix.be\/en\/wp-json\/wp\/v2\/users\/63"}],"replies":[{"embeddable":true,"href":"https:\/\/www.justicepaix.be\/en\/wp-json\/wp\/v2\/comments?post=29089"}],"version-history":[{"count":6,"href":"https:\/\/www.justicepaix.be\/en\/wp-json\/wp\/v2\/posts\/29089\/revisions"}],"predecessor-version":[{"id":29278,"href":"https:\/\/www.justicepaix.be\/en\/wp-json\/wp\/v2\/posts\/29089\/revisions\/29278"}],"wp:featuredmedia":[{"embeddable":true,"href":"https:\/\/www.justicepaix.be\/en\/wp-json\/wp\/v2\/media\/29092"}],"wp:attachment":[{"href":"https:\/\/www.justicepaix.be\/en\/wp-json\/wp\/v2\/media?parent=29089"}],"wp:term":[{"taxonomy":"category","embeddable":true,"href":"https:\/\/www.justicepaix.be\/en\/wp-json\/wp\/v2\/categories?post=29089"},{"taxonomy":"post_tag","embeddable":true,"href":"https:\/\/www.justicepaix.be\/en\/wp-json\/wp\/v2\/tags?post=29089"}],"curies":[{"name":"wp","href":"https:\/\/api.w.org\/{rel}","templated":true}]}}