{"id":29002,"date":"2024-12-19T10:24:33","date_gmt":"2024-12-19T09:24:33","guid":{"rendered":"https:\/\/www.justicepaix.be\/?p=29002"},"modified":"2024-12-19T10:29:58","modified_gmt":"2024-12-19T09:29:58","slug":"la-justice-sociale-a-360-degres","status":"publish","type":"post","link":"https:\/\/www.justicepaix.be\/en\/la-justice-sociale-a-360-degres\/","title":{"rendered":"La justice sociale \u00e0 360 d\u00e9gr\u00e9s"},"content":{"rendered":"<div class=\"wp-block-columns alignwide is-layout-flex wp-container-core-columns-is-layout-28f84493 wp-block-columns-is-layout-flex\">\n<div class=\"wp-block-column is-layout-flow wp-block-column-is-layout-flow\" style=\"flex-basis:56%\">\n<p>\u201c\u00a0<strong><em>Vous tenez le dernier num\u00e9ro de l\u2019ann\u00e9e du Pour parler de paix entre vos mains, et avec lui, un condens\u00e9 de r\u00e9flexions sur la justice sociale. <\/em><\/strong><\/p>\n\n\n\n<p><em>Dans ce num\u00e9ro, nous explorons l\u2019importance de transmettre l\u2019histoire pour d\u00e9construire les discriminations structurelles et r\u00e9fl\u00e9chir aux in\u00e9galit\u00e9s profondes en Wallonie et \u00e0 Bruxelles. Le r\u00f4le des r\u00e9seaux sociaux comme outils de mobilisation et les avanc\u00e9es r\u00e9centes en justice fiscale mondiale ouvrent \u00e9galement des pistes d\u2019action concr\u00e8tes pour une soci\u00e9t\u00e9 plus juste et plus solidaire. Enfin, un regard est port\u00e9 sur les luttes pour l\u2019inclusion et le respect des droits humains. Ce num\u00e9ro se veut \u00e0 la fois un bilan et une source d\u2019inspiration pour avancer ensemble. Toute l\u2019\u00e9quipe de Justice &amp; Paix vous souhaite de belles f\u00eates de fin d\u2019ann\u00e9e et une lecture enrichissante !<\/em>\u201c\u00a0<\/p>\n\n\n\n<p><strong>Quentin Hayois, secr\u00e9taire g\u00e9n\u00e9ra<\/strong>L<\/p>\n\n\n\n<p>Good reading !<\/p>\n<\/div>\n\n\n\n<div class=\"wp-block-column is-layout-flow wp-block-column-is-layout-flow\" style=\"flex-basis:44%\">\n<figure class=\"wp-block-image\"><img fetchpriority=\"high\" decoding=\"async\" width=\"972\" height=\"968\" src=\"https:\/\/www.justicepaix.be\/wp-content\/uploads\/2024\/12\/Capture-decran-2024-12-19-100858.jpg\" alt=\"\" class=\"wp-image-29007\" srcset=\"https:\/\/www.justicepaix.be\/wp-content\/uploads\/2024\/12\/Capture-decran-2024-12-19-100858.jpg 972w, https:\/\/www.justicepaix.be\/wp-content\/uploads\/2024\/12\/Capture-decran-2024-12-19-100858-300x300.jpg 300w, https:\/\/www.justicepaix.be\/wp-content\/uploads\/2024\/12\/Capture-decran-2024-12-19-100858-150x150.jpg 150w, https:\/\/www.justicepaix.be\/wp-content\/uploads\/2024\/12\/Capture-decran-2024-12-19-100858-768x765.jpg 768w, https:\/\/www.justicepaix.be\/wp-content\/uploads\/2024\/12\/Capture-decran-2024-12-19-100858-12x12.jpg 12w\" sizes=\"(max-width: 972px) 100vw, 972px\" \/><\/figure>\n<\/div>\n<\/div>\n\n\n\n<div class=\"wp-block-columns alignwide is-layout-flex wp-container-core-columns-is-layout-28f84493 wp-block-columns-is-layout-flex\">\n<div class=\"wp-block-column is-layout-flow wp-block-column-is-layout-flow\">\n<h2 class=\"wp-block-heading\">You too can participate in the writing of our quarterly magazine: Pour Parler de Paix<\/h2>\n\n\n\n<p><\/p>\n\n\n\n<p>This review is written by part of&nbsp;<a href=\"https:\/\/www.justicepaix.be\/en\/our-team\/\" data-type=\"link\" data-id=\"https:\/\/www.justicepaix.be\/notre-equipe\/\">our team<\/a>&nbsp;permanent staff and&nbsp;<strong>thanks to the valuable help of our volunteers<\/strong>. Vous voulez rejoindre le comit\u00e9 de r\u00e9daction? Vous souhaitez vous exprimer sur un sujet? Contactez Louise Lesoil :&nbsp;<strong><a href=\"mailto:sarah.verries@justicepaix.be\" target=\"_blank\" rel=\"noreferrer noopener\">louise.lesoil@justicepaix.be<\/a><\/strong>, Or <a href=\"https:\/\/www.justicepaix.be\/en\/become-a-volunteer-at-justice-peace\/\" target=\"_blank\" rel=\"noreferrer noopener\"><strong>Click here<\/strong><\/a> to complete the volunteer form.<\/p>\n<\/div>\n<\/div>\n\n\n\n<div class=\"wp-block-columns alignwide is-layout-flex wp-container-core-columns-is-layout-28f84493 wp-block-columns-is-layout-flex\">\n<div class=\"wp-block-column is-layout-flow wp-block-column-is-layout-flow\">\n<h2 class=\"wp-block-heading\">Vous souhaitez recevoir notre revue en version papier?<\/h2>\n\n\n\n<p><\/p>\n\n\n\n<p>THE&nbsp;<strong>To Talk About Peace<\/strong>&nbsp;est disponible en version PDF gratuitement ci-dessous. Vous pouvez \u00e9galement recevoir la revue en version papier \u00e0 votre domicile<strong> en vous&nbsp;<a href=\"https:\/\/www.justicepaix.be\/en\/subscription-to-to-talk-about-peace\/\">subscribe here<\/a>.<\/strong><\/p>\n\n\n\n<p>Si vous souhaitez nous soutenir, vous avez la possibilit\u00e9 de souscrire \u00e0 un abonnement de soutien \u00e0 partir de 15\u20ac sur <strong>le compte de Justice &amp; Paix : BE30 0682 3529 1311<\/strong> avec la communication <strong>\u00ab\u00a0Don PPPX\u00a0\u00bb<\/strong>.<\/p>\n<\/div>\n<\/div>\n\n\n\n<p><\/p>\n\n\n\n<div class=\"wp-block-columns alignwide is-layout-flex wp-container-core-columns-is-layout-28f84493 wp-block-columns-is-layout-flex\">\n<div class=\"wp-block-column is-layout-flow wp-block-column-is-layout-flow\">\n<div data-wp-interactive=\"core\/file\" class=\"wp-block-file\"><object data-wp-bind--hidden=\"!state.hasPdfPreview\" hidden class=\"wp-block-file__embed\" data=\"https:\/\/www.justicepaix.be\/wp-content\/uploads\/2024\/12\/Justice-Paix-Pour-parler-de-paix-N\u00b0129_-FINAL.pdf\" type=\"application\/pdf\" style=\"width:100%;height:600px\" aria-label=\"Embed of Justice &amp; Paix-Pour parler de paix-N\u00b0129.\"><\/object><a id=\"wp-block-file--media-091234fa-96b5-4c42-8af2-b19879103a0d\" href=\"https:\/\/www.justicepaix.be\/wp-content\/uploads\/2024\/12\/Justice-Paix-Pour-parler-de-paix-N\u00b0129_-FINAL.pdf\">Justice &#038; Paix-Pour parler de paix-N\u00b0129<\/a><a href=\"https:\/\/www.justicepaix.be\/wp-content\/uploads\/2024\/12\/Justice-Paix-Pour-parler-de-paix-N\u00b0129_-FINAL.pdf\" class=\"wp-block-file__button wp-element-button\" download aria-describedby=\"wp-block-file--media-091234fa-96b5-4c42-8af2-b19879103a0d\">Download<\/a><\/div>\n<\/div>\n<\/div>","protected":false},"excerpt":{"rendered":"<p>\u00ab\u00a0Vous tenez le dernier num\u00e9ro de l\u2019ann\u00e9e du Pour parler de paix entre vos mains, et avec lui, un condens\u00e9 de r\u00e9flexions sur la justice sociale. Dans ce num\u00e9ro, nous explorons l\u2019importance de transmettre l\u2019histoire pour d\u00e9construire les discriminations structurelles et r\u00e9fl\u00e9chir aux in\u00e9galit\u00e9s profondes en Wallonie et \u00e0 Bruxelles. Le r\u00f4le des r\u00e9seaux sociaux [&hellip;]<\/p>\n","protected":false},"author":63,"featured_media":29005,"comment_status":"open","ping_status":"open","sticky":false,"template":"","format":"standard","meta":{"_acf_changed":false,"_seopress_robots_primary_cat":"none","_seopress_titles_title":"","_seopress_titles_desc":"","_seopress_robots_index":"","footnotes":""},"categories":[2696,2726],"tags":[2831,2835,2825,2792],"class_list":["post-29002","post","type-post","status-publish","format-standard","has-post-thumbnail","hentry","category-actualites","category-les-numeros","tag-acteurs-economiques","tag-democratie","tag-prevention-des-conflits","tag-rd-congo"],"acf":[],"_links":{"self":[{"href":"https:\/\/www.justicepaix.be\/en\/wp-json\/wp\/v2\/posts\/29002","targetHints":{"allow":["GET"]}}],"collection":[{"href":"https:\/\/www.justicepaix.be\/en\/wp-json\/wp\/v2\/posts"}],"about":[{"href":"https:\/\/www.justicepaix.be\/en\/wp-json\/wp\/v2\/types\/post"}],"author":[{"embeddable":true,"href":"https:\/\/www.justicepaix.be\/en\/wp-json\/wp\/v2\/users\/63"}],"replies":[{"embeddable":true,"href":"https:\/\/www.justicepaix.be\/en\/wp-json\/wp\/v2\/comments?post=29002"}],"version-history":[{"count":2,"href":"https:\/\/www.justicepaix.be\/en\/wp-json\/wp\/v2\/posts\/29002\/revisions"}],"predecessor-version":[{"id":29009,"href":"https:\/\/www.justicepaix.be\/en\/wp-json\/wp\/v2\/posts\/29002\/revisions\/29009"}],"wp:featuredmedia":[{"embeddable":true,"href":"https:\/\/www.justicepaix.be\/en\/wp-json\/wp\/v2\/media\/29005"}],"wp:attachment":[{"href":"https:\/\/www.justicepaix.be\/en\/wp-json\/wp\/v2\/media?parent=29002"}],"wp:term":[{"taxonomy":"category","embeddable":true,"href":"https:\/\/www.justicepaix.be\/en\/wp-json\/wp\/v2\/categories?post=29002"},{"taxonomy":"post_tag","embeddable":true,"href":"https:\/\/www.justicepaix.be\/en\/wp-json\/wp\/v2\/tags?post=29002"}],"curies":[{"name":"wp","href":"https:\/\/api.w.org\/{rel}","templated":true}]}}