{"id":28935,"date":"2024-12-06T12:25:14","date_gmt":"2024-12-06T11:25:14","guid":{"rendered":"https:\/\/www.justicepaix.be\/?p=28935"},"modified":"2024-12-06T12:26:06","modified_gmt":"2024-12-06T11:26:06","slug":"tout-va-bien-les-technologies-vont-nous-sauver","status":"publish","type":"post","link":"https:\/\/www.justicepaix.be\/en\/tout-va-bien-les-technologies-vont-nous-sauver\/","title":{"rendered":"Tout va bien, les technologies vont nous sauver\u00a0!"},"content":{"rendered":"\n<p>Depuis plus d\u2019une cinquantaine d\u2019ann\u00e9es, des chercheurs et chercheuses alertent sur la n\u00e9cessit\u00e9 de r\u00e9duire les \u00e9missions de gaz \u00e0 effet de serre. Divers sc\u00e9narios avancent que, dans un avenir proche, ce seront les technologies qui r\u00e8gleront ce probl\u00e8me.&nbsp; Fausse bonne id\u00e9e&nbsp;?<\/p>\n\n\n\n<div class=\"wp-block-cover\"><span aria-hidden=\"true\" class=\"wp-block-cover__background has-background-dim\"><\/span><img fetchpriority=\"high\" decoding=\"async\" width=\"1024\" height=\"819\" class=\"wp-block-cover__image-background wp-image-28938\" alt=\"\" src=\"https:\/\/www.justicepaix.be\/wp-content\/uploads\/2024\/12\/dmitry-ganin-kl-l9lUL59o-unsplash-1024x819.jpg\" data-object-fit=\"cover\" srcset=\"https:\/\/www.justicepaix.be\/wp-content\/uploads\/2024\/12\/dmitry-ganin-kl-l9lUL59o-unsplash-1024x819.jpg 1024w, https:\/\/www.justicepaix.be\/wp-content\/uploads\/2024\/12\/dmitry-ganin-kl-l9lUL59o-unsplash-300x240.jpg 300w, https:\/\/www.justicepaix.be\/wp-content\/uploads\/2024\/12\/dmitry-ganin-kl-l9lUL59o-unsplash-768x614.jpg 768w, https:\/\/www.justicepaix.be\/wp-content\/uploads\/2024\/12\/dmitry-ganin-kl-l9lUL59o-unsplash-1536x1229.jpg 1536w, https:\/\/www.justicepaix.be\/wp-content\/uploads\/2024\/12\/dmitry-ganin-kl-l9lUL59o-unsplash-15x12.jpg 15w, https:\/\/www.justicepaix.be\/wp-content\/uploads\/2024\/12\/dmitry-ganin-kl-l9lUL59o-unsplash.jpg 1920w\" sizes=\"(max-width: 1024px) 100vw, 1024px\" \/><div class=\"wp-block-cover__inner-container is-layout-flow wp-block-cover-is-layout-flow\">\n<p class=\"has-text-align-center has-large-font-size\"><\/p>\n<\/div><\/div>\n\n\n\n<p><em>Cr\u00e9dit : Dmitry Ganin<\/em><\/p>\n\n\n\n<p>Depuis plus d\u2019une cinquantaine d\u2019ann\u00e9es, des chercheurs et chercheuses alertent sur les limites \u00e9cologiques et climatiques du mod\u00e8le de d\u00e9veloppement des soci\u00e9t\u00e9s humaines et sur la n\u00e9cessit\u00e9 de r\u00e9duire les \u00e9missions de gaz \u00e0 effet de serre.&nbsp; Face \u00e0 ces enjeux, diverses conf\u00e9rences internationales et COP ont eu lieu, engendrant notamment l\u2019accord de Paris de 2015, un trait\u00e9 juridiquement contraignant qui impose \u00e0 ses 193 parties de limiter le r\u00e9chauffement climatique \u00e0 moins de 2 \u00b0C d\u2019ici \u00e0 la fin du si\u00e8cle par rapport \u00e0 l\u2019\u00e8re pr\u00e9industrielle et m\u00eame, de pr\u00e9f\u00e9rence, \u00e0 1,5 \u00b0C. Pour ce faire, la neutralit\u00e9 carbone<a href=\"#_ftn1\" id=\"_ftnref1\">[1]<\/a> devient le nouvel objectif \u00e0 atteindre.<\/p>\n\n\n\n<p>Cependant, les quantit\u00e9s d\u2019\u00e9missions de gaz \u00e0 effet de serre de la majorit\u00e9 de ces pays sont jusqu\u2019\u00e0 pr\u00e9sent tr\u00e8s \u00e9loign\u00e9es de la neutralit\u00e9 carbone. \u00c0 l\u2019\u00e9chelle internationale, les \u00e9missions ont m\u00eame pratiquement \u00e9t\u00e9 multipli\u00e9es par trois depuis 1960. En cons\u00e9quence, atteindre la neutralit\u00e9 carbone supposerait de <a href=\"https:\/\/shs.cairn.info\/revue-constructif-2023-1-page-87?lang=fr\">diviser par deux les \u00e9missions mondiales de gaz \u00e0 effet de serre d\u2019ici \u00e0 2030 par rapport \u00e0 1990<\/a>.<\/p>\n\n\n\n<p>Comment arriver \u00e0 limiter l\u2019\u00e9mission des gaz \u00e0 effet de serre&nbsp;et, ultimement, esp\u00e9rer limiter l\u2019ampleur du changement climatique et les impacts environnementaux&nbsp;?<\/p>\n\n\n\n<p>En r\u00e9ponse \u00e0 cette question, divers sc\u00e9narios avancent que, dans un avenir proche, ce seront les technologies qui r\u00e8gleront ce probl\u00e8me, tout en proposant \u00e0 la cl\u00e9 de maintenir le m\u00eame niveau \u2013 ou plus \u2013 de consommation.&nbsp; Fausse bonne id\u00e9e&nbsp;?<\/p>\n\n\n\n<h3 class=\"wp-block-heading\"><strong>Le technosolutionnisme ou la croyance en une solution technologique qui r\u00e9soudra nos probl\u00e8mes<\/strong><\/h3>\n\n\n\n<p>Pour 2050, <a href=\"https:\/\/www.iea.org\/reports\/net-zero-by-2050\">l\u2019agence internationale de l\u2019\u00e9nergie (AIE) pr\u00e9voit de parvenir \u00e0 un sc\u00e9nario \u00ab&nbsp;z\u00e9ro net&nbsp;\u00bb<\/a>, neutre en carbone, gr\u00e2ce au d\u00e9veloppement de diverses technologies, dont le captage direct du carbone dans l\u2019air et son stockage.&nbsp; L\u2019id\u00e9e serait de capter et de retirer le CO<sub>2<\/sub> de l\u2019atmosph\u00e8re \u00e0 l\u2019aide de grands \u00ab&nbsp;aspirateurs&nbsp;\u00bb ou de capturer les fum\u00e9es \u00e0 la sortie des chemin\u00e9es des usines.&nbsp; D\u2019autres sc\u00e9narios se basent sur l\u2019hypoth\u00e8se de la d\u00e9couverte de nouvelles technologies, sur la composition de mat\u00e9riaux plus r\u00e9sistants, ou encore sur l\u2019hypoth\u00e8se que certaines manipulations chimiques seront possibles \u00e0 l\u2019avenir.&nbsp;<\/p>\n\n\n\n<p>Tous ces sc\u00e9narios peuvent \u00eatre regroup\u00e9es sous la notion de \u00ab&nbsp;technosolutionnisme&nbsp;\u00bb, appel\u00e9 \u00e9galement solutionnisme technologique.<\/p>\n\n\n\n<p>Cette notion a \u00e9merg\u00e9 en 2014 dans le d\u00e9bat public, \u00e0 partir de l\u2019ouvrage<a href=\"https:\/\/www.theguardian.com\/global\/2013\/mar\/20\/save-everything-evgeny-morozov-review\"><em>Pour tout r\u00e9soudre, cliquez ici, <\/em>du chercheur am\u00e9ricain d\u2019origine bi\u00e9lorusse Evgeny Morozov<\/a>. L\u2019auteur y met en lumi\u00e8re des projets des entrepreneur\u00b7ses californien\u00b7nes du num\u00e9rique qui ambitionnent de <em>\u00ab&nbsp;r\u00e9parer tous les probl\u00e8mes de ce monde&nbsp;\u00bb. <\/em>Selon lui, l\u2019id\u00e9ologie sous-jacente derri\u00e8re la plupart des discours et pratiques sur le num\u00e9rique serait le \u00ab&nbsp;techno-enthousiasme&nbsp;\u00bb, c\u2019est-\u00e0-dire l\u2019id\u00e9e selon laquelle les nouvelles technologies pourraient am\u00e9liorer tous les aspects de notre vie, de la d\u00e9mocratie \u00e0 notre cuisine, en passant bien s\u00fbr par le changement climatique.<\/p>\n\n\n\n<p>La pens\u00e9e technosolutionniste a cependant de nombreuses limites.&nbsp; Nous nous attacherons ici \u00e0 nous focaliser sur notre sujet de base, \u00e0 savoir les impacts environnementaux et climatiques, mais nous vous invitons \u00e0 effectuer de plus amples recherches si le c\u0153ur vous en dit.<\/p>\n\n\n\n<h3 class=\"wp-block-heading\"><strong>Les limites du technosolutionnisme<\/strong><\/h3>\n\n\n\n<p>Tout d\u2019abord, la limite principale du solutionnisme technologique est qu\u2019il repose sur un certain nombre d\u2019hypoth\u00e8ses, dont certaines semblent tout \u00e0 fait inaccessibles. En effet, de nombreuses solutions potentielles se basent en fait sur <a href=\"https:\/\/gresea.be\/Metaux-critiques-quand-l-Europe-mine-sa-transition\">l\u2019utilisation de technologies qui n\u2019existent pas encore<\/a> pour le moment et ne sont qu\u2019au stade du prototype.<\/p>\n\n\n\n<p>Si on prend l\u2019exemple de la captation de CO<sub>2<\/sub>, que nous avons \u00e9voqu\u00e9 pr\u00e9c\u00e9demment, nous nous apercevons vite en faisant quelques recherches que les performances actuelles en la mati\u00e8re sont loin de celles qui sont pr\u00e9sent\u00e9es dans les projections.&nbsp; En effet, alors que l\u2019Agence internationale de l\u2019\u00e9nergie (AIE) fixe le niveau de captage du carbone par les technologies de captation et de s\u00e9questration de CO<sub>2<\/sub> \u00e0 seulement 15% des efforts de r\u00e9duction des \u00e9missions pour atteindre la neutralit\u00e9 du secteur de l\u2019\u00e9nergie en 2070, la r\u00e9alit\u00e9 nous montre que ces technologies ont plut\u00f4t tendance \u00e0 <a href=\"https:\/\/theconversation.com\/les-politiques-climatiques-entre-techno-optimisme-et-deni-de-realite-221234\">augmenter les \u00e9missions de CO<sub>2<\/sub><\/a><em>. <\/em>D\u00e8s lors, le technosolutionnisme se baserait souvent sur des solutions fantasm\u00e9es ou qui n\u2019ont pas encore fait leurs preuves dans une longue dur\u00e9e.&nbsp;<\/p>\n\n\n\n<p>Outre les impacts dans le temps, les moyens financiers, la d\u00e9pendance \u00e0 des ressources qui se rar\u00e9fient, la non prise en compte du contexte international sont d\u2019importantes limites au solutionnisme technologique.&nbsp; Ce qui lui est souvent reproch\u00e9 est donc de ne pas \u00eatre syst\u00e9mique et de ne pas tenir compte des conditions r\u00e9elles dans lesquelles ces technologies se d\u00e9ploieraient, ou encore de consid\u00e9rer les questions de d\u00e9r\u00e8glement climatique sous le prisme de l\u2019empreinte carbone, ce qui minimise le probl\u00e8me.<\/p>\n\n\n\n<h3 class=\"wp-block-heading\"><strong>Les impacts de l\u2019usage des technologies sur l\u2019environnement<\/strong><\/h3>\n\n\n\n<p>Outre le fait de comporter des limites dans leur champ d\u2019application, les technologies sont la cause de nombreux impacts n\u00e9gatifs sur l\u2019environnement, ce qui est plut\u00f4t contreproductif avec l\u2019id\u00e9e de s\u2019en servir pour le pr\u00e9server.<\/p>\n\n\n\n<p>Dans notre \u00e9tude \u00ab <a href=\"https:\/\/www.justicepaix.be\/les-fausses-promesses-du-numerique\/\"><em>Les fausses promesses du num\u00e9rique<\/em>&nbsp;<\/a>\u00bb, de 2019, nous mentionnions d\u00e9j\u00e0 le rapport SMART 2020 de l\u2019initiative Global e-sustainability Initiative (GeSI) qui avan\u00e7ait que le d\u00e9ploiement des technologies de l\u2019information et de la communication permettrait de r\u00e9duire de 15 \u00e0 30% nos \u00e9missions de gaz \u00e0 effet de serre et de limiter le r\u00e9chauffement climatique d\u2019ici \u00e0 fin 2020. Or, rien de tel n\u2019a pu \u00eatre observ\u00e9, bien du contraire.&nbsp; <a href=\"https:\/\/theshiftproject.org\/article\/climat-insoutenable-usage-video\/\">La part du num\u00e9rique dans les \u00e9missions de GES mondiales a augment\u00e9 de moiti\u00e9 depuis 2013 et repr\u00e9sente aujourd\u2019hui 4% des \u00e9missions, tous secteurs confondus<\/a>.<\/p>\n\n\n\n<p>Cela peut notamment \u00eatre expliqu\u00e9 par le fait que, bien qu\u2019il soit concevable d\u2019envisager que la technologie du num\u00e9rique aurait pu r\u00e9duire par exemple l\u2019impression de feuilles en papier ou d\u2019autres co\u00fbts li\u00e9s \u00e0 la communication, cela est sans compter les impacts cach\u00e9s des technologies sur l\u2019environnement, comme la production d\u2019\u00e9nergie n\u00e9cessaire \u00e0 cr\u00e9er, entretenir et utiliser les appareils et la consommation li\u00e9e aux \u00e9normes data centers.<\/p>\n\n\n\n<p>Diff\u00e9rents effets peuvent \u00e9galement advenir en raison du recours massif aux technologies :<\/p>\n\n\n\n<ul class=\"wp-block-list\">\n<li>L\u2019effet rebond&nbsp;: <a href=\"http:\/\/www.vizea.fr\/actualites\/Schneider_l_Ecologiste.pdf\">l\u2019am\u00e9lioration des technologies fait en sorte que l\u2019on consomme plus de ressources et d\u2019\u00e9nergies<\/a>. Par exemple, comme l\u2019ordinateur nous permet de moins imprimer de papier, on imaginera que l\u2019on est plus \u00e9colo et on utilisera notre ordinateur pour tout et rien (ce qui consomme en r\u00e9alit\u00e9 \u00e9norm\u00e9ment). Un autre exemple est d\u2019installer des panneaux solaires qui font baisser notre consommation, mais de laisser la lumi\u00e8re allum\u00e9e car on pense que l\u2019on consomme mieux. Comme on a l\u2019impression de mieux consommer gr\u00e2ce \u00e0 des technologies plus efficientes, on va d\u00e8s lors inconsciemment consommer tout autant, si pas plus.<\/li>\n<\/ul>\n\n\n\n<ul class=\"wp-block-list\">\n<li>Le paradoxe de Jevons&nbsp;: il s\u2019agit de <a href=\"https:\/\/www.taylorfrancis.com\/books\/mono\/10.4324\/9781849773102\/jevons-paradox-myth-resource-efficiency-improvements-john-polimeni-kozo-mayumi-blake-alcott-mario-giampietro\">l\u2019effet rebond pouss\u00e9 \u00e0 l\u2019extr\u00eame<\/a>. Dans ce cas, plus il y a de nouvelles technologies rendant efficace la consommation d\u2019une ressource, plus la demande pour cette ressource augmente.<\/li>\n<\/ul>\n\n\n\n<ul class=\"wp-block-list\">\n<li>L\u2019effet parc&nbsp;: remplacer quelque chose qui existe d\u00e9j\u00e0 implique de changer des cha\u00eenes de productions, d\u2019infrastructures, etc. et est donc co\u00fbteux en mat\u00e9riaux et \u00e9nergie.&nbsp; Un exemple est la voiture \u00e9lectrique, o\u00f9 l\u2019on change tout le parc automobile avant d\u2019avoir \u00e9puis\u00e9 la dur\u00e9e de vie de l\u2019ancien mod\u00e8le.<\/li>\n<\/ul>\n\n\n\n<p><\/p>\n\n\n\n<p>Par ailleurs, le recours aux technologies demande toujours plus de ressources, notamment de m\u00e9taux qui sont omnipr\u00e9sents. L\u2019id\u00e9e d\u2019un \u00ab&nbsp;capitalisme vert&nbsp;\u00bb o\u00f9 l\u2019on maintiendrait toujours plus de croissance, tout en ayant recours aux technologies pour limiter notre impact, serait donc d\u00e9pendante de l\u2019extraction mini\u00e8re\u2026 un secteur qui a \u00e9norm\u00e9ment <a href=\"https:\/\/www.justicepaix.be\/formation\/\">d\u2019impacts sur l\u2019environnement et les populations<\/a>.&nbsp; A ce stade, le serpent se mord donc la queue\u2026<\/p>\n\n\n\n<h3 class=\"wp-block-heading\"><strong>Questionner v\u00e9ritablement notre mod\u00e8le de soci\u00e9t\u00e9<\/strong><\/h3>\n\n\n\n<p>Face aux constats \u00e9nonc\u00e9s, nous pouvons donc finalement nous poser la question de la procrastination face aux crises environnementales. <a>Le technosolutionnisme serait-il une mani\u00e8re d\u2019\u00e9viter de se pencher sur la complexit\u00e9 du monde&nbsp;? Ou encore de se voiler la face en essayant de conserver un certain niveau de confort&nbsp;?<\/a><\/p>\n\n\n\n<p>A l\u2019heure o\u00f9 des actions fortes sont plus que n\u00e9cessaires pour pr\u00e9server nos \u00e9cosyst\u00e8mes, il est n\u00e9cessaire de se questionner r\u00e9ellement sur l\u2019utilit\u00e9 de nos choix de production et de consommation, mais \u00e9galement sur le mod\u00e8le de soci\u00e9t\u00e9 que nous souhaitons. A-t-on r\u00e9ellement besoin de voitures \u00e9lectriques qui soient des voitures toujours plus \u00e9quip\u00e9es et individuelles ou doit-on plut\u00f4t repenser en profondeur notre mani\u00e8re de nous d\u00e9placer, de vivre&nbsp;?<\/p>\n\n\n\n<p>Cela implique d\u2019amorcer des r\u00e9flexions sur la mani\u00e8re dont on repense les services publics, mais \u00e9galement la r\u00e9partition des richesses et des ressources \u00e0 l\u2019\u00e9chelle globale, dans une optique syst\u00e9mique, ou encore de repenser le syst\u00e8me d\u00e9mocratique et de rendre la technologie plus concr\u00e8te et la discuter.<\/p>\n\n\n\n<p>Au lieu de miser sur le technosolutionnisme, il s\u2019agirait d\u00e8s lors de miser sur la sobri\u00e9t\u00e9, entendue comme <a href=\"https:\/\/librairie.ademe.fr\/economie-circulaire-et-dechets\/489-panorama-sur-la-notion-de-sobriete.html\">\u00ab&nbsp;une recherche de mod\u00e9ration dans la production et de la consommation de biens et de services n\u00e9cessitant des ressources \u00e9nerg\u00e9tiques ou mat\u00e9rielles \u00bb. <\/a>&nbsp;Au lieu d\u2019attendre que des technologies r\u00e9solvent nos probl\u00e8mes, nous nous devons de de faire le choix politique de questionner les usages individuels et l\u2019organisation sociale, en passant notamment par la low tech, et ainsi nous ancrer justement dans le monde, en tenant compte de ses limites.&nbsp;<\/p>\n\n\n\n<p><strong>Sarah Verriest.<\/strong><\/p>\n\n\n\n<hr class=\"wp-block-separator has-alpha-channel-opacity\"\/>\n\n\n\n<p><a href=\"#_ftnref1\" id=\"_ftn1\">[1]<\/a> Cette neutralit\u00e9 carbone est d\u00e9finie comme \u00ab&nbsp;l\u2019\u00e9quilibre entre les \u00e9missions anthropiques par les sources et les absorptions anthropiques par les puits de gaz \u00e0 effet de serre&nbsp;\u00bb.<\/p>\n\n\n\n<p><\/p>\n","protected":false},"excerpt":{"rendered":"<p>Cet article d\u00e9montre les limites de la croyance technosolutionniste, autrement dit l\u2019id\u00e9e selon laquelle il faut compter sur les technologies pour faire face aux probl\u00e8mes environnementaux et climatiques. <\/p>","protected":false},"author":57,"featured_media":28938,"comment_status":"open","ping_status":"open","sticky":false,"template":"","format":"standard","meta":{"_acf_changed":false,"_seopress_robots_primary_cat":"none","_seopress_titles_title":"","_seopress_titles_desc":"","_seopress_robots_index":"","footnotes":""},"categories":[2696,2722,2719],"tags":[2814,2873,2811],"class_list":["post-28935","post","type-post","status-publish","format-standard","has-post-thumbnail","hentry","category-actualites","category-articles-nos-publications","category-nos-publications","tag-developpement-durable","tag-ecologie-2","tag-ressources-naturelles"],"acf":[],"_links":{"self":[{"href":"https:\/\/www.justicepaix.be\/en\/wp-json\/wp\/v2\/posts\/28935","targetHints":{"allow":["GET"]}}],"collection":[{"href":"https:\/\/www.justicepaix.be\/en\/wp-json\/wp\/v2\/posts"}],"about":[{"href":"https:\/\/www.justicepaix.be\/en\/wp-json\/wp\/v2\/types\/post"}],"author":[{"embeddable":true,"href":"https:\/\/www.justicepaix.be\/en\/wp-json\/wp\/v2\/users\/57"}],"replies":[{"embeddable":true,"href":"https:\/\/www.justicepaix.be\/en\/wp-json\/wp\/v2\/comments?post=28935"}],"version-history":[{"count":2,"href":"https:\/\/www.justicepaix.be\/en\/wp-json\/wp\/v2\/posts\/28935\/revisions"}],"predecessor-version":[{"id":28940,"href":"https:\/\/www.justicepaix.be\/en\/wp-json\/wp\/v2\/posts\/28935\/revisions\/28940"}],"wp:featuredmedia":[{"embeddable":true,"href":"https:\/\/www.justicepaix.be\/en\/wp-json\/wp\/v2\/media\/28938"}],"wp:attachment":[{"href":"https:\/\/www.justicepaix.be\/en\/wp-json\/wp\/v2\/media?parent=28935"}],"wp:term":[{"taxonomy":"category","embeddable":true,"href":"https:\/\/www.justicepaix.be\/en\/wp-json\/wp\/v2\/categories?post=28935"},{"taxonomy":"post_tag","embeddable":true,"href":"https:\/\/www.justicepaix.be\/en\/wp-json\/wp\/v2\/tags?post=28935"}],"curies":[{"name":"wp","href":"https:\/\/api.w.org\/{rel}","templated":true}]}}