{"id":28827,"date":"2025-01-13T15:47:54","date_gmt":"2025-01-13T14:47:54","guid":{"rendered":"https:\/\/www.justicepaix.be\/?p=28827"},"modified":"2026-03-27T16:52:53","modified_gmt":"2026-03-27T15:52:53","slug":"outil-peda-perou","status":"publish","type":"post","link":"https:\/\/www.justicepaix.be\/en\/outil-peda-perou\/","title":{"rendered":"L&rsquo;extraction \u00e0 tout prix ? Zoom sur les mines de cuivre au P\u00e9rou"},"content":{"rendered":"<div class=\"wp-block-columns is-layout-flex wp-container-core-columns-is-layout-28f84493 wp-block-columns-is-layout-flex\">\n<div class=\"wp-block-column is-layout-flow wp-block-column-is-layout-flow\"><\/div>\n\n\n\n<div class=\"wp-block-column is-layout-flow wp-block-column-is-layout-flow\"><\/div>\n<\/div>\n\n\n\n<h2 class=\"wp-block-heading\">Un outil p\u00e9dagogique sur l&rsquo;extractivisme minier au P\u00e9rou<\/h2>\n\n\n\n<p><\/p>\n\n\n\n<h3 class=\"wp-block-heading\">Context<\/h3>\n\n\n\n<p class=\"has-text-align-left\">Des paysan\u00b7nes vivant de l\u2019agriculture \u00e0 quelques centaines de m\u00e8tres d\u2019une mine tr\u00e8s productive \u2026 l\u2019image peut sembler paradoxale. Elle est pourtant de plus en plus fr\u00e9quente \u00e0 travers le monde et d\u2019autant plus \u00e0 l\u2019heure o\u00f9 la d\u00e9pendance en m\u00e9taux de notre \u00e9conomie est croissante. Dans de nombreux pays producteurs comme le P\u00e9rou,<strong> la richesse que peut repr\u00e9senter la d\u00e9couverte de gisements de minerais est en r\u00e9alit\u00e9 vue comme signe d&rsquo;appauvrissement pour les territoires concern\u00e9s.<\/strong> Pour cause : toutes ces mati\u00e8res premi\u00e8res sont le plus souvent exploit\u00e9es par des multinationales occidentales peu scrupuleuses, sans que les (maigres) b\u00e9n\u00e9fices revers\u00e9s \u00e0 l\u2019\u00c9tat ou aux populations locales ne permettent un r\u00e9el d\u00e9veloppement socio-\u00e9conomique des territoires exploit\u00e9s.<\/p>\n\n\n\n<p class=\"has-text-align-left\">Pire : l\u2019exploitation des ressources naturelles entraine r\u00e9guli\u00e8rement des cons\u00e9quences dramatiques pour les communaut\u00e9s locales et l\u2019environnement. Dans les Andes p\u00e9ruviennes, c\u2019est bien de cela dont il s\u2019agit : les territoires exploit\u00e9s pour leur or et leur cuivre sont touch\u00e9s par <strong>of the<\/strong> <strong>pollutions irr\u00e9versibles des terres et des cours d&rsquo;eau, des maladies des populations et des troupeaux, des conflits sociaux, une destruction du milieu naturel, des famines, etc.<\/strong> <\/p>\n\n\n\n<h3 class=\"wp-block-heading has-text-align-left\">Pourquoi un outil p\u00e9dagogique sur cette th\u00e9matique ?<\/h3>\n\n\n\n<p class=\"has-text-align-left\">Cette r\u00e9alit\u00e9 am\u00e8ne un autre constat nous concernant directement : <strong>nos modes de production et de consommation de plus en plus d\u00e9pendants en m\u00e9taux,<\/strong> et plus largement notre mod\u00e8le de soci\u00e9t\u00e9 actuel, ne sont plus tenables, ni pour les populations des pays producteurs, en particulier les pays \u00e0 revenu faible ou interm\u00e9diaire (PRFI), ni pour la plan\u00e8te. Il est donc important que les citoyens et citoyen\u00b7nes de demain puissent prendre conscience de cette r\u00e9alit\u00e9.<\/p>\n\n\n\n<p><\/p>\n\n\n\n<p class=\"has-text-align-center has-medium-font-size\"><\/p>\n\n\n\n<p><\/p>\n\n\n\n<div class=\"wp-block-columns is-layout-flex wp-container-core-columns-is-layout-28f84493 wp-block-columns-is-layout-flex\">\n<div class=\"wp-block-column is-layout-flow wp-block-column-is-layout-flow\" style=\"flex-basis:100%\">\n<figure class=\"wp-block-image aligncenter size-large\"><img fetchpriority=\"high\" decoding=\"async\" width=\"1024\" height=\"857\" src=\"https:\/\/www.justicepaix.be\/wp-content\/uploads\/2024\/12\/IMG_20230420_154334-e1734700968925-1024x857.jpg\" alt=\"\" class=\"wp-image-29034\" srcset=\"https:\/\/www.justicepaix.be\/wp-content\/uploads\/2024\/12\/IMG_20230420_154334-e1734700968925-1024x857.jpg 1024w, https:\/\/www.justicepaix.be\/wp-content\/uploads\/2024\/12\/IMG_20230420_154334-e1734700968925-300x251.jpg 300w, https:\/\/www.justicepaix.be\/wp-content\/uploads\/2024\/12\/IMG_20230420_154334-e1734700968925-768x642.jpg 768w, https:\/\/www.justicepaix.be\/wp-content\/uploads\/2024\/12\/IMG_20230420_154334-e1734700968925-1536x1285.jpg 1536w, https:\/\/www.justicepaix.be\/wp-content\/uploads\/2024\/12\/IMG_20230420_154334-e1734700968925-14x12.jpg 14w, https:\/\/www.justicepaix.be\/wp-content\/uploads\/2024\/12\/IMG_20230420_154334-e1734700968925.jpg 1920w\" sizes=\"(max-width: 1024px) 100vw, 1024px\" \/><\/figure>\n<\/div>\n<\/div>\n\n\n\n<div class=\"wp-block-columns is-layout-flex wp-container-core-columns-is-layout-28f84493 wp-block-columns-is-layout-flex\">\n<div class=\"wp-block-column has-background is-layout-flow wp-block-column-is-layout-flow\" style=\"background-color:#f2f5f7\" id=\"parties\">\n<h3 class=\"wp-block-heading\">Travailler sur les enjeux li\u00e9s \u00e0 l&rsquo;extractivisme minier et \u00e0 la consommation de m\u00e9taux<\/h3>\n\n\n\n<p>Cet outil a \u00e9t\u00e9 pens\u00e9 comme une valise qui contiendrait de nombreuses th\u00e9matiques relatives aux m\u00e9taux et dans lequel l\u2019enseignant\u00b7e peut venir \u00ab piocher \u00bb des savoirs, des activit\u00e9s \u00e0 faire en classe, des pistes de d\u00e9passement, des s\u00e9quences vid\u00e9o, une bibliographie, etc. <strong>Il est divis\u00e9 en 4 parties distinctes :<\/strong><\/p>\n\n\n\n<ul class=\"wp-block-list\">\n<li>La premi\u00e8re aborde l\u2019importance des m\u00e9taux dans notre vie quotidienne et pourquoi certains d\u2019entre eux sont essentiels dans le secteur de l\u2019industrie.<\/li>\n\n\n\n<li>La deuxi\u00e8me partie sera l\u2019occasion de poser un regard g\u00e9ostrat\u00e9gique sur ce type de ressources.<\/li>\n\n\n\n<li>La troisi\u00e8me partie sera ax\u00e9e sur le P\u00e9rou en particulier : ses richesses mini\u00e8res et l\u2019impact que<\/li>\n\n\n\n<li>celles-ci ont sur les milieux et les habitant\u00b7es. <\/li>\n\n\n\n<li>La quatri\u00e8me partie propose des pistes d\u2019action dont vous pourrez discuter avec vos \u00e9l\u00e8ves.<\/li>\n<\/ul>\n<\/div>\n<\/div>\n\n\n\n<p><\/p>\n\n\n\n<div class=\"wp-block-columns is-layout-flex wp-container-core-columns-is-layout-28f84493 wp-block-columns-is-layout-flex\">\n<div class=\"wp-block-column is-layout-flow wp-block-column-is-layout-flow\">\n<h3 class=\"wp-block-heading\" style=\"font-size:27px\">What are the objectives of these tools?<\/h3>\n\n\n\n<p>Nous avons eu \u00e0 c\u0153ur de combiner notre exp\u00e9rience p\u00e9dagogique et de terrain pour proposer aux enseignant\u00b7es un projet qui questionne la d\u00e9pendance que les consommateur\u00b7rices entretiennent avec les pays producteurs de m\u00e9taux, dans un contexte d\u2019\u00e9conomie mondialis\u00e9e et de plus en plus d\u00e9pendante en m\u00e9taux. L\u2019\u00e9l\u00e8ve sera en mesure d\u2019appr\u00e9hender de mani\u00e8re critique l\u2019envers de notre consommation et le besoin de solidarit\u00e9 internationale qui en r\u00e9sulte. <\/p>\n\n\n\n<p><\/p>\n<\/div>\n\n\n\n<div class=\"wp-block-column is-layout-flow wp-block-column-is-layout-flow\">\n<h3 class=\"wp-block-heading\" style=\"font-size:27px\">Who is this tool for?<\/h3>\n\n\n\n<p>Cet outil a \u00e9t\u00e9 pens\u00e9 sur la base des programmes officiels et des comp\u00e9tences de l\u2019enseignement secondaire ainsi que de rencontres et d\u2019\u00e9changes avec des professeur\u00b7es de g\u00e9ographie, de fran\u00e7ais et de religion catholique des 2e et 3e degr\u00e9s. L&rsquo;enseignant\u00b7e dispose alors de ressources pour r\u00e9aliser des s\u00e9quences de cours sur les ressources naturelles mini\u00e8res, les territoires mondialis\u00e9s, des conflits li\u00e9s aux ressources naturelles, etc. <strong>L&rsquo;outil s\u2019adresse principalement aux enseignant\u00b7es des 2e et 3e degr\u00e9s d\u00e9sireux\u00b7ses d\u2019aborder ces th\u00e9matiques en classe<\/strong>. <\/p>\n<\/div>\n<\/div>\n\n\n\n<h2 class=\"wp-block-heading\">Caract\u00e9ristiques de l&rsquo;outil sur l&rsquo;extraction au P\u00e9rou<\/h2>\n\n\n\n<div class=\"wp-block-columns is-layout-flex wp-container-core-columns-is-layout-28f84493 wp-block-columns-is-layout-flex\">\n<div class=\"wp-block-column is-vertically-aligned-center has-background is-layout-flow wp-block-column-is-layout-flow\" style=\"background-color:#f2f5f7;flex-basis:66.66%\">\n<p><strong>Pages <\/strong>: 70<\/p>\n\n\n\n<p><strong>Modular <\/strong>: L&rsquo;outil comporte <a href=\"https:\/\/www.justicepaix.be\/en\/outil-peda-perou\/#parties\">4 parties distinctes.<\/a><\/p>\n\n\n\n<p><strong>Price <\/strong>: Gratuit<\/p>\n\n\n\n<p><strong>Year of publication<\/strong> : 2024 (r\u00e9\u00e9dition d&rsquo;un outil de 2016)<\/p>\n\n\n\n<p><strong>Annexes available <a href=\"https:\/\/www.justicepaix.be\/en\/outil-peda-perou\/#annexes\">this way<\/a><\/strong><\/p>\n<\/div>\n\n\n\n<div class=\"wp-block-column is-layout-flow wp-block-column-is-layout-flow\" style=\"flex-basis:33.33%\">\n<figure class=\"wp-block-image size-full is-resized\"><img decoding=\"async\" width=\"665\" height=\"941\" src=\"https:\/\/www.justicepaix.be\/wp-content\/uploads\/2024\/12\/Capture-decran-2024-12-23-162655.jpg\" alt=\"\" class=\"wp-image-29045\" style=\"width:264px;height:376px\" srcset=\"https:\/\/www.justicepaix.be\/wp-content\/uploads\/2024\/12\/Capture-decran-2024-12-23-162655.jpg 665w, https:\/\/www.justicepaix.be\/wp-content\/uploads\/2024\/12\/Capture-decran-2024-12-23-162655-212x300.jpg 212w, https:\/\/www.justicepaix.be\/wp-content\/uploads\/2024\/12\/Capture-decran-2024-12-23-162655-8x12.jpg 8w\" sizes=\"(max-width: 665px) 100vw, 665px\" \/><\/figure>\n<\/div>\n<\/div>\n\n\n\n<p><\/p>\n\n\n\n<div class=\"wp-block-columns is-layout-flex wp-container-core-columns-is-layout-28f84493 wp-block-columns-is-layout-flex\">\n<div class=\"wp-block-column is-vertically-aligned-center is-layout-flow wp-block-column-is-layout-flow\" style=\"flex-basis:33.33%\">\n<div class=\"wp-block-buttons is-layout-flex wp-block-buttons-is-layout-flex\">\n<div class=\"wp-block-button has-custom-width wp-block-button__width-100\"><a class=\"wp-block-button__link has-central-palette-6-color has-central-palette-3-background-color has-text-color has-background has-medium-font-size has-custom-font-size wp-element-button\" href=\"https:\/\/www.justicepaix.be\/en\/commande-outil-perou\/\" style=\"border-radius:17px\"><strong>I ORDER<\/strong><\/a><\/div>\n<\/div>\n<\/div>\n\n\n\n<div class=\"wp-block-column is-layout-flow wp-block-column-is-layout-flow\" style=\"flex-basis:66.66%\">\n<p class=\"has-text-align-right has-central-palette-1-color has-text-color has-x-large-font-size\"><strong>Commandez l&rsquo;outil d\u00e8s maintenant ou t\u00e9l\u00e9chargez l\u00e0 !<\/strong><\/p>\n<\/div>\n<\/div>\n\n\n\n<div class=\"wp-block-columns is-layout-flex wp-container-core-columns-is-layout-28f84493 wp-block-columns-is-layout-flex\">\n<div class=\"wp-block-column is-vertically-aligned-center is-layout-flow wp-block-column-is-layout-flow\" style=\"flex-basis:33.33%\">\n<div class=\"wp-block-buttons is-layout-flex wp-block-buttons-is-layout-flex\">\n<div class=\"wp-block-button has-custom-width wp-block-button__width-100\"><a class=\"wp-block-button__link has-central-palette-6-color has-central-palette-3-background-color has-text-color has-background has-medium-font-size has-custom-font-size wp-element-button\" href=\"https:\/\/www.justicepaix.be\/wp-content\/uploads\/2026\/03\/Justice-Paix-Outil-pedagique-PEROU-WEB.pdf\" style=\"border-radius:17px\"><strong>JE T\u00c9L\u00c9CHARGE<\/strong><\/a><\/div>\n<\/div>\n<\/div>\n\n\n\n<div class=\"wp-block-column is-layout-flow wp-block-column-is-layout-flow\" style=\"flex-basis:66.66%\">\n<p><\/p>\n<\/div>\n<\/div>\n\n\n\n<div class=\"wp-block-columns is-layout-flex wp-container-core-columns-is-layout-28f84493 wp-block-columns-is-layout-flex\">\n<div class=\"wp-block-column has-background is-layout-flow wp-block-column-is-layout-flow\" style=\"background-color:#f2f5f7\">\n<h3 class=\"wp-block-heading\">What is the link with school programs?<\/h3>\n\n\n\n<p>Cet outil a \u00e9t\u00e9 pens\u00e9 sur la base des programmes officiels et des comp\u00e9tences de l\u2019enseignement<br>secondaire catholique ainsi que de rencontres et d\u2019\u00e9changes avec des professeur\u00b7es de g\u00e9ographie<br>des 2\u00e8me et 3\u00e8me degr\u00e9s. Les savoirs et savoir-faire qui y sont pr\u00e9sent\u00e9s ont pour vocation d\u2019aider<br>l\u2019enseignant\u00b7e \u00e0 cr\u00e9er une s\u00e9quence p\u00e9dagogique en ad\u00e9quation avec le r\u00e9f\u00e9rentiel en sciences humaines<br>et les programmes de cours en sciences humaines.<br>Sans savoir citer toutes les entr\u00e9es programme de fa\u00e7on exhaustive, l\u2019outil aborde la th\u00e9matique<br>sp\u00e9cifique de l\u2019acc\u00e8s des populations \u00e0 une ressource et la ressource du minerai m\u00e9tallique en<br>priorit\u00e9 tout en questionnant les \u00ab libert\u00e9s et responsabilit\u00e9s \u00bb (UAA 3.1.4.) . Enfin, il permet d\u2019aborder<br>des concepts transversaux tels que la mondialisation, le d\u00e9veloppement, et le d\u00e9veloppement<br>sustainable.<\/p>\n<\/div>\n<\/div>\n\n\n\n<p><\/p>\n\n\n\n<p><\/p>\n\n\n\n<h3 class=\"wp-block-heading has-large-font-size\" id=\"annexes\">Download or view the annexes<\/h3>\n\n\n\n<p><\/p>\n\n\n\n<div class=\"wp-block-pb-accordion-item c-accordion__item js-accordion-item no-js\" data-initially-open=\"false\" data-click-to-close=\"true\" data-auto-close=\"true\" data-scroll=\"false\" data-scroll-offset=\"0\"><h2 id=\"at-288270\" class=\"c-accordion__title js-accordion-controller\" role=\"button\">Documents, pistes p\u00e9dagogiques, fiches et correctifs<\/h2><div id=\"ac-288270\" class=\"c-accordion__content\">\n<div class=\"wp-block-file\"><a id=\"wp-block-file--media-c0f52bee-337a-4e86-9cbd-97c95e58b37a\" href=\"https:\/\/www.justicepaix.be\/wp-content\/uploads\/2025\/01\/Piste-peda_Photolangage-Consignes.pdf\">Piste p\u00e9da_Photolangage-Consignes<\/a><a href=\"https:\/\/www.justicepaix.be\/wp-content\/uploads\/2025\/01\/Piste-peda_Photolangage-Consignes.pdf\" class=\"wp-block-file__button wp-element-button\" download aria-describedby=\"wp-block-file--media-c0f52bee-337a-4e86-9cbd-97c95e58b37a\">Download<\/a><\/div>\n\n\n\n<div class=\"wp-block-file\"><a id=\"wp-block-file--media-6b537fe0-34d9-4cf5-a6b4-3d7e60d1f869\" href=\"https:\/\/www.justicepaix.be\/wp-content\/uploads\/2025\/01\/Piste-peda_Photolangage-Photos.pdf\">Piste p\u00e9da_Photolangage-Photos<\/a><a href=\"https:\/\/www.justicepaix.be\/wp-content\/uploads\/2025\/01\/Piste-peda_Photolangage-Photos.pdf\" class=\"wp-block-file__button wp-element-button\" download aria-describedby=\"wp-block-file--media-6b537fe0-34d9-4cf5-a6b4-3d7e60d1f869\">Download<\/a><\/div>\n\n\n\n<div class=\"wp-block-file\"><a id=\"wp-block-file--media-74ff7500-d376-4802-8fd3-0eebca19e08f\" href=\"https:\/\/www.justicepaix.be\/wp-content\/uploads\/2025\/01\/Piste-peda_Photolangage-Solutions.pdf\">Piste p\u00e9da_Photolangage-Solutions<\/a><a href=\"https:\/\/www.justicepaix.be\/wp-content\/uploads\/2025\/01\/Piste-peda_Photolangage-Solutions.pdf\" class=\"wp-block-file__button wp-element-button\" download aria-describedby=\"wp-block-file--media-74ff7500-d376-4802-8fd3-0eebca19e08f\">Download<\/a><\/div>\n\n\n\n<div class=\"wp-block-file\"><a id=\"wp-block-file--media-0281f493-e8e4-4877-a394-91afe663afdc\" href=\"https:\/\/www.justicepaix.be\/wp-content\/uploads\/2025\/01\/Piste-peda_Les-metaux-proprietes-usages.pdf\">Piste p\u00e9da_Les m\u00e9taux, propri\u00e9t\u00e9s &amp; usages<\/a><a href=\"https:\/\/www.justicepaix.be\/wp-content\/uploads\/2025\/01\/Piste-peda_Les-metaux-proprietes-usages.pdf\" class=\"wp-block-file__button wp-element-button\" download aria-describedby=\"wp-block-file--media-0281f493-e8e4-4877-a394-91afe663afdc\">Download<\/a><\/div>\n\n\n\n<div class=\"wp-block-file\"><a id=\"wp-block-file--media-25a9ddad-4b50-4cf5-afaa-6871493663ae\" href=\"https:\/\/www.justicepaix.be\/wp-content\/uploads\/2025\/01\/Fiche_Cartes-secteurs-industriels.pdf\">Fiche_Cartes secteurs industriels<\/a><a href=\"https:\/\/www.justicepaix.be\/wp-content\/uploads\/2025\/01\/Fiche_Cartes-secteurs-industriels.pdf\" class=\"wp-block-file__button wp-element-button\" download aria-describedby=\"wp-block-file--media-25a9ddad-4b50-4cf5-afaa-6871493663ae\">Download<\/a><\/div>\n\n\n\n<div class=\"wp-block-file\"><a id=\"wp-block-file--media-f23ef015-87d7-4ae7-bdc6-666575abc464\" href=\"https:\/\/www.justicepaix.be\/wp-content\/uploads\/2025\/01\/Piste-peda_Site-minier-Tintaya-Antapaccay-Correctif.pdf\">Piste p\u00e9da_Site minier Tintaya-Antapaccay &#8211; Correctif<\/a><a href=\"https:\/\/www.justicepaix.be\/wp-content\/uploads\/2025\/01\/Piste-peda_Site-minier-Tintaya-Antapaccay-Correctif.pdf\" class=\"wp-block-file__button wp-element-button\" download aria-describedby=\"wp-block-file--media-f23ef015-87d7-4ae7-bdc6-666575abc464\">Download<\/a><\/div>\n<\/div><\/div>\n\n\n\n<div class=\"wp-block-pb-accordion-item c-accordion__item js-accordion-item no-js\" data-initially-open=\"false\" data-click-to-close=\"true\" data-auto-close=\"true\" data-scroll=\"false\" data-scroll-offset=\"0\"><h2 id=\"at-288271\" class=\"c-accordion__title js-accordion-controller\" role=\"button\">Liens du document<\/h2><div id=\"ac-288271\" class=\"c-accordion__content\">\n<div class=\"wp-block-file\"><a id=\"wp-block-file--media-67304df8-e072-4af7-ad13-fbdb40958b73\" href=\"https:\/\/www.justicepaix.be\/wp-content\/uploads\/2025\/01\/Outil-peda_Perou-Liens.pdf\">Outil p\u00e9da_P\u00e9rou-Liens<\/a><a href=\"https:\/\/www.justicepaix.be\/wp-content\/uploads\/2025\/01\/Outil-peda_Perou-Liens.pdf\" class=\"wp-block-file__button wp-element-button\" download aria-describedby=\"wp-block-file--media-67304df8-e072-4af7-ad13-fbdb40958b73\">Download<\/a><\/div>\n<\/div><\/div>\n\n\n\n<div class=\"wp-block-pb-accordion-item c-accordion__item js-accordion-item no-js\" data-initially-open=\"false\" data-click-to-close=\"true\" data-auto-close=\"true\" data-scroll=\"false\" data-scroll-offset=\"0\"><h2 id=\"at-288272\" class=\"c-accordion__title js-accordion-controller\" role=\"button\">Videos<\/h2><div id=\"ac-288272\" class=\"c-accordion__content\">\n<figure class=\"wp-block-embed is-type-video is-provider-youtube wp-block-embed-youtube wp-embed-aspect-16-9 wp-has-aspect-ratio\"><div class=\"wp-block-embed__wrapper\">\n<iframe title=\"L&#039;extraction \u00e0 tout prix ? - Grands traits de l&#039;extractivisme minier au P\u00e9rou\" width=\"800\" height=\"450\" src=\"https:\/\/www.youtube.com\/embed\/t2DAjuC-pxY?list=PLYtuBKYGp_UugSmqiCBALFMXF9ou3kMIp\" frameborder=\"0\" allow=\"accelerometer; autoplay; clipboard-write; encrypted-media; gyroscope; picture-in-picture; web-share\" referrerpolicy=\"strict-origin-when-cross-origin\" allowfullscreen><\/iframe>\n<\/div><figcaption class=\"wp-element-caption\">Vid\u00e9o 1 &#8211; P.37 &#8211; Grands traits de l&rsquo;extractivisme minier au P\u00e9rou<\/figcaption><\/figure>\n\n\n\n<figure class=\"wp-block-embed is-type-video is-provider-youtube wp-block-embed-youtube wp-embed-aspect-16-9 wp-has-aspect-ratio\"><div class=\"wp-block-embed__wrapper\">\n<iframe title=\"Environnement extractivisme Outil P\u00e9rou 2025\" width=\"800\" height=\"450\" src=\"https:\/\/www.youtube.com\/embed\/9kvgxCGLkXw?list=PLYtuBKYGp_UugSmqiCBALFMXF9ou3kMIp\" frameborder=\"0\" allow=\"accelerometer; autoplay; clipboard-write; encrypted-media; gyroscope; picture-in-picture; web-share\" referrerpolicy=\"strict-origin-when-cross-origin\" allowfullscreen><\/iframe>\n<\/div><figcaption class=\"wp-element-caption\">Vid\u00e9o 2 &#8211; P.46 &#8211; Effets environnementaux de l&rsquo;activit\u00e9 mini\u00e8re au P\u00e9rou<\/figcaption><\/figure>\n<\/div><\/div>\n\n\n\n<p><\/p>","protected":false},"excerpt":{"rendered":"<p>Un outil p\u00e9dagogique sur l&rsquo;extractivisme minier au P\u00e9rou Contexte Des paysan\u00b7nes vivant de l\u2019agriculture \u00e0 quelques centaines de m\u00e8tres d\u2019une mine tr\u00e8s productive \u2026 l\u2019image peut sembler paradoxale. Elle est pourtant de plus en plus fr\u00e9quente \u00e0 travers le monde et d\u2019autant plus \u00e0 l\u2019heure o\u00f9 la d\u00e9pendance en m\u00e9taux de notre \u00e9conomie est croissante. [&hellip;]<\/p>\n","protected":false},"author":63,"featured_media":29034,"comment_status":"open","ping_status":"open","sticky":false,"template":"","format":"standard","meta":{"_acf_changed":false,"_seopress_robots_primary_cat":"2696","_seopress_titles_title":"","_seopress_titles_desc":"","_seopress_robots_index":"","footnotes":""},"categories":[2696,2740],"tags":[2831,2835,2824,2818,2811,2834],"class_list":["post-28827","post","type-post","status-publish","format-standard","has-post-thumbnail","hentry","category-actualites","category-outils-pedagogiques-notre-offre","tag-acteurs-economiques","tag-democratie","tag-droits-humains","tag-perou","tag-ressources-naturelles","tag-union-europeenne"],"acf":[],"_links":{"self":[{"href":"https:\/\/www.justicepaix.be\/en\/wp-json\/wp\/v2\/posts\/28827","targetHints":{"allow":["GET"]}}],"collection":[{"href":"https:\/\/www.justicepaix.be\/en\/wp-json\/wp\/v2\/posts"}],"about":[{"href":"https:\/\/www.justicepaix.be\/en\/wp-json\/wp\/v2\/types\/post"}],"author":[{"embeddable":true,"href":"https:\/\/www.justicepaix.be\/en\/wp-json\/wp\/v2\/users\/63"}],"replies":[{"embeddable":true,"href":"https:\/\/www.justicepaix.be\/en\/wp-json\/wp\/v2\/comments?post=28827"}],"version-history":[{"count":27,"href":"https:\/\/www.justicepaix.be\/en\/wp-json\/wp\/v2\/posts\/28827\/revisions"}],"predecessor-version":[{"id":30930,"href":"https:\/\/www.justicepaix.be\/en\/wp-json\/wp\/v2\/posts\/28827\/revisions\/30930"}],"wp:featuredmedia":[{"embeddable":true,"href":"https:\/\/www.justicepaix.be\/en\/wp-json\/wp\/v2\/media\/29034"}],"wp:attachment":[{"href":"https:\/\/www.justicepaix.be\/en\/wp-json\/wp\/v2\/media?parent=28827"}],"wp:term":[{"taxonomy":"category","embeddable":true,"href":"https:\/\/www.justicepaix.be\/en\/wp-json\/wp\/v2\/categories?post=28827"},{"taxonomy":"post_tag","embeddable":true,"href":"https:\/\/www.justicepaix.be\/en\/wp-json\/wp\/v2\/tags?post=28827"}],"curies":[{"name":"wp","href":"https:\/\/api.w.org\/{rel}","templated":true}]}}