{"id":27876,"date":"2024-05-23T10:40:38","date_gmt":"2024-05-23T08:40:38","guid":{"rendered":"https:\/\/www.justicepaix.be\/?p=27876"},"modified":"2024-05-23T10:56:46","modified_gmt":"2024-05-23T08:56:46","slug":"periode-electorale-entre-desinformation-genree-et-polarisation-exacerbee","status":"publish","type":"post","link":"https:\/\/www.justicepaix.be\/en\/periode-electorale-entre-desinformation-genree-et-polarisation-exacerbee\/","title":{"rendered":"P\u00e9riode \u00e9lectorale\u00a0: entre d\u00e9sinformation genr\u00e9e et polarisation exacerb\u00e9e"},"content":{"rendered":"\n<p>En Juin et Octobre 2024, les citoyen\u00b7nes belges franchiront l\u2019isoloir pour voter. En cette p\u00e9riode \u00e9lectorale, la d\u00e9sinformation et la polarisation s\u2019alimentent mutuellement, freinant la participation des femmes \u00e0 la vie politique et mena\u00e7ant la stabilit\u00e9 d\u00e9mocratique et la coh\u00e9sion sociale.<\/p>\n\n\n\n<figure class=\"wp-block-image aligncenter size-large is-resized\"><img fetchpriority=\"high\" decoding=\"async\" width=\"1024\" height=\"1024\" src=\"https:\/\/www.justicepaix.be\/wp-content\/uploads\/2024\/05\/Mohamed-Hassan_Pixabay-1024x1024.png\" alt=\"\" class=\"wp-image-27879\" style=\"width:380px;height:auto\" srcset=\"https:\/\/www.justicepaix.be\/wp-content\/uploads\/2024\/05\/Mohamed-Hassan_Pixabay-1024x1024.png 1024w, https:\/\/www.justicepaix.be\/wp-content\/uploads\/2024\/05\/Mohamed-Hassan_Pixabay-300x300.png 300w, https:\/\/www.justicepaix.be\/wp-content\/uploads\/2024\/05\/Mohamed-Hassan_Pixabay-150x150.png 150w, https:\/\/www.justicepaix.be\/wp-content\/uploads\/2024\/05\/Mohamed-Hassan_Pixabay-768x767.png 768w, https:\/\/www.justicepaix.be\/wp-content\/uploads\/2024\/05\/Mohamed-Hassan_Pixabay-1536x1534.png 1536w, https:\/\/www.justicepaix.be\/wp-content\/uploads\/2024\/05\/Mohamed-Hassan_Pixabay-12x12.png 12w, https:\/\/www.justicepaix.be\/wp-content\/uploads\/2024\/05\/Mohamed-Hassan_Pixabay.png 1920w\" sizes=\"(max-width: 1024px) 100vw, 1024px\" \/><\/figure>\n\n\n\n<p><strong>Cr\u00e9dit image : Mohamed Hassan pixabay.<\/strong><\/p>\n\n\n\n<h3 class=\"wp-block-heading\"><strong>L\u2019\u00e9mergence de la participation des femmes dans les sph\u00e8res publique&nbsp;et politique<\/strong><\/h3>\n\n\n\n<p>1906, la Finlande a ouvert la voie en accordant le droit de vote aux femmes. Cette avanc\u00e9e marque le d\u00e9but d\u2019une longue lutte pour l\u2019\u00e9mancipation politique des femmes en Europe et dans le monde. <a href=\"https:\/\/www.bing.com\/search?q=droit+de+vote+femme+belgique&amp;cvid=8291209e40314f5ab82de05c7fc3bb84&amp;gs_lcrp=EgZjaHJvbWUqBggAEEUYOzIGCAAQRRg7MgYIARAAGEAyBggCEEUYOTIGCAMQABhAMgYIBBAAGEAyBggFEAAYQDIGCAYQABhAMgYIBxAAGEAyBggIEEUYPDIICAkQ6QcY_FXSAQgxODI4ajBqNKgCCLACAQ&amp;FORM=ANAB01&amp;PC=U531\">En Belgique, le droit de vote<\/a> a \u00e9t\u00e9 instaur\u00e9 progressivement entre 1919 et 1948. Les premi\u00e8res mesures appel\u00e9es \u00ab&nbsp;voix des morts&nbsp;\u00bb ne visaient qu\u2019exclusivement les veuves ou m\u00e8res de militaires morts au combat ainsi qu\u2019aux h\u00e9ro\u00efnes de guerre, ou bien seulement un acc\u00e8s aux \u00e9lections communales ou r\u00e9gionales.<br><strong>Il faudra attendre&nbsp;1948&nbsp;pour que toutes les femmes belges puissent \u00eatre reconnues comme des citoyennes en ayant acc\u00e8s \u00e0 toutes les urnes, <\/strong>alors que le suffrage universel masculin est d\u00e9j\u00e0 actif en Belgique depuis 1919.<\/p>\n\n\n\n<p>En d\u00e9pit des avanc\u00e9es significatives au cours des derni\u00e8res d\u00e9cennies en Europe et dans le monde, les femmes restent sous-repr\u00e9sent\u00e9es sur la sc\u00e8ne politique. Pour atteindre la parit\u00e9, certains \u00c9tats ont <a href=\"https:\/\/www.europarl.europa.eu\/cmsdata\/161126\/EPRS_ATA(2019)635530_EN-Women-in-parliaments-2p.pdf\">instaur\u00e9 des quotas<strong>&nbsp;<\/strong><\/a>sur les listes \u00e9lectorales. C\u2019est le cas par exemple de la Belgique, qui exige une \u00e9galit\u00e9 parfaite entre candidat\u00b7es femmes et hommes. Au niveau mondial, \u00e0 ce rythme actuel, la parit\u00e9 dans les hautes positions de pouvoir des gouvernements ne pourra \u00eatre atteinte que dans 130 ans<a href=\"#_ftn1\" id=\"_ftnref1\">[1]<\/a>.<\/p>\n\n\n\n<p>Malgr\u00e9 les progr\u00e8s r\u00e9alis\u00e9s dans la repr\u00e9sentation des femmes au Parlement europ\u00e9en et dans les gouvernements nationaux, un constat s\u2019impose&nbsp;: &nbsp;les femmes continuent de faire face \u00e0 des obstacles concernant leur participation politique<a href=\"#_ftn2\" id=\"_ftnref2\">[2]<\/a>. Ces derni\u00e8res rencontrent un niveau de d\u00e9fiance important lors de leur ascension aux diff\u00e9rents niveaux de pouvoir. <a href=\"https:\/\/www.womenpoliticalleaders.org\/advocacy\/reykjavik-index-2021\/\">L\u2019Indice de leadership de Reykjav\u00edk<\/a> met en \u00e9vidence que dans nos soci\u00e9t\u00e9s, des croyances persistent quant \u00e0&nbsp;<strong>la capacit\u00e9 des femmes \u00e0 participer pleinement \u00e0 la vie publique <\/strong>en tant que citoyennes actives ou dirigeantes. Celles-ci sont aliment\u00e9es par des attitudes traditionnalistes et des pr\u00e9jug\u00e9s tant chez les hommes que chez les femmes. Par exemple, es femmes politiques sont&nbsp;souvent d\u00e9peintes comme<strong> \u00ab&nbsp;fragiles&nbsp;\u00bb,&nbsp; \u00ab&nbsp;peu fiables&nbsp;\u00bb, \u00ab&nbsp;trop \u00e9motionnelles&nbsp;\u00bb, &nbsp;\u00ab&nbsp;hyst\u00e9riques&nbsp;\u00bb, \u00ab&nbsp;Niaiseuse&nbsp;\u00bb &nbsp;ou \u00ab&nbsp;inaptes<\/strong>&nbsp;<strong>aux postes de dirigeantes&nbsp;\u00bb<a href=\"#_ftn3\" id=\"_ftnref3\"><strong>[3]<\/strong><\/a>.<\/strong><\/p>\n\n\n\n<p>Ces attitudes et pr\u00e9jug\u00e9s soci\u00e9taux nourrissent la diffusion de la <strong>d\u00e9sinformation genr\u00e9e<\/strong>. Il s\u2019agit d\u2019un ensemble de pratiques et techniques de communication visant \u00e0 influencer l&rsquo;opinion publique en diffusant volontairement des informations fausses, fauss\u00e9es ou biais\u00e9es[4]. La d\u00e9sinformation devient genr\u00e9e lorsqu\u2019elle est propag\u00e9e \u00e0 l\u2019encontre de personnalit\u00e9s publiques f\u00e9minines, en suivant des sc\u00e9narios qui s\u2019inspirent de la misogynie et des r\u00f4les st\u00e9r\u00e9otyp\u00e9s des femmes et des hommes. &nbsp;Cette diffusion, lorsqu\u2019elle cible sp\u00e9cifiquement les femmes, nuit directement \u00e0 la cr\u00e9dibilit\u00e9 des personnes vis\u00e9es et peut avoir un impact psychologique profond, mais aussi des cons\u00e9quences n\u00e9fastes sur l\u2019exercice d\u00e9mocratique de nos soci\u00e9t\u00e9s.<\/p>\n\n\n\n<p>On constate que les attaques de d\u00e9sinformation qui ciblent les femmes politiques ont plus tendance \u00e0 aborder des contenus sp\u00e9cifiques comportant des insinuations sexuelles, menaces et langages misogynes, contenus dont les hommes, eux, sont plus souvent \u00e9pargn\u00e9s. Et ce, d\u2019autant plus depuis la dominance de communication via les r\u00e9seaux sociaux ou les critiques anonymes sont plus faciles. &nbsp;<\/p>\n\n\n\n<p>Selon une \u00e9tude men\u00e9e par l\u2019UNESCO<a href=\"#_ftn5\" id=\"_ftnref5\">[5]<\/a>:<\/p>\n\n\n\n<ul class=\"wp-block-list\">\n<li>42&nbsp;% des femmes parlementaires ont vu des images d\u2019elles extr\u00eamement humiliantes ou sexualis\u00e9es dans les r\u00e9seaux sociaux, incluant des photomontages les montrant nues.&nbsp;<\/li>\n\n\n\n<li>96&nbsp;% des images \u00ab&nbsp;deep fakes&nbsp;\u00bb en ligne mettent en sc\u00e8ne des femmes, le&nbsp;plus souvent connues, dans des images de pornographie non&nbsp;consensuelle.<\/li>\n<\/ul>\n\n\n\n<p>R\u00e9cemment, nous avons pu voir passer dans les m\u00e9dias&nbsp;: une image manipul\u00e9e de la premi\u00e8re dame d\u2019Ukraine seins nu sur une plage, des premi\u00e8res dames soup\u00e7onn\u00e9es d\u2019\u00eatre n\u00e9es de sexes masculins, une vid\u00e9o au ralenti de la pr\u00e9sidente de la Chambre des repr\u00e9sentants des \u00c9tats-Unis donnant l\u2019impression qu\u2019elle est ivre, ect.<\/p>\n\n\n\n<h3 class=\"wp-block-heading\"><strong>Femmes et D\u00e9mocratie confront\u00e9es \u00e0 la d\u00e9sinformation genr\u00e9e<\/strong><\/h3>\n\n\n\n<p>Nos syst\u00e8mes d\u00e9mocratiques reposent sur la transparence et l&rsquo;acc\u00e8s \u00e0 l\u2019information, afin que les citoyenn\u00b7es puissent faire usage de leur esprit critique et participer au d\u00e9bat public. En p\u00e9riode \u00e9lectorale, la d\u00e9sinformation peut \u00e9maner d\u2019acteurs et d\u2019actrices divers\u00b7es et vari\u00e9\u00b7es&nbsp;: individus proches de gouvernements, services de police, arm\u00e9e ou encore partis politiques, acteurs et actrices non-\u00e9tatiques, comptes extr\u00e9mistes, m\u00e9dias non-ind\u00e9pendants, citoyen\u00b7nes lambda. \u00c0 travers ce flot d&rsquo;informations, il n&rsquo;est pas rare que certaines pratiques visent \u00e0 discr\u00e9diter les candidats politiques. Les femmes, sont \u00e0 cet \u00e9gard, loin d&rsquo;\u00eatre \u00e9pargn\u00e9es.<\/p>\n\n\n\n<p>Lorsque la d\u00e9sinformation vise sp\u00e9cifiquement les femmes avec des campagnes qui colportent des <strong>mensonges entrem\u00eal\u00e9s d\u2019insinuations sexuelles, de menaces et d\u2019un langage misogyne<\/strong>, elle compromet non seulement leur r\u00e9putation, leur cr\u00e9dibilit\u00e9 ainsi que leur carri\u00e8re, mais \u00e9galement&nbsp;&nbsp;&nbsp; <a href=\"https:\/\/she-persisted.org\/wp-content\/uploads\/2023\/02\/ShePersisted_MonetizingMisogyny.pdf\">elle compromet de mani\u00e8re tangible la parit\u00e9 de la participation \u00e0 la vie d\u00e9mocratique.<\/a> Ce ph\u00e9nom\u00e8ne alarmant r\u00e9duit l\u2019espace dont disposent les femmes pour s\u2019impliquer dans la sph\u00e8re publique et dans la vie p<a><\/a>olitique, et dissuade les jeunes femmes \u00e0 s\u2019y engager. La d\u00e9sinformation genr\u00e9e dans la sph\u00e8re politique r\u00e9affirme les pr\u00e9jug\u00e9s sexistes, les st\u00e9r\u00e9otypes, la misogynie et les valeurs patriarcales.<\/p>\n\n\n\n<p>Selon Maria Ressa, Prix Nobel de la Paix en 2021 <a href=\"https:\/\/www.lemonde.fr\/international\/article\/2021\/10\/17\/maria-ressa-prix-nobel-de-la-paix-nous-sommes-entres-dans-l-ere-des-autoritarismes-numeriques_6098698_3210.html\">\u00ab&nbsp;La d\u00e9sinformation sexiste va \u00e9carter les femmes de l\u2019espace public car personne ne veut avoir \u00e0 faire \u00e0 ce type d\u2019attaques&nbsp;<\/a>\u00bb. Qui plus est, l\u2019objectif n\u2019est pas seulement d\u2019attaquer les femmes individuellement, mais aussi de faire reculer l\u2019\u00e9galit\u00e9 des genres. D\u00e8s lors, ce ph\u00e9nom\u00e8ne fragilise les femmes publiques, les valeurs lib\u00e9rales ainsi que les principes d\u00e9mocratiques de nos soci\u00e9t\u00e9s.<\/p>\n\n\n\n<p><strong>Certains<\/strong><strong> m\u00e9dias, par leur pouvoir d&rsquo;influence,<\/strong> <strong>peuvent consolider les st\u00e9r\u00e9otypes de genre<\/strong> en pr\u00e9sentant <a href=\"https:\/\/www.amnesty.be\/IMG\/pdf\/202304_dcod_le_monde_desinformation_genree-15.pdf\">les femmes politiques de mani\u00e8re biais\u00e9e<\/a>, en les r\u00e9duisant \u00e0 leur identit\u00e9 de genre, \u00e0 leur \u00ab&nbsp;r\u00f4le&nbsp;\u00bbde m\u00e8re, etc. Ce ph\u00e9nom\u00e8ne favorise la propagation de fausses informations bas\u00e9es sur le genre.<\/p>\n\n\n\n<p>L\u2019omnipr\u00e9sence des nouvelles technologies d\u2019information tels que les r\u00e9seaux sociaux, aggravent la cr\u00e9ation de faux contenus de plus en plus convaincants par le biais de vid\u00e9os \u00ab&nbsp;<em>deepfake<\/em>&nbsp;\u00bb<a href=\"#_ftn6\" id=\"_ftnref6\">[6]<\/a>, souvent \u00e0 caract\u00e8re pornographique et visant sp\u00e9cifiquement les femmes politiques. Ces vid\u00e9os, con\u00e7ues \u00e0 partir de l&rsquo;intelligence artificielle, manipulent plusieurs pistes audios et plusieurs visuels afin de cr\u00e9er un contenu trompeur. <a href=\"https:\/\/igvm-iefh.belgium.be\/sites\/default\/files\/les_deepnudes_parmi_les_jeunes_belges.pdf\">Selon une \u00e9tude de l\u2019Universit\u00e9 d\u2019Anvers<\/a>, 7% des Belges \u00e2g\u00e9s de 15 \u00e0 25 ans ont d\u00e9j\u00e0 cr\u00e9\u00e9 des \u00ab&nbsp;<em>deepfake<\/em>&nbsp;\u00bb \u00e0 caract\u00e8re pornographique.<\/p>\n\n\n\n<p>\u00c0 l&rsquo;approche des \u00e9lections europ\u00e9ennes et belges, la cr\u00e9ation de faux comptes politiques, notamment ceux favorisant l\u2019extr\u00eame droite, souligne l\u2019ampleur du probl\u00e8me. En utilisant des pratiques plus proches de celles des influenceur\u00b7euses que celles des politicien\u00b7nes traditionnel\u00b7les en s\u2019adressant \u00e0 un public jeune et influen\u00e7able, ces comptes construisent une image s\u00e9duisante de l\u2019extr\u00eame droite.&nbsp;Les jeunes pourtant les plus touch\u00e9\u00b7es par ces nouveaux ph\u00e9nom\u00e8nes, peinent \u00e0 discerner le vrai du faux, manquant de crit\u00e8res solides pour \u00e9valuer la fiabilit\u00e9 de l&rsquo;information.<\/p>\n\n\n\n<h3 class=\"wp-block-heading\"><strong>Des r\u00e9flexes \u00e0 adopter pour lutter contre la d\u00e9sinformation<\/strong><\/h3>\n\n\n\n<p>Pour contrer efficacement la <a href=\"https:\/\/www.bing.com\/search?pglt=2083&amp;q=d\u00e9sinformation+p\u00e9riode+electorale+belgique&amp;cvid=2ee29dc2c76248d9b0fb525a04269cfc&amp;gs_lcrp=EgZjaHJvbWUyBggAEEUYOTIGCAEQABhAMgYIAhAAGEAyBggDEAAYQDIGCAQQABhAMgYIBRAAGEAyBggGEAAYQDIGCAcQABhAMgYICBAAGEAyCAgJEOkHGPxV0gEIOTUxM2owajGoAgCwAgA&amp;FORM=ANNAB1&amp;PC=U531\">d\u00e9sinformation genr\u00e9e en p\u00e9riode \u00e9lectorale<\/a>, il est imp\u00e9ratif que les citoyen\u00b7nes <strong>remettent en question les sources d\u2019information, croisent les donn\u00e9es<\/strong> et consultent une <strong>vari\u00e9t\u00e9 de perspectives<\/strong> afin d\u2019obtenir <strong>une vision plus compl\u00e8te de la r\u00e9alit\u00e9<\/strong>. Notons que trouver la v\u00e9rit\u00e9 peut parfois s\u2019av\u00e9rer \u00eatre un casse-t\u00eate, au vu de la masse d\u2019information qui nous touche quotidiennement. Parfois, cliquer sur \u00ab&nbsp;<em>Partager<\/em>&nbsp;\u00bb semble plus simple que de constamment confronter ses sources en s\u2019effor\u00e7ant de comprendre les enjeux et int\u00e9r\u00eats auxquels nous faisons face.<\/p>\n\n\n\n<p>Quelques questions doivent s\u2019imposer lorsqu\u2019une information nous parvient&nbsp;:<\/p>\n\n\n\n<ul class=\"wp-block-list\">\n<li>Comment puis-je re-contextualiser cette information&nbsp;?<\/li>\n\n\n\n<li>Quel est l\u2019objectif de cette information&nbsp;?<\/li>\n\n\n\n<li>Sur quelles sources l\u2019auteur\u00b7rices&nbsp; s\u2019appuie-t-il \u2013 t-elle&nbsp;?<\/li>\n\n\n\n<li>Pourquoi cette information m\u2019est-elle destin\u00e9e&nbsp;?<\/li>\n\n\n\n<li>Quels sont les acteur\u00b7rices impliqu\u00e9\u00b7es&nbsp;?<\/li>\n\n\n\n<li>Cette information d\u00e9cr\u00e9dibilise-t-elle une personne ou un mouvement&nbsp;?<\/li>\n\n\n\n<li>Cette information renforce-t-elle l\u2019image d\u2019une personne ou d\u2019un mouvement&nbsp;?<\/li>\n<\/ul>\n\n\n\n<p><\/p>\n\n\n\n<p>Rompre avec les discours binaires et simplistes en adoptant une approche nuanc\u00e9e et inclusive du genre, permet de mieux <strong>reconnaitre et d\u00e9construire la d\u00e9sinformation genr\u00e9e<\/strong>. En remettant en question les st\u00e9r\u00e9otypes de genre et en reconnaissant la diversit\u00e9 des perspectives f\u00e9minines, les citoyen\u00b7nes peuvent contribuer \u00e0 affaiblir le ph\u00e9nom\u00e8ne de la d\u00e9sinformation genr\u00e9e et \u00e0 promouvoir une repr\u00e9sentation plus \u00e9quitable des femmes en politiques et dans la soci\u00e9t\u00e9 en g\u00e9n\u00e9ral.<\/p>\n\n\n\n<p>Afin d\u2019outiller au mieux les citoyen\u00b7nes belges et europ\u00e9en\u00b7nes pendant cette p\u00e9riode \u00e9lectorale, Oscar Thielen, informaticien de formation et volontaire au sein de la Justice &amp; Paix a cr\u00e9\u00e9 une plateforme en ligne destin\u00e9e \u00e0 lutter contre la d\u00e9sinformation&nbsp;:<em> <\/em>&nbsp;<strong><em>Demystificator<\/em> <\/strong>offre une compilation organis\u00e9e de divers outils de v\u00e9rifications d\u2019information, facilitant l\u2019acc\u00e8s aux citoyen\u00b7nes belges \u00e0 des ressources fiables en renfor\u00e7ant le discernement des individus face \u00e0 la d\u00e9sinformation. Vous pouvez acc\u00e9der \u00e0 ce site internet <a href=\"https:\/\/demystificator.vercel.app\/\">via ce lien.<\/a><em><\/em><\/p>\n\n\n\n<p>Les autorit\u00e9s, quant \u00e0 elles, doivent responsabiliser les plateformes num\u00e9riques en assurant une transparence des donn\u00e9es, fournir aux victimes des droits de proc\u00e9dure, comprenant un droit de recours,&nbsp; mettre en place des sanctions et tenir pour responsables les auteurs et autrices de violences en ligne et de d\u00e9sinformation bas\u00e9es sur le genre<a href=\"#_ftn7\" id=\"_ftnref7\">[7]<\/a>.<\/p>\n\n\n\n<p><strong>Louise Lesoil.<\/strong><\/p>\n\n\n\n<hr class=\"wp-block-separator has-alpha-channel-opacity\"\/>\n\n\n\n<p><a href=\"#_ftnref1\" id=\"_ftn1\">[1]<\/a> Calculs ONU Femmes disponible ici: <a href=\"https:\/\/www.unwomen.org\/sites\/default\/files\/2022-06\/Make-parity-a-reality-fr.pdf\">https:\/\/www.unwomen.org\/sites\/default\/files\/2022-06\/Make-parity-a-reality-fr.pdf<\/a><\/p>\n\n\n\n<p><a href=\"#_ftnref2\" id=\"_ftn2\">[2]<\/a> Diego Bravi Sacha, \u00ab&nbsp;Les effets de la discrimination sur l\u2019int\u00e9r\u00eat et la participation politique de ses victimes : une approche comparative et genr\u00e9e&nbsp;\u00bb DIAL, UCLouvain, 2019.<\/p>\n\n\n\n<p><a href=\"#_ftnref3\" id=\"_ftn3\">[3]<\/a> Catherine Achin, Laure Bereni, Dictionnaire genre et science politique, 2013.<\/p>\n\n\n\n<p><a href=\"#_ftnref4\">[4]<\/a> Brian G. Southwell, Emily A. Thorson, Laura Sheble,&nbsp;\u00ab&nbsp;&nbsp;Dossier \u00ab\u00a0<em>Misinformation versus Disinformation<\/em>&nbsp;\u00bb American scientist, n\u00b0 de novembre-d\u00e9cembre 2017.<\/p>\n\n\n\n<p><a href=\"#_ftnref5\" id=\"_ftn5\">[5]<\/a> UNESCO&nbsp;; Union interparlementaire&nbsp;; Deeptrace Labs.<\/p>\n\n\n\n<p><a href=\"#_ftnref6\" id=\"_ftn6\">[6]<\/a> Pour acc\u00e9der \u00e0 un exemple de \u00ab&nbsp;Deepfake&nbsp;\u00bb, suivez ce <a href=\"https:\/\/www.dhnet.be\/actu\/monde\/2024\/04\/12\/amandine-le-pen-une-effigie-tiktok-au-service-de-lextreme-droite-52NPOJUYENDF3DCNOEUJNSAEUQ\/\">lien<\/a>.<\/p>\n\n\n\n<p><a href=\"#_ftnref7\" id=\"_ftn7\">[7]<\/a> Recommandations de l\u2019UNESCO&nbsp;: \u00ab&nbsp;Comment contrer les discours de haine et la d\u00e9sinformation genr\u00e9e en ligne&nbsp;? Le dialogue mondial organis\u00e9 par l\u2019UNESCO propose des solutions&nbsp;\u00bb, 2023.<\/p>\n","protected":false},"excerpt":{"rendered":"<p>En Juin et Octobre 2024, les citoyen\u00b7nes belges franchiront l\u2019isoloir pour voter. En cette p\u00e9riode \u00e9lectorale, la d\u00e9sinformation et la polarisation s\u2019alimentent mutuellement, freinant la participation des femmes \u00e0 la vie politique et mena\u00e7ant la stabilit\u00e9 d\u00e9mocratique et la coh\u00e9sion sociale. <\/p>","protected":false},"author":57,"featured_media":27879,"comment_status":"open","ping_status":"open","sticky":false,"template":"","format":"standard","meta":{"_acf_changed":false,"_seopress_robots_primary_cat":"none","_seopress_titles_title":"","_seopress_titles_desc":"","_seopress_robots_index":"","footnotes":""},"categories":[2696,2722,2719],"tags":[2809,2802,3046,2822,2834],"class_list":["post-27876","post","type-post","status-publish","format-standard","has-post-thumbnail","hentry","category-actualites","category-articles-nos-publications","category-nos-publications","tag-actions-citoyennes","tag-bonne-gouvernance","tag-elections-2","tag-mondialisation","tag-union-europeenne"],"acf":[],"_links":{"self":[{"href":"https:\/\/www.justicepaix.be\/en\/wp-json\/wp\/v2\/posts\/27876","targetHints":{"allow":["GET"]}}],"collection":[{"href":"https:\/\/www.justicepaix.be\/en\/wp-json\/wp\/v2\/posts"}],"about":[{"href":"https:\/\/www.justicepaix.be\/en\/wp-json\/wp\/v2\/types\/post"}],"author":[{"embeddable":true,"href":"https:\/\/www.justicepaix.be\/en\/wp-json\/wp\/v2\/users\/57"}],"replies":[{"embeddable":true,"href":"https:\/\/www.justicepaix.be\/en\/wp-json\/wp\/v2\/comments?post=27876"}],"version-history":[{"count":3,"href":"https:\/\/www.justicepaix.be\/en\/wp-json\/wp\/v2\/posts\/27876\/revisions"}],"predecessor-version":[{"id":27884,"href":"https:\/\/www.justicepaix.be\/en\/wp-json\/wp\/v2\/posts\/27876\/revisions\/27884"}],"wp:featuredmedia":[{"embeddable":true,"href":"https:\/\/www.justicepaix.be\/en\/wp-json\/wp\/v2\/media\/27879"}],"wp:attachment":[{"href":"https:\/\/www.justicepaix.be\/en\/wp-json\/wp\/v2\/media?parent=27876"}],"wp:term":[{"taxonomy":"category","embeddable":true,"href":"https:\/\/www.justicepaix.be\/en\/wp-json\/wp\/v2\/categories?post=27876"},{"taxonomy":"post_tag","embeddable":true,"href":"https:\/\/www.justicepaix.be\/en\/wp-json\/wp\/v2\/tags?post=27876"}],"curies":[{"name":"wp","href":"https:\/\/api.w.org\/{rel}","templated":true}]}}