{"id":27857,"date":"2024-05-22T11:32:02","date_gmt":"2024-05-22T09:32:02","guid":{"rendered":"https:\/\/www.justicepaix.be\/?p=27857"},"modified":"2024-05-22T11:32:03","modified_gmt":"2024-05-22T09:32:03","slug":"communique-de-presse-appel-a-la-democratie-unissons-nous-pour-leurope-de-demain-justice-paix-europe","status":"publish","type":"post","link":"https:\/\/www.justicepaix.be\/en\/communique-de-presse-appel-a-la-democratie-unissons-nous-pour-leurope-de-demain-justice-paix-europe\/","title":{"rendered":"Communiqu\u00e9 de presse: Appel \u00e0 la d\u00e9mocratie, unissons-nous pour l&rsquo;Europe de demain ! &#8211; Justice &amp; Paix Europe"},"content":{"rendered":"<p><\/p>\n\n\n\n<p>\u00c0 l&rsquo;approche des \u00e9lections europ\u00e9ennes du 6 au 9 juin, <strong>plus de 400 millions de citoyen\u00b7nes s&rsquo;appr\u00eatent \u00e0 fa\u00e7onner le destin collectif du continent. <\/strong>Pour la premi\u00e8re fois, des jeunes \u00e2g\u00e9\u00b7es de 16 et 17 ans auront le privil\u00e8ge d\u2019y participer dans certains pays, soulignant ainsi l&rsquo;importance de l&rsquo;engagement des jeunes dans la construction de l&rsquo;avenir de l&rsquo;Europe.<\/p>\n\n\n\n<p>Ces \u00e9lections vont bien au-del\u00e0 de la simple composition du Parlement europ\u00e9en. Elles d\u00e9termineront les figures cl\u00e9s de l&rsquo;Union europ\u00e9enne, celles qui navigueront \u00e0 travers les arcanes du pouvoir, influen\u00e7ant ainsi les politiques qui touchent des millions de vies.<\/p>\n\n\n\n<p>Dans cet esprit, le Comit\u00e9 ex\u00e9cutif de Justice et Paix Europe, repr\u00e9sentant plus de trente commissions nationales \u00e0 travers le continent dont Justice et Paix Belgique, lance un appel \u00e0 tous les \u00e9lecteurs et \u00e0 toutes les \u00e9lectrices. Au-del\u00e0 des int\u00e9r\u00eats individuels, nous devons consid\u00e9rer les imp\u00e9ratifs du bien commun, avec un regard sur plusieurs enjeux critiques qui n\u00e9cessitent une attention et une action conjointes :<\/p>\n\n\n\n<ul class=\"wp-block-list\">\n<li>La pr\u00e9servation de la vie humaine, de la dignit\u00e9 et des droits fondamentaux, tant en Europe qu&rsquo;au-del\u00e0 de ses fronti\u00e8res<\/li>\n\n\n\n<li>Les menaces existentielles telles que la crise climatique et la perte de biodiversit\u00e9, n\u00e9cessitant des actions d\u00e9cisives pour prot\u00e9ger l&rsquo;avenir des jeunes g\u00e9n\u00e9rations<\/li>\n\n\n\n<li>Les changements d\u00e9mographiques et les crises sanitaires \u00e9mergentes appellent des politiques innovantes pour favoriser l&rsquo;inclusion et la coh\u00e9sion sociale<\/li>\n\n\n\n<li>La solidarit\u00e9 envers les r\u00e9fugi\u00e9\u00b7es et les migrant\u00b7es, ainsi que le soutien aux pays en proie \u00e0 des conflits et des instabilit\u00e9s<\/li>\n<\/ul>\n\n\n\n<p><strong>Nous devons aussi rester vigilant\u00b7es face \u00e0 la d\u00e9sinformation, qui menace les fondements m\u00eames de la d\u00e9mocratie. En tant qu&rsquo;\u00e9lecteurs et \u00e9lectrices, nous avons le pouvoir de fa\u00e7onner un avenir bas\u00e9 sur la justice et la paix pour toutes et tous.<\/strong><\/p>\n\n\n\n<p><\/p>\n\n\n\n<p>Le statement de Justice &amp; Paix Europe ci-dessous <\/p>\n\n\n\n<p><\/p>\n\n\n\n<div data-wp-interactive=\"core\/file\" class=\"wp-block-file\"><object data-wp-bind--hidden=\"!state.hasPdfPreview\" hidden class=\"wp-block-file__embed\" data=\"https:\/\/www.justicepaix.be\/wp-content\/uploads\/2024\/05\/240430-A-Call-to-Democracy.pdf\" type=\"application\/pdf\" style=\"width:100%;height:600px\" aria-label=\"Embed of 240430-A-Call-to-Democracy.\"><\/object><a id=\"wp-block-file--media-4731af88-8c2e-4c7d-b1fa-6b2697fa935e\" href=\"https:\/\/www.justicepaix.be\/wp-content\/uploads\/2024\/05\/240430-A-Call-to-Democracy.pdf\">240430-A-Call-to-Democracy<\/a><a href=\"https:\/\/www.justicepaix.be\/wp-content\/uploads\/2024\/05\/240430-A-Call-to-Democracy.pdf\" class=\"wp-block-file__button wp-element-button\" download aria-describedby=\"wp-block-file--media-4731af88-8c2e-4c7d-b1fa-6b2697fa935e\">Download<\/a><\/div>","protected":false},"excerpt":{"rendered":"<p>\u00c0 l&rsquo;approche des \u00e9lections europ\u00e9ennes du 6 au 9 juin, plus de 400 millions de citoyen\u00b7nes s&rsquo;appr\u00eatent \u00e0 fa\u00e7onner le destin collectif du continent.<\/p>","protected":false},"author":63,"featured_media":27861,"comment_status":"open","ping_status":"open","sticky":false,"template":"","format":"standard","meta":{"_acf_changed":false,"_seopress_robots_primary_cat":"2696","_seopress_titles_title":"","_seopress_titles_desc":"","_seopress_robots_index":"","footnotes":""},"categories":[2696,2720,2693],"tags":[2831,2835,2814,2824,2825,2834],"class_list":["post-27857","post","type-post","status-publish","format-standard","has-post-thumbnail","hentry","category-actualites","category-communiques-de-presse","category-partenaires-justice-et-paix","tag-acteurs-economiques","tag-democratie","tag-developpement-durable","tag-droits-humains","tag-prevention-des-conflits","tag-union-europeenne"],"acf":[],"_links":{"self":[{"href":"https:\/\/www.justicepaix.be\/en\/wp-json\/wp\/v2\/posts\/27857","targetHints":{"allow":["GET"]}}],"collection":[{"href":"https:\/\/www.justicepaix.be\/en\/wp-json\/wp\/v2\/posts"}],"about":[{"href":"https:\/\/www.justicepaix.be\/en\/wp-json\/wp\/v2\/types\/post"}],"author":[{"embeddable":true,"href":"https:\/\/www.justicepaix.be\/en\/wp-json\/wp\/v2\/users\/63"}],"replies":[{"embeddable":true,"href":"https:\/\/www.justicepaix.be\/en\/wp-json\/wp\/v2\/comments?post=27857"}],"version-history":[{"count":1,"href":"https:\/\/www.justicepaix.be\/en\/wp-json\/wp\/v2\/posts\/27857\/revisions"}],"predecessor-version":[{"id":27862,"href":"https:\/\/www.justicepaix.be\/en\/wp-json\/wp\/v2\/posts\/27857\/revisions\/27862"}],"wp:featuredmedia":[{"embeddable":true,"href":"https:\/\/www.justicepaix.be\/en\/wp-json\/wp\/v2\/media\/27861"}],"wp:attachment":[{"href":"https:\/\/www.justicepaix.be\/en\/wp-json\/wp\/v2\/media?parent=27857"}],"wp:term":[{"taxonomy":"category","embeddable":true,"href":"https:\/\/www.justicepaix.be\/en\/wp-json\/wp\/v2\/categories?post=27857"},{"taxonomy":"post_tag","embeddable":true,"href":"https:\/\/www.justicepaix.be\/en\/wp-json\/wp\/v2\/tags?post=27857"}],"curies":[{"name":"wp","href":"https:\/\/api.w.org\/{rel}","templated":true}]}}