{"id":26047,"date":"2023-12-20T14:44:58","date_gmt":"2023-12-20T13:44:58","guid":{"rendered":"https:\/\/www.justicepaix.be\/?p=26047"},"modified":"2024-01-09T10:17:33","modified_gmt":"2024-01-09T09:17:33","slug":"israel-hamas-conflict-the-need-to-promote-an-impartial-debate-on-international-humanitarian-law","status":"publish","type":"post","link":"https:\/\/www.justicepaix.be\/en\/conflit-israel-hamas-la-necessite-de-favoriser-un-debat-impartial-sur-le-droit-international-humanitaire\/","title":{"rendered":"Israel-Hamas conflict: The need to promote an impartial debate on International Humanitarian Law"},"content":{"rendered":"\n<p>Sans entrer dans les d\u00e9tails de chaque action militaire sp\u00e9cifique, il est crucial de prendre du recul et de tenter de clarifier certains principes fondamentaux du droit humanitaire, car le conflit isra\u00e9lo palestinien soul\u00e8ve de nombreuses questions.<\/p>\n\n\n\n<div class=\"wp-block-cover\"><span aria-hidden=\"true\" class=\"wp-block-cover__background has-background-dim\"><\/span><img fetchpriority=\"high\" decoding=\"async\" width=\"602\" height=\"411\" class=\"wp-block-cover__image-background wp-image-26050\" alt=\"\" src=\"https:\/\/www.justicepaix.be\/wp-content\/uploads\/2023\/12\/Image_Analyse1.jpg\" data-object-fit=\"cover\" srcset=\"https:\/\/www.justicepaix.be\/wp-content\/uploads\/2023\/12\/Image_Analyse1.jpg 602w, https:\/\/www.justicepaix.be\/wp-content\/uploads\/2023\/12\/Image_Analyse1-300x205.webp 300w\" sizes=\"(max-width: 602px) 100vw, 602px\" \/><div class=\"wp-block-cover__inner-container is-layout-flow wp-block-cover-is-layout-flow\">\n<p class=\"has-text-align-center has-large-font-size\"><\/p>\n<\/div><\/div>\n\n\n\n<p><\/p>\n\n\n\n<p>Depuis le d\u00e9clenchement de l&rsquo;op\u00e9ration \u00ab\u00a0Al-Aqsa Flood\u00a0\u00bb par les Brigades Izz ad-Din al-Qassam, la branche arm\u00e9e du Hamas, et la riposte \u00e9nergique de l&rsquo;arm\u00e9e isra\u00e9lienne, nomm\u00e9e Op\u00e9ration \u00c9p\u00e9es de Fer, des milliers de Palestiniens et d&rsquo;Isra\u00e9liens ont perdu la vie ou ont \u00e9t\u00e9 bless\u00e9s. Cette escalade du conflit a suscit\u00e9 un d\u00e9bat intense et polaris\u00e9 au niveau international, avec des opinions divergentes au sein de l&rsquo;opinion publique et des discours politiques tentant de justifier ou de condamner les actions des deux parties.<\/p>\n\n\n\n<p>Les m\u00e9dias jouent un r\u00f4le crucial dans ce contexte, d&rsquo;autant plus que les enjeux m\u00e9diatiques des guerres ont pris une importance croissante \u00e0 notre \u00e9poque, accentu\u00e9e par la n\u00e9cessit\u00e9 d&rsquo;informations imm\u00e9diates et l&rsquo;utilisation massive des r\u00e9seaux sociaux. Ces \u00e9l\u00e9ments, d\u00e9j\u00e0 pr\u00e9sents dans le contexte du conflit en Ukraine, se retrouvent \u00e9galement dans le cadre de la situation \u00e0 Gaza, compliquant l&rsquo;obtention d&rsquo;une vision globale de la guerre et de ses enjeux.<\/p>\n\n\n\n<p>La situation actuelle met en lumi\u00e8re des journalistes rapportant des rumeurs, des experts en studio pr\u00e9sentant leurs opinions et analyses sur ces rumeurs, et les r\u00e9seaux sociaux polarisant le d\u00e9bat en faveur ou contre l\u2019une de ces parties. Un exemple concret est l&rsquo;analyse du bombardement de l&rsquo;h\u00f4pital Al-Ahli \u00e0 Gaza-City, o\u00f9 la difficult\u00e9 d&rsquo;\u00e9tablir le nombre de victimes s&rsquo;ajoute \u00e0 la complexit\u00e9 de d\u00e9terminer le responsable de la frappe. Cette facilit\u00e9 avec laquelle une conclusion provisoire peut \u00eatre transform\u00e9e en v\u00e9rit\u00e9 concernant une action militaire cr\u00e9e un cercle d&rsquo;accusations, rendant difficile les appels au respect du droit international.<\/p>\n\n\n\n<p>Sans entrer dans les d\u00e9tails de chaque action militaire sp\u00e9cifique, il est crucial de prendre du recul et de tenter de clarifier certains principes fondamentaux du droit humanitaire, car le conflit soul\u00e8ve de nombreuses questions.<\/p>\n\n\n\n<h3 class=\"wp-block-heading\"><strong>Le Droit International Humanitaire<\/strong><\/h3>\n\n\n\n<p>Au c\u0153ur de ces consid\u00e9rations, le Droit International Humanitaire (DIH) se pr\u00e9sente comme un ensemble de r\u00e8gles visant \u00e0 limiter les effets d\u00e9vastateurs des conflits arm\u00e9s. Ind\u00e9pendamment de la l\u00e9gitimation du conflit ou des motifs invoqu\u00e9s, le DIH vise \u00e0 prot\u00e9ger la dignit\u00e9 humaine m\u00eame en temps de guerre, instaurant des limites pour att\u00e9nuer les souffrances des personnes prises dans les conflits.<\/p>\n\n\n\n<ol class=\"wp-block-list\" start=\"1\" style=\"list-style-type:lower-alpha\">\n<li><strong><em>La s\u00e9paration entre \u00ab\u00a0Ius ad Bellum\u00a0\u00bb et \u00ab\u00a0Ius in Bello\u00a0\u00bb<\/em><\/strong><em><\/em><\/li>\n<\/ol>\n\n\n\n<p>La s\u00e9paration entre \u00ab\u00a0<em>Ius ad Bellum<\/em>\u00a0\u00bb et \u00ab\u00a0<em>Ius in Bello<\/em>\u00a0\u00bb constitue un pilier du DIH. Ind\u00e9pendamment des conditions qui autorisent le recours \u00e0 la force arm\u00e9e (<em>Ius ad Bellum<\/em>), telles que le droit d&rsquo;autod\u00e9termination revendiqu\u00e9 par les Palestiniens ou le droit \u00e0 la l\u00e9gitime d\u00e9fense invoqu\u00e9e par Isra\u00ebl, les parties ont l&rsquo;obligation de respecter le \u00ab\u00a0<em>Ius in Bello<\/em>\u00ab\u00a0. Il s\u2019agit des r\u00e8gles r\u00e9gissant le comportement des parties en conflit, incluant la protection des civils, des biens m\u00e9dicaux, et l&rsquo;interdiction des attaques indiscrimin\u00e9es.<a href=\"#_ftn1\" id=\"_ftnref1\"><sup>[1]<\/sup><\/a><\/p>\n\n\n\n<ol class=\"wp-block-list\" start=\"2\" style=\"list-style-type:lower-alpha\">\n<li><strong><em>Les principes fondamentaux du Droit international humanitaire.<\/em><\/strong><\/li>\n<\/ol>\n\n\n\n<p>Le DIH repose sur un fondement constitu\u00e9 par plusieurs conventions, dont les quatre Conventions de Gen\u00e8ve et leurs protocoles additionnels<a href=\"#_ftn2\" id=\"_ftnref2\"><sup>[2]<\/sup><\/a>, ainsi que sur le droit coutumier<a href=\"#_ftn3\" id=\"_ftnref3\"><sup>[3]<\/sup><\/a>. Ces normes \u00e9nonc\u00e9es cherchent \u00e0 concilier les imp\u00e9ratifs humanitaires avec les exigences militaires, mettant en avant des principes fondamentaux tels que le principe d&rsquo;humanit\u00e9. Au c\u0153ur de ces principes se trouve la <strong>n\u00e9cessit\u00e9 de diff\u00e9rencier clairement les personnes participant aux hostilit\u00e9s (combattant<\/strong><strong>\ua78f<\/strong><strong>es) et celles qui n&rsquo;y participent pas (civiles),<\/strong> avec pour objectif de prot\u00e9ger ces derni\u00e8res contre toute forme de ciblage indiscrimin\u00e9.<\/p>\n\n\n\n<p>Un autre principe central du DIH est <strong>l&rsquo;interdiction des maux superflus<\/strong>, visant \u00e0 limiter l&rsquo;utilisation de la force excessive ou de m\u00e9thodes cruelles qui ne sont pas n\u00e9cessaires pour atteindre un objectif militaire l\u00e9gitime. L&rsquo;objectif global est de r\u00e9duire les souffrances inutiles inflig\u00e9es aux personnes affect\u00e9es par le conflit. Enfin, le DIH insiste sur <strong>la protection des personnes hors combat ou sous le pouvoir de l&rsquo;ennemi<\/strong>, visant \u00e0 garantir un traitement humain envers les personnes qui ne participent pas directement aux hostilit\u00e9s, incluant les prisonniers de guerre et les personnes civiles captur\u00e9es. Ces principes du DIH contribuent \u00e0 \u00e9tablir des normes contraignantes, essentielles pour pr\u00e9server la dignit\u00e9 humaine m\u00eame dans les situations de conflits arm\u00e9s. La <strong>prise d&rsquo;otages et l&rsquo;assassinat d\u00e9lib\u00e9r\u00e9 de civils<\/strong> par une partie au conflit <strong>sont, en effet, clairement interdits par le DIH<\/strong>. Ces actions sont consid\u00e9r\u00e9es comme des violations graves du droit international humanitaire.<\/p>\n\n\n\n<ol class=\"wp-block-list\" start=\"3\" style=\"list-style-type:lower-alpha\">\n<li><strong><em>La conduite de hostilit\u00e9s<\/em><\/strong><\/li>\n<\/ol>\n\n\n\n<p>Il y a d\u2019autres principes qui se focalisent par sur la conduite des hostilit\u00e9s, tels que <strong>le principe de la proportionnalit\u00e9 dans l\u2019attaque&nbsp;et la pr\u00e9caution dans l\u2019attaque<\/strong>. Ces principes ont pour but de minimiser autant que possible l\u2019atteinte aux populations civiles en temps de guerre en limitant les m\u00e9thodes et les moyens militaires employ\u00e9s par les bellig\u00e9rant\ua78fes.&nbsp;Toutefois, comme clairement explique par Marco Sassoli,<a href=\"#_ftn4\" id=\"_ftnref4\"><sup>[4]<\/sup><\/a> d\u00e9terminer la l\u00e9galit\u00e9 d&rsquo;une attaque est une t\u00e2che complexe. La complexit\u00e9 ne r\u00e9side pas tant dans la loi elle-m\u00eame, mais plut\u00f4t dans la difficult\u00e9 d&rsquo;\u00e9tablir les faits entourant l&rsquo;attaque. Cibler des civils ou des objets civils constitue une violation du Droit. Ce qui rend une attaque l\u00e9gale ne d\u00e9pend pas des r\u00e9sultats de celle-ci, mais plut\u00f4t d&rsquo;une \u00e9valuation anticip\u00e9e par la partie attaquante. En d&rsquo;autres termes, la complexit\u00e9 r\u00e9side dans l&rsquo;\u00e9tablissement des faits li\u00e9s \u00e0 une attaque sp\u00e9cifique, notamment la nature des cibles, les mesures prises pour \u00e9viter les pertes civiles excessives, la n\u00e9cessit\u00e9 militaire de la cible, son usage par l\u2019autre partie.<\/p>\n\n\n\n<p>En plus, il est essentiel de souligner, comme Fr\u00e9d\u00e9ric Casier<a href=\"#_ftn5\" id=\"_ftnref5\"><u><sup><u><sup>[5]<\/sup><\/u><\/sup><\/u><\/a>, les cons\u00e9quences d\u00e9vastatrices des armes explosives \u00e0 large rayon d&rsquo;impact, notamment dans les zones urbaines. L&rsquo;utilisation de ces armes peut entra\u00eener d&rsquo;importants dommages civils en raison de leur impr\u00e9cision inh\u00e9rente et de la proximit\u00e9 des objectifs militaires avec les infrastructures civiles. Les effets collat\u00e9raux des armes explosives lourdes sur des infrastructures civiles vitales, telles que les installations d&rsquo;eau, d&rsquo;\u00e9lectricit\u00e9, et les r\u00e9seaux d&rsquo;alimentation cruciaux, peuvent perturber gravement des services essentiels \u00e0 la survie des civils.<a href=\"#_ftn6\" id=\"_ftnref6\"><sup>[6]<\/sup><\/a><\/p>\n\n\n\n<p>Dans ce contexte, en plus de rappeler constamment l&rsquo;obligation de respecter le droit, il est indispensable de sensibiliser les citoyen\ua78fnes \u00e0 aller au-del\u00e0 de la propagande provenant des deux c\u00f4t\u00e9s. Il est crucial de les encourager \u00e0 demander aux m\u00e9dias de se familiariser avec le DIH, plut\u00f4t que de tirer des conclusions h\u00e2tives sur une attaque sp\u00e9cifique. De plus, il est essentiel de demander aux parties impliqu\u00e9es davantage de transparence afin d&rsquo;\u00e9tablir les faits de mani\u00e8re objective. Cette transparence est n\u00e9cessaire pour traduire les criminels en justice et assurer la responsabilit\u00e9 des actes commis.<\/p>\n\n\n\n<ol class=\"wp-block-list\" start=\"4\" style=\"list-style-type:lower-alpha\">\n<li><strong><em>L\u2019acc\u00e8s aux secours humanitaires<\/em><\/strong><em><\/em><\/li>\n<\/ol>\n\n\n\n<p>Les Conventions de Gen\u00e8ve et le droit coutumier <a href=\"#_ftn7\" id=\"_ftnref7\"><sup>[7]<\/sup><\/a>affirment explicitement l&rsquo;obligation des parties en conflit de permettre aux organismes humanitaires d&rsquo;acc\u00e9der aux zones touch\u00e9es par les hostilit\u00e9s. Cette obligation a pour objectif de faciliter la fourniture efficace d&rsquo;une assistance m\u00e9dicale, alimentaire, en eau, et d&rsquo;autres besoins essentiels aux personnes affect\u00e9es par le conflit. Malgr\u00e9 cela, la question de l&rsquo;acc\u00e8s \u00e0 l&rsquo;aide humanitaire \u00e0 Gaza a suscit\u00e9 de nombreuses inqui\u00e9tudes. Cette r\u00e9ticence, malgr\u00e9 les appels r\u00e9p\u00e9t\u00e9s des agences onusiennes et des organisations internationales, met en lumi\u00e8re une polarisation qui compromet la nature m\u00eame de l&rsquo;aide humanitaire. La situation \u00e0 Gaza a cr\u00e9\u00e9 des divisions et des blocages politiques qui entravent la capacit\u00e9 des organismes humanitaires \u00e0 fournir une assistance rapide et efficace. Cela souligne la n\u00e9cessit\u00e9 imp\u00e9rative de repenser un espace politique qui surmonte les divisions, \u00e9vite les doubles standards et permet une action humanitaire neutre, impartiale et ind\u00e9pendante.<a href=\"#_ftn8\" id=\"_ftnref8\"><sup>[8]<\/sup><\/a><\/p>\n\n\n\n<h3 class=\"wp-block-heading\"><strong>Conclusion<\/strong><\/h3>\n\n\n\n<p>La situation actuelle entre Isra\u00ebl et le Hamas a engendr\u00e9 des pertes humaines consid\u00e9rables et suscit\u00e9 un d\u00e9bat mondial polaris\u00e9. Les m\u00e9dias et les r\u00e9seaux sociaux ont jou\u00e9 un r\u00f4le crucial, parfois amplifiant des informations non v\u00e9rifi\u00e9es. Dans ce contexte, il est essentiel de rappeler les principes du Droit International Humanitaire (DIH) qui visent \u00e0 limiter les souffrances en temps de guerre, vital pour prot\u00e9ger la dignit\u00e9 humaine, m\u00eame dans les conflits arm\u00e9s. La sensibilisation du public au DIH et la demande de transparence sont cruciales pour garantir la responsabilit\u00e9 des actes commis et assurer une assistance humanitaire efficace. La D\u00e9claration du haut repr\u00e9sentant, au nom de l&rsquo;Union europ\u00e9enne, sur des tr\u00eaves humanitaires \u00e0 Gaza,<a href=\"#_ftn9\" id=\"_ftnref9\"><sup>[9]<\/sup><\/a> comme la r\u00e9solution du Conseil de S\u00e9curit\u00e9 des Nations Unies 2712(2023)<a href=\"#_ftn10\" id=\"_ftnref10\"><sup>[10]<\/sup><\/a> vont dans la direction juste en demandant la lib\u00e9ration imm\u00e9diate et inconditionnelle de tous les otages et la garantie d\u2019un acc\u00e8s humanitaire imm\u00e9diat. Cependant, le retard dans la demande et la mise en \u0153uvre sur le terrain a un co\u00fbt \u00e9lev\u00e9 en termes de vies humaines. \u00c0 la veille des r\u00e9unions europ\u00e9ennes importantes il est imp\u00e9ratif que les associations de la soci\u00e9t\u00e9 civile se mobilisent pour exiger une action plus d\u00e9cisive de l&rsquo;Union europ\u00e9enne sur le front humanitaire. Il est crucial que cette mobilisation transcende les clivages politiques et mette l&rsquo;accent sur la responsabilit\u00e9 collective envers la protection des populations vuln\u00e9rables. Les associations humanitaires internationales et \u00e9trang\u00e8res, en raison de leur impartialit\u00e9 et de leur neutralit\u00e9, font face \u00e0 des d\u00e9fis majeurs dans ce contexte complexe. La perception de leur positionnement en faveur d&rsquo;une partie plut\u00f4t que de l&rsquo;autre peut rendre difficile la fourniture d&rsquo;aide \u00e0 la population dans le besoin.<\/p>\n\n\n\n<p>Dans ce cadre, il devient imp\u00e9ratif que d&rsquo;autres acteurs de la soci\u00e9t\u00e9 civile, tels que les associations pour la paix, les universit\u00e9s et les citoyen\ua78fnes engag\u00e9\ua78fes, prennent l&rsquo;initiative de porter ce d\u00e9bat. Cela peut \u00eatre fait de mani\u00e8re parall\u00e8le, mais aussi distincte de celui ax\u00e9 sur les questions de paix. Ces groupes peuvent contribuer \u00e0 sensibiliser davantage le public, mettre en lumi\u00e8re le Droit International Humanitaire (DIH), souligner les besoins humanitaires pressants et encourager une r\u00e9ponse efficace de l&rsquo;Union europ\u00e9enne. Il est essentiel de cr\u00e9er un nouvel espace mettant en avant l&rsquo;importance du respect du DIH qui va au-del\u00e0 de la recherche des responsabilit\u00e9s. Cette t\u00e2che reviendra aux historiens et aux tribunaux mais, actuellement, l&rsquo;accent doit \u00eatre mis sur la sensibilisation et l&rsquo;action humanitaire imm\u00e9diate pour att\u00e9nuer les souffrances de la population civile affect\u00e9e par le conflit.<\/p>\n\n\n\n<p><strong>Mattia Tosato.<\/strong><\/p>\n\n\n\n<hr class=\"wp-block-separator has-alpha-channel-opacity\"\/>\n\n\n\n<p><a href=\"#_ftnref1\" id=\"_ftn1\">[1]<\/a> Pour plus des informations Kolb, R. (1997), Origin of the twin terms jus ad bellum\/jus in bello : <a href=\"https:\/\/www.icrc.org\/en\/doc\/resources\/documents\/article\/other\/57jnuu.htm\">https:\/\/www.icrc.org\/en\/doc\/resources\/documents\/article\/other\/57jnuu.htm<\/a> et Tosato, M. (2022), L\u2019imparzialit\u00e0 alla prova dei social e la ragione per separare ius in bello ed ius ad bellum : https:\/\/www.amistades.info\/post\/imparzialita-alla-prova-social-ragione-separare-ius-in-bello-ius-ad-bellum<\/p>\n\n\n\n<p><a href=\"#_ftnref2\" id=\"_ftn2\">[2]<\/a> Conventions de Gen\u00e8ve de 1949, Protocoles additionnels et leurs Commentaires&nbsp;: <a href=\"https:\/\/ihl-databases.icrc.org\/fr\/ihl-treaties\">https:\/\/ihl-databases.icrc.org\/fr\/ihl-treaties<\/a><\/p>\n\n\n\n<p><a href=\"#_ftnref3\" id=\"_ftn3\">[3]<\/a> L\u2019\u00e9tude du CICR sur le droit international humanitaire (DIH) coutumier&nbsp;: https:\/\/ihl-databases.icrc.org\/fr\/customary-ihl<\/p>\n\n\n\n<p><a href=\"#_ftnref4\" id=\"_ftn4\">[4]<\/a> &nbsp;Sassoli (2023), Israel \u2013 Hamas 2023 Symposium \u2013 Assessing The Conduct Of Hostilities In Gaza \u2013 Difficulties And Possible Solutions: <a href=\"https:\/\/lieber.westpoint.edu\/assessing-conduct-hostilities-gaza-difficulties-possible-solutions\/\">https:\/\/lieber.westpoint.edu\/assessing-conduct-hostilities-gaza-difficulties-possible-solutions\/<\/a><\/p>\n\n\n\n<p><a href=\"#_ftnref5\" id=\"_ftn5\">[5]<\/a> Casier (2020), Les armes explosives \u00e0 large rayon d\u2019impact dans les zones dens\u00e9ment peupl\u00e9es Un espoir d\u2019att\u00e9nuer enfin les souffrances inacceptables des civils ?: <a href=\"https:\/\/www.croix-rouge.be\/content\/uploads\/sites\/6\/2020\/04\/Les-armes-explosives-a-large-rayon-d%E2%80%99impact-dans-les-zones-densement-peuplees_FREDERIC-CASIER_2020.pdf?_ga=2.213684764.901578926.1609771872-1041240814.1603129924\">https:\/\/www.croix-rouge.be\/content\/uploads\/sites\/6\/2020\/04\/Les-armes-explosives-a-large-rayon-d%E2%80%99impact-dans-les-zones-densement-peuplees_FREDERIC-CASIER_2020.pdf?_ga=2.213684764.901578926.1609771872-1041240814.1603129924<\/a><\/p>\n\n\n\n<p><a href=\"#_ftnref6\" id=\"_ftn6\">[6]<\/a> Voir aussi Political Declaration on Strengthening the Protection of Civilians from the Humanitarian Consequences arising from the use of Explosive Weapons in Populated Areas: <a href=\"https:\/\/www.dfa.ie\/media\/dfa\/ourrolepolicies\/peaceandsecurity\/ewipa\/EWIPA-Political-Declaration-Final-Rev-25052022.pdf\">https:\/\/www.dfa.ie\/media\/dfa\/ourrolepolicies\/peaceandsecurity\/ewipa\/EWIPA-Political-Declaration-Final-Rev-25052022.pdf<\/a><\/p>\n\n\n\n<p><a href=\"#_ftnref7\" id=\"_ftn7\">[7]<\/a> R\u00e8gle 55, \u00e9tude du CICR sur le droit international humanitaire (DIH) coutumier&nbsp;: https:\/\/ihl-databases.icrc.org\/fr\/customary-ihl\/v1\/rule55<\/p>\n\n\n\n<p><a href=\"#_ftnref8\" id=\"_ftn8\">[8]<\/a>Pour allez plus loin:&nbsp; Sharpe (2023), Humanitarian access to Gaza&nbsp;: <a href=\"https:\/\/www.ejiltalk.org\/humanitarian-access-to-gaza\/\">https:\/\/www.ejiltalk.org\/humanitarian-access-to-gaza\/<\/a><\/p>\n\n\n\n<p><a href=\"#_ftnref9\" id=\"_ftn9\">[9]<\/a> D\u00e9claration du haut repr\u00e9sentant, au nom de l&rsquo;Union europ\u00e9enne, sur des tr\u00eaves humanitaires \u00e0 Gaza, 12 Novembre 2023&nbsp;: <a href=\"https:\/\/www.consilium.europa.eu\/fr\/press\/press-releases\/2023\/11\/12\/statement-by-the-high-representative-on-behalf-of-the-european-union-on-humanitarian-pauses-in-gaza\/\">https:\/\/www.consilium.europa.eu\/fr\/press\/press-releases\/2023\/11\/12\/statement-by-the-high-representative-on-behalf-of-the-european-union-on-humanitarian-pauses-in-gaza\/<\/a><\/p>\n\n\n\n<p><a href=\"#_ftnref10\" id=\"_ftn10\">[10]<\/a> S\/RES\/2712 (2023)<\/p>\n","protected":false},"excerpt":{"rendered":"<p>In the context of the Israeli-Palestinian conflict, this article offers a look at the foundations of International Humanitarian Law<\/p>","protected":false},"author":57,"featured_media":26050,"comment_status":"open","ping_status":"open","sticky":false,"template":"","format":"standard","meta":{"_acf_changed":false,"_seopress_robots_primary_cat":"none","_seopress_titles_title":"","_seopress_titles_desc":"","_seopress_robots_index":"","footnotes":""},"categories":[2696,2722,2719],"tags":[3134,2805,2810,3132],"class_list":["post-26047","post","type-post","status-publish","format-standard","has-post-thumbnail","hentry","category-actualites","category-articles-nos-publications","category-nos-publications","tag-enjeux-de-paix","tag-geopolitique","tag-non-violence","tag-paix-securite-defense-2"],"acf":[],"_links":{"self":[{"href":"https:\/\/www.justicepaix.be\/en\/wp-json\/wp\/v2\/posts\/26047","targetHints":{"allow":["GET"]}}],"collection":[{"href":"https:\/\/www.justicepaix.be\/en\/wp-json\/wp\/v2\/posts"}],"about":[{"href":"https:\/\/www.justicepaix.be\/en\/wp-json\/wp\/v2\/types\/post"}],"author":[{"embeddable":true,"href":"https:\/\/www.justicepaix.be\/en\/wp-json\/wp\/v2\/users\/57"}],"replies":[{"embeddable":true,"href":"https:\/\/www.justicepaix.be\/en\/wp-json\/wp\/v2\/comments?post=26047"}],"version-history":[{"count":0,"href":"https:\/\/www.justicepaix.be\/en\/wp-json\/wp\/v2\/posts\/26047\/revisions"}],"wp:featuredmedia":[{"embeddable":true,"href":"https:\/\/www.justicepaix.be\/en\/wp-json\/wp\/v2\/media\/26050"}],"wp:attachment":[{"href":"https:\/\/www.justicepaix.be\/en\/wp-json\/wp\/v2\/media?parent=26047"}],"wp:term":[{"taxonomy":"category","embeddable":true,"href":"https:\/\/www.justicepaix.be\/en\/wp-json\/wp\/v2\/categories?post=26047"},{"taxonomy":"post_tag","embeddable":true,"href":"https:\/\/www.justicepaix.be\/en\/wp-json\/wp\/v2\/tags?post=26047"}],"curies":[{"name":"wp","href":"https:\/\/api.w.org\/{rel}","templated":true}]}}