{"id":24706,"date":"2023-05-25T16:17:28","date_gmt":"2023-05-25T14:17:28","guid":{"rendered":"https:\/\/www.justicepaix.be\/?p=24706"},"modified":"2023-05-25T16:20:10","modified_gmt":"2023-05-25T14:20:10","slug":"democratic-republic-of-congo-escape-from-systematic-and-generalized-impunity-by-establishing-a-global-system-for-repressing-crimes","status":"publish","type":"post","link":"https:\/\/www.justicepaix.be\/en\/republique-democratique-du-congo-sortir-de-limpunite-systematique-et-generalisee-en-erigeant-un-systeme-global-de-repression-des-crimes\/","title":{"rendered":"Democratic Republic of Congo: Getting out of systematic and widespread impunity by establishing a global system for repressing crimes"},"content":{"rendered":"\n<p>Pillage, viol, esclavage sexuel, d\u00e9placements des populations, torture, constituent des crimes commis depuis plusieurs d\u00e9cennies en R\u00e9publique d\u00e9mocratique du Congo (RDC) sans qu\u2019aucune responsabilit\u00e9 ne soit \u00e9tablie \u00e0 l\u2019encontre des auteurs. Comme l\u2019a affirm\u00e9 le <a href=\"https:\/\/jeunes.amnesty.be\/IMG\/pdf\/te_moignage_denis_mukwege_sur_la_rdc_def.pdf\">Docteur <\/a><a href=\"https:\/\/jeunes.amnesty.be\/IMG\/pdf\/te_moignage_denis_mukwege_sur_la_rdc_def.pdf\" target=\"_blank\" rel=\"noreferrer noopener\">Mukwege<\/a>, laur\u00e9at du Prix Nobel de la Paix en 2018, l\u2019impunit\u00e9 qui r\u00e8gne en RDC ne fait que nourrir de nouvelles tensions dans la r\u00e9gion des Grands Lacs et alimente de nouveaux conflits.<\/p>\n\n\n\n<div class=\"wp-block-cover\"><span aria-hidden=\"true\" class=\"wp-block-cover__background has-background-dim\"><\/span><img fetchpriority=\"high\" decoding=\"async\" width=\"640\" height=\"427\" class=\"wp-block-cover__image-background wp-image-24707\" alt=\"\" src=\"https:\/\/www.justicepaix.be\/wp-content\/uploads\/2023\/05\/Image-Analyse-Claude-TRUONG-NGOC-2015-Creative-Commons-Attribution-Share-Alike-3.0.jpg\" data-object-fit=\"cover\" srcset=\"https:\/\/www.justicepaix.be\/wp-content\/uploads\/2023\/05\/Image-Analyse-Claude-TRUONG-NGOC-2015-Creative-Commons-Attribution-Share-Alike-3.0.jpg 640w, https:\/\/www.justicepaix.be\/wp-content\/uploads\/2023\/05\/Image-Analyse-Claude-TRUONG-NGOC-2015-Creative-Commons-Attribution-Share-Alike-3.0-300x200.jpg 300w\" sizes=\"(max-width: 640px) 100vw, 640px\" \/><div class=\"wp-block-cover__inner-container is-layout-flow wp-block-cover-is-layout-flow\">\n<p class=\"has-text-align-center has-large-font-size\"><\/p>\n<\/div><\/div>\n\n\n\n<p><strong><em>Cr\u00e9dit : Claude Truong-Ngoc, 2015 Creative Commons Attribution &#8211; Share Alike<\/em><\/strong><\/p>\n\n\n\n<p>Depuis 1997, la RDC est le th\u00e9\u00e2tre <a href=\"https:\/\/www.icrc.org\/fr\/le-conflit-en-republique-democratique-du-congo-rdc\" target=\"_blank\" rel=\"noreferrer noopener\">d\u2019une s\u00e9rie de guerres civiles et de conflits arm\u00e9s<\/a> m\u00e9langeant des aspects ethniques et politiques en lien avec les <a href=\"https:\/\/www.justicepaix.be\/les-conflits-lies-aux-terres-et-aux-ressources-naturelles\/\" target=\"_blank\" rel=\"noreferrer noopener\">ressources naturelles<\/a> du pays, impliquant plusieurs pays frontaliers et plusieurs groupes arm\u00e9s. Lors de ces conflits, de nombreuses violations massives de droits humains sont perp\u00e9tr\u00e9es impliquant de larges <a href=\"https:\/\/reliefweb.int\/report\/democratic-republic-congo\/r-publique-d-mocratique-du-congo-personnes-d-plac-es-internes-et-20\" target=\"_blank\" rel=\"noreferrer noopener\">d\u00e9placements de la population civile au travers du pays<\/a>. Les exactions commises repr\u00e9sentent les crimes les plus graves, appel\u00e9s aussi <a href=\"https:\/\/www.ohchr.org\/sites\/default\/files\/Documents\/Countries\/CD\/Fiche2_crimes_FINAL.pdf\" target=\"_blank\" rel=\"noreferrer noopener\">crimes internationaux<\/a>, et touchent la communaut\u00e9 internationale dans son ensemble.<\/p>\n\n\n\n<p>Les autorit\u00e9s nationales congolaises persistent dans l\u2019absence quasi-totale d\u2019\u00e9tablissement des responsabilit\u00e9s des auteurs des exactions. Les dirigeants successifs de la RDC pr\u00e9f\u00e8rent s\u2019appuyer sur le m\u00e9canisme de <a href=\"https:\/\/www.justicepaix.be\/reconciliation-en-rdc-une-question-dapproche\/\" target=\"_blank\" rel=\"noreferrer noopener\">l\u2019oblit\u00e9ration<\/a><a> qui <\/a>consiste en l\u2019oubli du pass\u00e9. Elle se manifeste, entre autres, par l\u2019ex\u00e9cution \u00e0 r\u00e9p\u00e9tition, <a href=\"https:\/\/www.youscribe.com\/BookReader\/Index\/2442677\/?documentId=2419766\" target=\"_blank\" rel=\"noreferrer noopener\">d\u2019amnisties au sein du syst\u00e8me juridique congolais<\/a>. En ce sens, les amnisties de 2005, 2009, <a href=\"https:\/\/www.bing.com\/search?pglt=2083&amp;q=Loi+du+11+f\u00e9vrier+2014+portant+amnistie+pour+faits+insurrectionnels%2C+faits+de+guerre+et+infractions+politiques+(leganet.cd&amp;cvid=77a34570d9b347c7bac478fb56b822e0&amp;aqs=edge..69i57.523j0j1&amp;FORM=ANNTA1&amp;PC=U531\" target=\"_blank\" rel=\"noreferrer noopener\">2014<\/a> et 2020 emp\u00eachent les auteurs de crimes d\u2019\u00eatre poursuivis devant les juridictions nationales et permettent m\u00eame, souvent, de leur offrir une place de <a href=\"https:\/\/leonjoleo.com\/rdc-gouvernement-congolais-compose-des-criminels-de-guerre\/\">haut rang<\/a> au sein du gouvernement. Par exemple, Jean-Pierre Bemba, ancien chef de guerre, a officiellement pris ses fonctions le 26 mars 2023 en tant que <a href=\"https:\/\/www.france24.com\/fr\/afrique\/20230324-en-rd-congo-l-ancien-chef-de-guerre-jean-pierre-bemba-nomm%C3%A9-%C3%A0-la-d%C3%A9fense\" target=\"_blank\" rel=\"noreferrer noopener\">vice-premier ministre charg\u00e9 de La D\u00e9fense.<\/a><\/p>\n\n\n\n<p><\/p>\n\n\n\n<p>Apr\u00e8s des d\u00e9cennies d\u2019impunit\u00e9 et dans <a href=\"https:\/\/afrique.lalibre.be\/73426\/rdc-le-m23-continue-de-gagner-du-terrain-le-pouvoir-incapable-de-reagir\/\" target=\"_blank\" rel=\"noreferrer noopener\">un climat actuel, de tensions et de conflits<\/a>, il est temps de se tourner <strong>vers un syst\u00e8me global de r\u00e9pression des crimes internationaux<\/strong> afin d\u2019obtenir la pacification de la r\u00e9gion. Bien que quelques mesures aient \u00e9t\u00e9 adopt\u00e9es, en particulier des mesures en lien avec la <a href=\"https:\/\/www.amnesty.org\/fr\/location\/africa\/east-africa-the-horn-and-great-lakes\/democratic-republic-of-the-congo\/report-democratic-republic-of-the-congo\/\" target=\"_blank\" rel=\"noreferrer noopener\">Justice transitionnelle<\/a>, nous d\u00e9plorons l\u2019absence d\u2019adoption de r\u00e9elles mesures efficaces de lutte contre l\u2019impunit\u00e9 afin d\u2019\u00e9tablir les responsabilit\u00e9s des auteurs d\u2019exactions.<\/p>\n\n\n\n<p>Pourtant, de nombreuses voies tant nationales qu\u2019internationales, sont envisageables pour lutter contre l\u2019impunit\u00e9 et s\u2019articulent entre-elles, bien qu\u2019elles rencontrent de nombreux d\u00e9fis.<\/p>\n\n\n\n<h3 class=\"wp-block-heading\"><strong>La d\u00e9faillance des juridictions nationales congolaises<\/strong><\/h3>\n\n\n\n<p>Le principe de <a href=\"https:\/\/www.gbv.de\/dms\/spk\/sbb\/toc\/66111175X.pdf\" target=\"_blank\" rel=\"noreferrer noopener\">souverainet\u00e9 territoriale<\/a> ainsi que les <a href=\"https:\/\/ihl-databases.icrc.org\/fr\/ihl-treaties\/icc-statute-1998\/preamble\" target=\"_blank\" rel=\"noreferrer noopener\">obligations internationales<\/a> donnent aux juridictions nationales un <a href=\"https:\/\/www.icc-cpi.int\/sites\/default\/files\/2023-03\/2023-ICC-5th-Judicial-Seminar-report-fra.pdf\" target=\"_blank\" rel=\"noreferrer noopener\">r\u00f4le principal<\/a> dans la poursuite des crimes les plus graves. \u00c9tant donn\u00e9 que les crimes sont commis sur le territoire congolais, il semble \u00e9vident qu\u2019il revient aux juridictions congolaises d\u2019appr\u00e9cier la teneur de ces crimes. En effet, les \u00e9l\u00e9ments de preuves, les victimes ainsi que les t\u00e9moins sont \u00e0 port\u00e9e de main et facilitent grandement les enqu\u00eates et la tenue des proc\u00e8s.<\/p>\n\n\n\n<p>Cependant, le <a href=\"https:\/\/www.ohchr.org\/sites\/default\/files\/Documents\/Countries\/CD\/DRC_MAPPING_REPORT_FINAL_FR.pdf\" target=\"_blank\" rel=\"noreferrer noopener\">rapport mapping<\/a>, rapport d\u2019experts mandat\u00e9s par l\u2019ONU sur la situation en RDC, atteste que le syst\u00e8me judiciaire congolais est marqu\u00e9 par des insuffisances importantes qui l\u2019emp\u00eachent de fonctionner. En effet, <a>le syst\u00e8me judiciaire congolais est con\u00e7u d\u2019une mani\u00e8re telle que les garanties judiciaires fondamentales ne peuvent \u00eatre respect\u00e9es. <\/a>Le syst\u00e8me judiciaire congolais fait face \u00e0 deux probl\u00e8mes majeurs. D\u2019une part, le <a href=\"https:\/\/www.transparency.org\/en\/cpi\/2022\/index\/cod\">rapport de Transparency International<\/a> concernant la corruption sorti en 2022 d\u00e9clare que la R\u00e9publique D\u00e9mocratique du Congo est class\u00e9e \u00e0 la <a href=\"https:\/\/oidp-afrique.org\/2023\/02\/03\/indice-de-perception-de-la-corruption-2022-la-rdc-classee-a-la-166e-place-sur-180-pays-rapport-de-transparency-international\/\">166<sup>e<\/sup> place des pays les plus corrompus de la plan\u00e8te sur 180<\/a>. Selon l\u2019ONG-DH, les plus riches instrumentalisent la justice \u00e0 leur avantage en corrompant les auxiliaires de Justice.<a id=\"_ftnref1\" href=\"#_ftn1\">[1]<\/a> D\u2019autre part, les d\u00e9cisions judiciaires lorsqu\u2019elles sont rendues de mani\u00e8res impartiales sont souvent victimes d\u2019ing\u00e9rences politiques ou \u00e9conomiques qui ne permettent pas leur mise en \u0153uvre<a id=\"_ftnref2\" href=\"#_ftn2\">[2]<\/a>. La justice, alors qu\u2019elle est cens\u00e9e \u00eatre un moyen d\u2019assurer la paix sociale<ins>,<\/ins> est une nouvelle fracture pour la population en RDC, qui <a href=\"https:\/\/scholarlypublications.universiteitleiden.nl\/access\/item%3A2945233\/view\">ne peut faire confiance en ses institutions<\/a>.<\/p>\n\n\n\n<p><\/p>\n\n\n\n<p>D\u00e8s lors, les faibles moyens dont dispose ce syst\u00e8me judiciaire afin de lutter contre l\u2019impunit\u00e9, et les nombreuses ing\u00e9rences politiques illustrent d\u2019une part sa d\u00e9faillance et d\u2019autre part son manque d\u2019ind\u00e9pendance et d\u2019impartialit\u00e9<a href=\"#_ftn3\" id=\"_ftnref3\">[3]<\/a>.<\/p>\n\n\n\n<p>Bien que plusieurs proc\u00e8s aient \u00e9t\u00e9 men\u00e9s, <a href=\"https:\/\/www.hrw.org\/sites\/default\/files\/related_material\/2015_RDC_Etats_G\u00e9n\u00e9raux_de_la_Justice.pdf\" target=\"_blank\" rel=\"noreferrer noopener\">les juridictions congolaises ne sont pas en mesure de r\u00e9pondre \u00e0 l\u2019ampleur<\/a> des violations des droits humains et des crimes internationaux commis sur le territoire congolais. En outre, les juridictions nationales congolaises ont peu de chance d\u2019obtenir la comparution des personnes qui r\u00e9sident \u00e0 l\u2019\u00e9tranger malgr\u00e9 l\u2019importante participation d\u2019<a href=\"https:\/\/www.dw.com\/fr\/le-r%C3%B4le-trouble-des-voisins-de-la-rdc-dans-la-guerre-dans-lest-du-pays\/a-51712502\" target=\"_blank\" rel=\"noreferrer noopener\">acteurs \u00e9trangers<\/a>. C\u2019est pourquoi la lutte contre l\u2019impunit\u00e9 doit \u00eatre \u00e9tablie dans un syst\u00e8me global de r\u00e9pression comprenant un niveau international.<\/p>\n\n\n\n<h3 class=\"wp-block-heading\"><strong>L\u2019insuffisance de la Cour p\u00e9nale internationale dans une lutte efficace contre l\u2019impunit\u00e9<\/strong><\/h3>\n\n\n\n<p><a href=\"https:\/\/www.icc-cpi.int\/fr\/about\/the-court#:~:text=%E2%80%8BLa%20Cour%20p%C3%A9nale%20internationale,humanit%C3%A9%20et%20crime%20d'agression.\" target=\"_blank\" rel=\"noreferrer noopener\">La Cour p\u00e9nale internationale<\/a> est une Cour permanente qui a \u00e9t\u00e9 cr\u00e9\u00e9e pour enqu\u00eater et juger les crimes les plus graves qui affectent la communaut\u00e9 internationale dans son ensemble, tels que les crimes de guerre, les crimes contre l&rsquo;humanit\u00e9, le crime de g\u00e9nocide et le crime d\u2019agression. En 2002, les autorit\u00e9s de la RDC ont ratifi\u00e9 le <a href=\"https:\/\/www.icc-cpi.int\/sites\/default\/files\/NR\/rdonlyres\/ADD16852-AEE9-4757-ABE7-9CDC7CF02886\/283948\/RomeStatuteFra1.pdf\" target=\"_blank\" rel=\"noreferrer noopener\">Statut de la Cour p\u00e9nale internationale<\/a>. En juin 2004, <a href=\"https:\/\/www.icc-cpi.int\/fr\/drc\" target=\"_blank\" rel=\"noreferrer noopener\">le Bureau du Procureur a ouvert une enqu\u00eate<\/a> \u00e0 la demande de l\u2019ancien Pr\u00e9sident <a href=\"https:\/\/personnages.cd\/personnalites\/joseph-kabila-kabange\" target=\"_blank\" rel=\"noreferrer noopener\">Joseph Kabila<\/a>, d&rsquo;abord concernant les violations commises dans l&rsquo;Ituri, ensuite, l&rsquo;enqu\u00eate a \u00e9t\u00e9 \u00e9largie et inclut d\u00e9sormais les provinces du Kivu. Depuis lors, plusieurs affaires ont \u00e9t\u00e9 port\u00e9es par la CPI. Selon <a href=\"https:\/\/www.universalis.fr\/encyclopedie\/cour-penale-internationale\/3-le-fonctionnement-de-la-c-p-i\/\" target=\"_blank\" rel=\"noreferrer noopener\">le principe de compl\u00e9mentarit\u00e9<\/a> inscrit \u00e0 l\u2019article 17 du Statut de Rome, la Cour n&rsquo;intervient qu&rsquo;en dernier recours, uniquement lorsque les juridictions nationales ne peuvent ou ne veulent pas enqu\u00eater et arr\u00eater les auteurs pr\u00e9sum\u00e9s de crimes internationaux. Comme nous l\u2019avons vu, les instances judiciaires congolaises ne sont, \u00e0 ce jour, toujours <a href=\"https:\/\/www.mapping-report.org\/fr\/resume-executif\/evaluation-du-systeme-national-de-justice\/\" target=\"_blank\" rel=\"noreferrer noopener\">pas en mesure d\u2019offrir les garanties suffisantes n\u00e9cessaires<\/a>.&nbsp; La CPI est d\u00e8s lors, <a href=\"https:\/\/www.un.org\/fr\/chronicle\/article\/le-role-de-la-cour-penale-internationale-pour-mettre-fin-limpunite-et-instaurer-letat-de-droit\" target=\"_blank\" rel=\"noreferrer noopener\">l\u2019unique Cour comp\u00e9tente<\/a> ayant la capacit\u00e9, l\u2019int\u00e9grit\u00e9 et l\u2019ind\u00e9pendance n\u00e9cessaires pour poursuivre les auteurs dans la commission de crimes internationaux sur le territoire de la RDC.<\/p>\n\n\n\n<p><\/p>\n\n\n\n<p>Bien que constituant une avanc\u00e9e r\u00e9volutionnaire, <a>la CPI, par manque de moyens structurels et financiers n\u2019est pas suffisante pour lutter contre l\u2019impunit\u00e9 dans la r\u00e9gion<\/a> et n\u2019offre pas une r\u00e9paration ad\u00e9quate aux victimes. En effet, la Cour ne peut exercer sa comp\u00e9tence qu\u2019\u00e0 partir de <a href=\"https:\/\/www.vie-publique.fr\/fiches\/269893-quest-ce-que-la-cour-penale-internationale-cpi\">2002, date d\u2019entr\u00e9e en vigueur de son Statut<\/a>. Par cons\u00e9quent, l\u2019ensemble des crimes commis lors des <a href=\"https:\/\/lactualite.com\/politique\/comprendre-la-guerre-en-republique-democratique-du-congo\/\">deux guerres<\/a> qu\u2019a connue la RDC ne peuvent \u00eatre port\u00e9s devant la CPI. Ensuite, la Cour ne peut enqu\u00eater et poursuivre l\u2019ensemble des affaires au vu du nombre consid\u00e9rable des violations commises.&nbsp; De plus, s\u2019agissant d\u2019un autor\u00e9f\u00e9r\u00e9 de la RDC \u00e0 la Cour, l\u2019on peut se questionner sur les intentions de l\u2019ancien Pr\u00e9sident Kabila concernant l\u2019instrumentalisation de la Cour afin de ne poursuivre que ses opposants membres de groupes rebelles. Enfin, toujours par manque de moyens, le Bureau du Procureur est tenu de <a href=\"https:\/\/www.hrw.org\/fr\/report\/2011\/09\/15\/un-travail-inabouti\/des-lacunes-combler-dans-la-selection-des-affaires-traitees\" target=\"_blank\" rel=\"noreferrer noopener\">s\u00e9lectionner les affaires<\/a> sur lesquelles il enqu\u00eate. En RDC, la strat\u00e9gie du Procureur a \u00e9t\u00e9 de se concentrer sur les auteurs de \u00ab&nbsp;second rang&nbsp;\u00bb, ce qui peut relever, entre autres, d\u2019un certain opportunisme politique<a id=\"_ftnref4\" href=\"#_ftn4\">[4]<\/a>. Cette s\u00e9lection peut amener une grande frustration de la part des victimes et m\u00eame d\u00e9couler sur une aggravation des tensions ethniques d\u00e9j\u00e0 existantes. Par exemple, de nombreuses questions ont \u00e9t\u00e9 soulev\u00e9es concernant l\u2019impartialit\u00e9 de la Cour au vu des charges r\u00e9duites \u00e0 l\u2019encontre de <a href=\"https:\/\/www.icc-cpi.int\/drc\/lubanga\" target=\"_blank\" rel=\"noreferrer noopener\">Lubanga<\/a> et <a href=\"https:\/\/www.icc-cpi.int\/drc\/ntaganda\" target=\"_blank\" rel=\"noreferrer noopener\">Ntaganda<\/a> en comparaison \u00e0 celles \u00e9tendues \u00e0 l\u2019encontre de <a href=\"https:\/\/www.icc-cpi.int\/drc\/katanga\" target=\"_blank\" rel=\"noreferrer noopener\">Katanga<\/a> et <a href=\"https:\/\/www.icc-cpi.int\/drc\/ngudjolo\" target=\"_blank\" rel=\"noreferrer noopener\">Ngudjolo<\/a>.<\/p>\n\n\n\n<p>L\u2019impossibilit\u00e9 de la CPI d\u2019exercer sa comp\u00e9tence \u00e0 de nombreux \u00e9gards, <a href=\"https:\/\/www.justicepaix.be\/Violations-des-droits-humains-au-Burundi-et-en-RD-Congo-quel-role-pour-la-Cour\/\" target=\"_blank\" rel=\"noreferrer noopener\">r\u00e9duit consid\u00e9rablement l\u2019efficacit\u00e9<\/a> de sa mission principale de lutte contre l\u2019impunit\u00e9 et atteste de la n\u00e9cessaire cr\u00e9ation de nouveaux m\u00e9canismes judiciaires alliant des perspectives tant nationales qu\u2019internationales.<\/p>\n\n\n\n<h3 class=\"wp-block-heading\"><strong>La combinaison des instances nationales et internationales dans la lutte contre l\u2019impunit\u00e9<\/strong><\/h3>\n\n\n\n<p>Pour rem\u00e9dier aux lacunes, tant des juridictions nationales congolaises, que de la CPI, <a>la solution qui semble la plus appropri\u00e9e serait de se tourner vers une <\/a><a href=\"https:\/\/www.eui.eu\/Documents\/DepartmentsCentres\/Law\/ResearchTeaching\/WorkingGroups\/WGCriminalLawReport230206.pdf\">juridiction mixte<\/a>. Les tribunaux hybrides combineraient des <a href=\"https:\/\/justiceafriqueouest.wayamo.com\/tribunaux-hybrides-et-autres-mecanismes\/#:~:text=Par%20rapport%20aux%20tribunaux%20internationaux%2C%20les%20tribunaux%20hybrides,culture%20et%20le%20fonctionnement%20du%20syst%C3%A8me%20judiciaire%20national.\">aspects nationaux congolais et internationaux<\/a> dans leur composition et dans leurs proc\u00e9dures<a id=\"_ftnref5\" href=\"#_ftn5\">[5]<\/a>. Ils ont le potentiel de surmonter les obstacles nationaux tels que des dispositions d&rsquo;amnistie inad\u00e9quates ou des lois accordant l&rsquo;immunit\u00e9. En outre, ils pourraient contribuer au <a href=\"https:\/\/www.ohchr.org\/sites\/default\/files\/Documents\/Publications\/HybridCourtsFR.pdf#:~:text=Les%20tribunaux%20mixtes%20peuvent%20exercer%20une%20influence%20positive,droit%20et%20au%20respect%20des%20droits%20de%20l%E2%80%99homme.\" target=\"_blank\" rel=\"noreferrer noopener\">renforcement du syst\u00e8me judiciaire congolais<\/a>, en un \u00c9tat de droit, ce qui est moins \u00e9vident avec un tribunal purement international. De plus, la proximit\u00e9 des victimes et des communaut\u00e9s les plus touch\u00e9es par les crimes poursuivis permet une <a href=\"https:\/\/justiceafriqueouest.wayamo.com\/tribunaux-hybrides-et-autres-mecanismes\/\" target=\"_blank\" rel=\"noreferrer noopener\">meilleure efficacit\u00e9<\/a>. L\u2019une des pratiques avantageuses des juridictions hybrides est la possibilit\u00e9 de mettre en \u00e9vidence certaines violations caract\u00e9ristiques du conflit. Dans le cas de la situation congolaise, <a href=\"https:\/\/www.justicepaix.be\/viols-et-agressions-sexuelles-en-periode-de-guerre-comment-y-mettre-fin\/\" target=\"_blank\" rel=\"noreferrer noopener\">les violences sexuelles<\/a> sont utilis\u00e9es comme v\u00e9ritable <a href=\"https:\/\/www.resilience-psy.com\/le-viol-utilise-comme-arme-de-guerre-en-ukraine-quentend-on-exactement-par-viol-comme-arme-methode-ou-tactique-de-guerre\/\" target=\"_blank\" rel=\"noreferrer noopener\">arme strat\u00e9gique<\/a>, il serait donc int\u00e9ressant de se concentrer sur ce type de crime.<\/p>\n\n\n\n<p><\/p>\n\n\n\n<p>N\u00e9anmoins, un risque de d\u00e9f\u00e9rence \u00e0 l&rsquo;\u00e9gard de la souverainet\u00e9 de l&rsquo;\u00c9tat peut subsister. En outre, si elle n&rsquo;est pas soigneusement con\u00e7ue, la combinaison de normes internationales et nationales peut \u00e9galement cr\u00e9er des contradictions.<\/p>\n\n\n\n<p>Par cons\u00e9quent, la Commission Justice et Paix (CJP) se mobilise afin d\u2019obtenir un syst\u00e8me global de r\u00e9pression alliant le renforcement des juridictions nationales congolaises, la continuit\u00e9 du travail de la CPI, et la mise en place d\u2019un tribunal hybride. Ensemble, ces instances permettraient de mettre fin \u00e0 la culture de l\u2019impunit\u00e9 et offrir une possibilit\u00e9 de pacification de la r\u00e9gion. La Commission Justice et Paix appelle \u00e9galement les <a href=\"https:\/\/competenceuniverselle.wordpress.com\/jurisprudence-belge\/\" target=\"_blank\" rel=\"noreferrer noopener\">autorit\u00e9s belges<\/a> \u00e0 mettre en \u0153uvre leur <a href=\"https:\/\/rcn-ong.be\/wp-content\/uploads\/2020\/01\/6.-La-comp%C3%A9tence-universelle.pdf\" target=\"_blank\" rel=\"noreferrer noopener\">comp\u00e9tence universelle<\/a> pour r\u00e9primer les exactions commises par des ressortissants congolais en RDC, qui se trouvent d\u00e9sormais en Belgique. Enfin, l\u2019ONG soutient les mouvements qui visent \u00e0 contribuer efficacement \u00e0 la lutte contre l\u2019impunit\u00e9 telle que la&nbsp;<a href=\"http:\/\/justiceforcongo.com\/\" target=\"_blank\" rel=\"noreferrer noopener\">campagne<\/a>&nbsp;\u00ab\u2009Justice for Congo\u2009\u00bb en lien avec le film&nbsp;<a href=\"http:\/\/empire-du-silence.com\/\" target=\"_blank\" rel=\"noreferrer noopener\">l\u2019Empire du Silence<\/a> et appelle les citoyen.n.es belges \u00e0 relayer ces messages. C\u2019est en luttant conjointement et \u00e0 plusieurs niveaux contre l\u2019impunit\u00e9 que l\u2019on pourra aboutir \u00e0 un syst\u00e8me satisfaisant.<\/p>\n\n\n\n<p><strong>Louise Lesoil.<\/strong><\/p>\n\n\n\n<hr class=\"wp-block-separator has-alpha-channel-opacity\"\/>\n\n\n\n<p><a id=\"_ftn1\" href=\"#_ftnref1\">[1]<\/a> <a href=\"https:\/\/sautiyacongo.org\/rdc-lagopa-dh-recommande-linterpellation-des-autorites-judiciaires-pour-des-reponses-efficaces-a-la-menace-de-la-corruption\/\" target=\"_blank\" rel=\"noreferrer noopener\">RDC : l\u2019AGOPA-DH recommande l&rsquo;interpellation des autorit\u00e9s judiciaires pour des r\u00e9ponses efficaces \u00e0 la menace de la corruption &#8211; Sauti Ya Congo<\/a><\/p>\n\n\n\n<p><a id=\"_ftn2\" href=\"#_ftnref2\">[2]<\/a> <a href=\"https:\/\/journals.openedition.org\/champpenal\/7827\" target=\"_blank\" rel=\"noreferrer noopener\">La Justice en R\u00e9publique D\u00e9mocratique du Congo&nbsp;: transformation ou continuit\u00e9&nbsp;? (openedition.org)<\/a><\/p>\n\n\n\n<p><a id=\"_ftn3\" href=\"#_ftnref3\">[3]<\/a> <a href=\"https:\/\/voices.anticorruption-center.org\/corruption-dans-le-secteur-de-la-justice-9bec431c6a6a\" target=\"_blank\" rel=\"noreferrer noopener\">Corruption dans le secteur de la justice en R\u00e9publique D\u00e9mocratique du Congo | by Centre de Recherche sur l\u2019Anti-Corruption | Analyses sur la Corruption (anticorruption-center.org)<\/a><\/p>\n\n\n\n<p><a id=\"_ftn4\" href=\"#_ftnref4\">[4]<\/a> <a href=\"https:\/\/www.opendemocracy.net\/en\/openglobalrights-openpage\/deni-de-justice-le-bilan-de-la-cpi-en-rdc\/\" target=\"_blank\" rel=\"noreferrer noopener\">D\u00e9ni de justice? Le bilan de la CPI en RDC | openDemocracy<\/a><\/p>\n\n\n\n<p><a id=\"_ftn5\" href=\"#_ftnref5\">[5]<\/a><a href=\"https:\/\/panzifoundation.org\/wp-content\/uploads\/2021\/09\/Strate%E2%95%A0ugie-Nationale-Holistique-de-Justice-Transitionnelle-3.pdf\" target=\"_blank\" rel=\"noreferrer noopener\">Strat\u00e9gie Nationale Holistique de Justice Transitionnelle (panzifoundation.org)<\/a><\/p>\n","protected":false},"excerpt":{"rendered":"<p>Pillage, viol, esclavage sexuel, d\u00e9placements des populations, torture, constituent des crimes commis depuis plusieurs d\u00e9cennies en R\u00e9publique d\u00e9mocratique du Congo (RDC) sans qu\u2019aucune responsabilit\u00e9 ne soit \u00e9tablie \u00e0 l\u2019encontre des auteurs. Comme l\u2019a affirm\u00e9 le Docteur Mukwege, laur\u00e9at du Prix Nobel de la Paix en 2018, l\u2019impunit\u00e9 qui r\u00e8gne en RDC ne fait que nourrir [&hellip;]<\/p>\n","protected":false},"author":57,"featured_media":24707,"comment_status":"open","ping_status":"open","sticky":false,"template":"","format":"standard","meta":{"_acf_changed":false,"_seopress_robots_primary_cat":"2696","_seopress_titles_title":"","_seopress_titles_desc":"","_seopress_robots_index":"","footnotes":""},"categories":[2696,2722,2719],"tags":[2794,2796,2792,2826],"class_list":["post-24706","post","type-post","status-publish","format-standard","has-post-thumbnail","hentry","category-actualites","category-articles-nos-publications","category-nos-publications","tag-afrique-centrale","tag-lutte-contre-limpunite","tag-rd-congo","tag-reconciliation"],"acf":[],"_links":{"self":[{"href":"https:\/\/www.justicepaix.be\/en\/wp-json\/wp\/v2\/posts\/24706","targetHints":{"allow":["GET"]}}],"collection":[{"href":"https:\/\/www.justicepaix.be\/en\/wp-json\/wp\/v2\/posts"}],"about":[{"href":"https:\/\/www.justicepaix.be\/en\/wp-json\/wp\/v2\/types\/post"}],"author":[{"embeddable":true,"href":"https:\/\/www.justicepaix.be\/en\/wp-json\/wp\/v2\/users\/57"}],"replies":[{"embeddable":true,"href":"https:\/\/www.justicepaix.be\/en\/wp-json\/wp\/v2\/comments?post=24706"}],"version-history":[{"count":0,"href":"https:\/\/www.justicepaix.be\/en\/wp-json\/wp\/v2\/posts\/24706\/revisions"}],"wp:featuredmedia":[{"embeddable":true,"href":"https:\/\/www.justicepaix.be\/en\/wp-json\/wp\/v2\/media\/24707"}],"wp:attachment":[{"href":"https:\/\/www.justicepaix.be\/en\/wp-json\/wp\/v2\/media?parent=24706"}],"wp:term":[{"taxonomy":"category","embeddable":true,"href":"https:\/\/www.justicepaix.be\/en\/wp-json\/wp\/v2\/categories?post=24706"},{"taxonomy":"post_tag","embeddable":true,"href":"https:\/\/www.justicepaix.be\/en\/wp-json\/wp\/v2\/tags?post=24706"}],"curies":[{"name":"wp","href":"https:\/\/api.w.org\/{rel}","templated":true}]}}