{"id":24572,"date":"2022-03-07T12:23:00","date_gmt":"2022-03-07T11:23:00","guid":{"rendered":"https:\/\/www.justicepaix.be\/?p=24572"},"modified":"2023-04-07T13:16:30","modified_gmt":"2023-04-07T11:16:30","slug":"pour-vivre-dans-le-monde-dapres-il-nous-faut-dechirer-le-rideau-de-la-pre-interpretation","status":"publish","type":"post","link":"https:\/\/www.justicepaix.be\/en\/pour-vivre-dans-le-monde-dapres-il-nous-faut-dechirer-le-rideau-de-la-pre-interpretation\/","title":{"rendered":"To live in \u201cthe world after\u201d, we must \u201ctear away the curtain of pre-interpretation\u201d"},"content":{"rendered":"\n<p>Pour tous ceux qui veulent la d\u00e9mocratie culturelle, chaque individu ou chaque groupe est abord\u00e9 en tant qu\u2019il est dot\u00e9 d\u2019une culture, c\u2019est-\u00e0-dire entre autres d\u2019un syst\u00e8me de perception et de repr\u00e9sentation du monde qui lui permet d\u2019apprendre de son exp\u00e9rience et, \u00e0 partir de l\u00e0, de faire \u00e9voluer ses repr\u00e9sentations, de mettre au travail ses appartenances, bref de se produire plut\u00f4t que de reproduire. Cette approche n\u2019est toutefois pas d\u2019office effective.<\/p>\n\n\n\n<div class=\"wp-block-cover\"><span aria-hidden=\"true\" class=\"wp-block-cover__background has-background-dim\"><\/span><img fetchpriority=\"high\" decoding=\"async\" width=\"1024\" height=\"692\" class=\"wp-block-cover__image-background wp-image-24573\" alt=\"\" src=\"https:\/\/www.justicepaix.be\/wp-content\/uploads\/2023\/04\/Dechirer-le-rideau-1024x692.jpg\" data-object-fit=\"cover\" srcset=\"https:\/\/www.justicepaix.be\/wp-content\/uploads\/2023\/04\/Dechirer-le-rideau-1024x692.jpg 1024w, https:\/\/www.justicepaix.be\/wp-content\/uploads\/2023\/04\/Dechirer-le-rideau-300x203.jpg 300w, https:\/\/www.justicepaix.be\/wp-content\/uploads\/2023\/04\/Dechirer-le-rideau-768x519.jpg 768w, https:\/\/www.justicepaix.be\/wp-content\/uploads\/2023\/04\/Dechirer-le-rideau-1536x1037.jpg 1536w, https:\/\/www.justicepaix.be\/wp-content\/uploads\/2023\/04\/Dechirer-le-rideau-2048x1383.jpg 2048w\" sizes=\"(max-width: 1024px) 100vw, 1024px\" \/><div class=\"wp-block-cover__inner-container is-layout-flow wp-block-cover-is-layout-flow\">\n<p class=\"has-text-align-center has-large-font-size\"><\/p>\n<\/div><\/div>\n\n\n\n<p><\/p>\n\n\n\n<p>M. Poncelet, directrice du Service de Protection de la Jeunesse de Neufch\u00e2teau, exerce ses missions de service public dans le contexte d\u00e9licat de la confrontation de droits&nbsp;: confrontation entre le droit des familles \u00e0 op\u00e9rer leurs choix \u00e9ducatifs et le droit du plus faible (l\u2019enfant) \u00e0 \u00eatre d\u00e9fendu par la soci\u00e9t\u00e9 si ces choix le mettent en danger. Elle constate par exemple la stigmatisation des personnes<em> qui sont un peu \u00ab&nbsp;hors normes&nbsp;\u00bb&nbsp;; un des effets de cette stigmatisation est qu\u2019elles sont consid\u00e9r\u00e9es comme non capables de se prendre en mains et d\u2019\u00e9duquer leurs enfants. Elles n\u2019ont de cr\u00e9dit aux yeux de personne (et surtout d\u2019aucune institution) et se voient d\u00e8s lors imposer un \u00ab&nbsp;mode d\u2019emploi&nbsp;\u00bb plut\u00f4t qu\u2019\u00eatre aid\u00e9es \u00e0 trouver le leur.<a id=\"_ftnref1\" href=\"#_ftn1\"><strong>[1]<\/strong><\/a><\/em><\/p>\n\n\n\n<p>Ce qui vaut pour les personnes vaut pour les groupes, qui peuvent \u00eatre priv\u00e9s ou spoli\u00e9s de leur droit \u00e0 apprendre par l\u2019exp\u00e9rience et \u00e0 se transformer librement en trouvant leur \u00ab&nbsp;mode d\u2019emploi&nbsp;\u00bb de l\u2019existence.<\/p>\n\n\n\n<p>Pour nous, c\u2019est une des missions prioritaires de l\u2019\u00e9ducation permanente que de rendre visible cette spoliation peu visible et, par exemple, d\u2019en expliciter les m\u00e9canismes pour les combattre. Pour ce faire, il n\u2019y a pas d\u2019autre moyen que de dialoguer avec ceux qui sont priv\u00e9s d\u2019action ou ceux dont la libert\u00e9 d\u2019action est contrainte ou entrav\u00e9e. C\u2019est en nous laissant inspirer par leurs analyses que nous pouvons cr\u00e9er les conditions d\u2019un apprentissage r\u00e9ciproque par le dialogue, assum\u00e9 comme tel dans une sorte d\u2019exp\u00e9rimentation d\u2019un \u00ab&nbsp;intellectuel collectif&nbsp;\u00bb. Nous avons proc\u00e9d\u00e9 ainsi, pendant la dur\u00e9e de cette crise sanitaire, en \u00e9coutant les analyses d\u2019acteurs de l\u2019\u00e9ducation permanente, de permanents syndicaux, de travailleurs sociaux ou de b\u00e9n\u00e9ficiaires de ce travail<a href=\"#_ftn2\" id=\"_ftnref2\">[2]<\/a>.<\/p>\n\n\n\n<p>Dans ces diff\u00e9rents domaines d\u2019exp\u00e9rience, le \u00ab&nbsp;mouvement&nbsp;\u00bb que nous avons rencontr\u00e9 est similaire. D\u2019abord, la crise sanitaire, une fois d\u00e9pass\u00e9e la sid\u00e9ration produite par la rupture brutale des capacit\u00e9s d\u2019action de chacun, a suscit\u00e9 de nombreux espoirs soci\u00e9taux. Une personne confront\u00e9e \u00e0 la pauvret\u00e9 l\u2019exprime clairement, en esp\u00e9rant que, du fait que chacun a pu faire l\u2019exp\u00e9rience de la privation de ses activit\u00e9s favorites, sa situation \u00e0 elle \u2013 d\u2019en \u00eatre priv\u00e9e en permanence \u2013 allait \u00eatre mieux comprise par tous<a href=\"#_ftn3\" id=\"_ftnref3\">[3]<\/a>. Enfin, pensaient beaucoup, notre espoir d\u2019un changement significatif de soci\u00e9t\u00e9 allait \u00eatre partag\u00e9 par une majorit\u00e9. Seraient enfin abandonn\u00e9es les diverses vulgates sur lesquelles s\u2019appuie la domination, par exemple la th\u00e9orie du ruissellement, selon laquelle l\u2019enrichissement des plus favoris\u00e9s profiterait par contrecoup \u00e0 tous les autres. Cet espoir allait \u00eatre d\u00e9\u00e7u&nbsp;: le plan de relance wallon, par exemple, ne rompt pas avec ce postulat. Qu\u2019en sera-t-il de l\u2019endettement autoris\u00e9 pour les Etats, la r\u00e8gle d\u2019or \u00e9tant le levier par excellence des dogmes n\u00e9o-lib\u00e9raux (il est syst\u00e9matiquement invoqu\u00e9 pour r\u00e9duire la protection sociale et les services publics \u00e0 peau de chagrin).<\/p>\n\n\n\n<h3 class=\"wp-block-heading\">Quels m\u00e9canismes peuvent-ils expliquer ce fonctionnement&nbsp;de r\u00e9gression aux situations probl\u00e9matiques d\u2019avant&nbsp;?<\/h3>\n\n\n\n<p>Trois m\u00e9canismes semblent bien pr\u00e9sents dans nos enqu\u00eates.<\/p>\n\n\n\n<ul class=\"wp-block-list\">\n<li>L\u2019exploitation de l\u2019occasion de la crise pour imposer \u00e0 tous un \u00ab&nbsp;mode d\u2019emploi&nbsp;\u00bb&nbsp;qui promeut \u00ab&nbsp;encore un peu plus de la m\u00eame chose&nbsp;\u00bb.<\/li>\n<\/ul>\n\n\n\n<p>Ce mode d\u2019emploi est justifi\u00e9 par un curieux retournement de valeur&nbsp;: le retour en arri\u00e8re est en effet pr\u00e9sent\u00e9 comme le Progr\u00e8s, est travesti sous le nom de \u00ab&nbsp;modernisation&nbsp;\u00bb&nbsp;; ceux qui r\u00e9sistent sont d\u00e9cri\u00e9s comme archa\u00efques. Cette modernisation r\u00e9gressive est par ailleurs pr\u00e9sent\u00e9e comme in\u00e9luctable et tous sont invit\u00e9s \u00e0 s\u2019adapter sans plus tarder.<a href=\"#_ftn4\" id=\"_ftnref4\">[4]<\/a><\/p>\n\n\n\n<p>La digitalisation&nbsp;\u00ab&nbsp;in\u00e9luctable&nbsp;\u00bb des services publics peut ainsi renforcer la version dominante du travail social et sa d\u00e9rive vers la privation de droits assum\u00e9e, en diffusant une pr\u00e9-interpr\u00e9tation de veulerie des ayant droit qui se complairaient dans l\u2019assistance.<\/p>\n\n\n\n<ul class=\"wp-block-list\">\n<li>L\u2019obscurcissement des v\u00e9ritables enjeux<\/li>\n<\/ul>\n\n\n\n<p>Cet obscurcissement est rendu possible par le d\u00e9couplage du d\u00e9bat sur les moyens de celui qui porte sur les fins. Ainsi beaucoup de questions sont pr\u00e9sent\u00e9es comme \u00ab&nbsp;techniques&nbsp;\u00bb ou sont reli\u00e9es \u00e0 d\u2019obscures vis\u00e9es.<\/p>\n\n\n\n<p>La promotion du t\u00e9l\u00e9travail (lui aussi \u00ab&nbsp;in\u00e9luctable&nbsp;\u00bb pour ceux qui se veulent \u00ab&nbsp;modernes \u00bb \u2026) est ainsi reli\u00e9e \u00e0 la question floue du \u00ab&nbsp;bien-\u00eatre&nbsp;\u00bb au travail dont plus d\u2019un auteur a montr\u00e9 la mystification quand celui-ci est d\u00e9fini d\u2019en haut. La question qui est exclue du d\u00e9bat est&nbsp;: &nbsp;que ne sommes-nous pas pr\u00eats \u00e0 perdre&nbsp;? Les permanents syndicaux dont nous avons pu interroger les propos mettent en avant qu\u2019il peut s\u2019agir dans cette promotion de pousser plus avant encore l\u2019individualisation de la relation de travail (c\u2019est-\u00e0-dire l\u2019atomisation des travailleurs) et de priver les contre-pouvoirs de leurs moyens d\u2019action&nbsp;: comment mobiliser celles et ceux qui ont perdu le v\u00e9cu collectif de leur situation de travailleurs et sont le plus souvent reclu(e)s dans leur espace priv\u00e9 ?<\/p>\n\n\n\n<ul class=\"wp-block-list\">\n<li>L\u2019uniformisation de la pens\u00e9e par la confiscation de la connaissance&nbsp;<\/li>\n<\/ul>\n\n\n\n<p>Depuis de nombreuses ann\u00e9es, nous avons laiss\u00e9 s\u2019op\u00e9rer une concentration des connaissances utilis\u00e9es pour la conception de l\u2019action notamment politique et se d\u00e9velopper une technocratisation de l\u2019action promue par une arm\u00e9e invisible de consultants capitalistes<a href=\"#_ftn5\" id=\"_ftnref5\">[5]<\/a>.<\/p>\n\n\n\n<p>Jean-Pierre Le Goff nous met en garde&nbsp;: <em>Les faits sont cens\u00e9s parler d\u2019eux-m\u00eames alors qu\u2019ils sont int\u00e9gr\u00e9s d\u2019embl\u00e9e dans un syst\u00e8me de pens\u00e9e qui les relie entre eux \u00e0 partir d\u2019un a priori&nbsp;<a href=\"#_ftn6\" id=\"_ftnref6\"><strong>[6]<\/strong><\/a>.<\/em><\/p>\n\n\n\n<p>Pour entrer dans le \u00ab&nbsp;monde d\u2019apr\u00e8s&nbsp;\u00bb sans qu\u2019il ne soit le th\u00e9\u00e2tre d\u2019un renforcement de la domination, nous avons ainsi, selon le beau mot de Milan Kundera, \u00e0 <em>d\u00e9chirer le rideau de la pr\u00e9-interpr\u00e9tation<a href=\"#_ftn7\" id=\"_ftnref7\"><strong>[7]<\/strong><\/a>, <\/em>soit le syst\u00e8me qui nous emp\u00eache de d\u00e9velopper notre propre \u00ab&nbsp;mode d\u2019emploi&nbsp;\u00bb de l\u2019existence. En commen\u00e7ant, sans doute, par notre propre sph\u00e8re d\u2019action.<\/p>\n\n\n\n<p>Ainsi, par rapport \u00e0 la pratique de l\u2019\u00e9ducation permanente \u00e0 distance, ne serait-il pas salutaire de ne pas nous pr\u00e9cipiter dans l\u2019adoption de pratiques en oubliant qu\u2019elles nous ont \u00e9t\u00e9 impos\u00e9es comme des succ\u00e9dan\u00e9s&nbsp;; en ne nous laissant pas impressionner par le reproche id\u00e9ologique \u00ab&nbsp;d\u2019avoir une guerre de retard&nbsp;\u00bb&nbsp;?<\/p>\n\n\n\n<p>Ne faut-il pas plut\u00f4t nous demander si nous sommes vraiment pr\u00eats \u00e0 perdre ce qui est le coeur de la d\u00e9mocratie culturelle&nbsp;: le dialogue \u00e9galitaire des cultures entendues dans leur sens anthropologique, ce qui est indissociable de la rencontre des corps. On ne voit pas non plus comment l\u2019on pourrait pr\u00e9tendre que les pratiques en distanciel se d\u00e9veloppent dans une relation \u00e9galitaire.<\/p>\n\n\n\n<p>Comment enfin ne pas \u00e9voquer, en ce moment o\u00f9 la guerre s\u00e9vit de nouveau en Europe, la fa\u00e7on dont Kundera d\u00e9finissait l\u2019Europe (et qui r\u00e9sonne tragiquement aujourd\u2019hui) :<\/p>\n\n\n\n<p><em>A c\u00f4t\u00e9 des grandes nations, il y a en Europe des petites nations dont plusieurs, au cours des deux si\u00e8cles derniers, ont acquis (ou retrouv\u00e9) leur ind\u00e9pendance politique. Peut-\u00eatre leur existence m\u2019a-t-elle fait comprendre que la diversit\u00e9 culturelle est la grande valeur europ\u00e9enne. A l\u2019\u00e9poque o\u00f9 le monde russe a voulu remodeler mon petit pays \u00e0 son image, j\u2019ai formul\u00e9 mon id\u00e9al de l\u2019Europe ainsi&nbsp;: <strong>le maximum de diversit\u00e9 dans le minimum d\u2019espace&nbsp;<\/strong>; les Russes ne gouvernent plus mon pays natal, mais cet id\u00e9al est encore plus en danger.<a href=\"#_ftn8\" id=\"_ftnref8\"><strong>[8]<\/strong><\/a><\/em><\/p>\n\n\n\n<p>La crise sanitaire que nous finissons de traverser (apr\u00e8s d\u2019autres crises) doit nous inciter, par un travail r\u00e9flexif inlassable, \u00e0 d\u00e9chirer le rideau d\u2019une pr\u00e9-interpr\u00e9tation qui a pour vis\u00e9e constante d\u2019uniformiser les diversit\u00e9s en leur faisant miroiter, sous le drapeau d\u2019une modernisation r\u00e9gressive, l\u2019acc\u00e8s \u00e0 un espace virtuel apparemment illimit\u00e9.<\/p>\n\n\n\n<p><strong>Jean Blairon.<\/strong><\/p>\n\n\n\n<hr class=\"wp-block-separator has-alpha-channel-opacity\"\/>\n\n\n\n<p><a href=\"#_ftnref1\" id=\"_ftn1\">[1]<\/a>Interview r\u00e9alis\u00e9e par O. Bernaz dans le cadre des assises de la pr\u00e9vention, <a href=\"http:\/\/www.assisesdelaprevention.be\/\">www.assisesdelaprevention.be<\/a><\/p>\n\n\n\n<p><a href=\"#_ftnref2\" id=\"_ftn2\">[2]<\/a>Nous n\u2019\u00e9voquerons que bri\u00e8vement ici les enseignements de ces analyses, en invitant les lectrices et lecteurs \u00e0 se rapporter&nbsp; \u00e0 leur publication, notamment \u00ab&nbsp;Education permanente et visibilit\u00e9&nbsp;\u00bb, <a href=\"https:\/\/intermag.be\/analyses-et-etudes\/associatif-institutions\/726-education-permanente-et-visibilite\">https:\/\/intermag.be\/analyses-et-etudes\/associatif-institutions\/726-education-permanente-et-visibilite<\/a>&nbsp;; \u00ab&nbsp;L\u2019\u00e9ducation permanente dans la crise sanitaire&nbsp;: quelle \u00e9valuation de son rapport au \u00ab&nbsp;num\u00e9rique&nbsp;\u00bb&nbsp;?&nbsp;\u00bb, <a href=\"https:\/\/intermag.be\/analyses-et-etudes\/associatif-institutions\/723-l-education-permanente-dans-la-crise-sanitaire-quelle-evaluation-de-sa-relation-au-numerique\">https:\/\/intermag.be\/analyses-et-etudes\/associatif-institutions\/723-l-education-permanente-dans-la-crise-sanitaire-quelle-evaluation-de-sa-relation-au-numerique<\/a>&nbsp;; C. Mahy et J. Blairon, \u00ab&nbsp;Pourquoi il faut refuser le travail sociale en distanciel&nbsp;\u00bb, https:\/\/intermag.be\/analyses-et-etudes\/socioeconomique\/724-pourquoi-il-faut-refuser-l-exercice-du-travail-social-en-distanciel.<\/p>\n\n\n\n<p><a href=\"#_ftnref3\" id=\"_ftn3\">[3]<\/a>Voir https:\/\/www.rwlp.be\/index.php\/ressources\/videos-audios\/982-vie-confinee-vie-appauvrie?highlight=WyJjb25maW5lbWVudCJd<\/p>\n\n\n\n<p><a href=\"#_ftnref4\" id=\"_ftn4\">[4]<\/a>D\u00e8s 1976, P. Bourdieu et L. Boltanski remarquent que <em>Le discours dominant sur le monde social doit sa coh\u00e9rence pratique au fait qu\u2019il est produit \u00e0 partir d\u2019un petit nombre de sch\u00e8mes g\u00e9n\u00e9rateurs qui se laissent eux-m\u00eames ramener \u00e0 l\u2019opposition entre le pass\u00e9 (d\u00e9pass\u00e9) et l\u2019avenir ou, en termes plus vagues et apparemment plus conceptuels, entre le traditionnel et le moderne. (<\/em>P. Bourdieu et L. Boltanski<em>, La production de l\u2019id\u00e9ologie dominante, <\/em>Paris, Demopolis, 2088, p. 57).<\/p>\n\n\n\n<p><a href=\"#_ftnref5\" id=\"_ftn5\">[5]<\/a>J. Blairon et P. Mahoux, \u00abLe pouvoir politique des firmes de consultance internationales&nbsp;: une analyse institutionnelle&nbsp;\u00bb, https:\/\/intermag.be\/images\/stories\/pdf\/rta2022m02n2.pdf<\/p>\n\n\n\n<p><a href=\"#_ftnref6\" id=\"_ftn6\">[6]<\/a>J.-P. Le Goff, <em>La soci\u00e9t\u00e9 malade, <\/em>Paris, Stock, 2021, p. 203.<\/p>\n\n\n\n<p><a href=\"#_ftnref7\" id=\"_ftn7\">[7]<\/a>M. Kundera, <em>Le rideau, <\/em>Paris, Gallimard, 2005, p. 145.<\/p>\n\n\n\n<p><a href=\"#_ftnref8\" id=\"_ftn8\">[8]<\/a>M. Kundera, <em>op.cit., <\/em>p. 45.<\/p>\n","protected":false},"excerpt":{"rendered":"<p>For all those who want cultural democracy, each individual or each group is approached as being endowed with a culture, that is to say, among other things, with a system of perception and representation of the world which allows you to learn from your experience and, from there, to evolve your representations, to put your belongings to work, in short to produce yourself rather than reproduce. However, this approach is not automatically effective.<\/p>","protected":false},"author":57,"featured_media":24573,"comment_status":"open","ping_status":"open","sticky":false,"template":"","format":"standard","meta":{"_acf_changed":false,"_seopress_robots_primary_cat":"2696","_seopress_titles_title":"","_seopress_titles_desc":"","_seopress_robots_index":"","footnotes":""},"categories":[2696,2722,2719],"tags":[2809,3114],"class_list":["post-24572","post","type-post","status-publish","format-standard","has-post-thumbnail","hentry","category-actualites","category-articles-nos-publications","category-nos-publications","tag-actions-citoyennes","tag-education"],"acf":[],"_links":{"self":[{"href":"https:\/\/www.justicepaix.be\/en\/wp-json\/wp\/v2\/posts\/24572","targetHints":{"allow":["GET"]}}],"collection":[{"href":"https:\/\/www.justicepaix.be\/en\/wp-json\/wp\/v2\/posts"}],"about":[{"href":"https:\/\/www.justicepaix.be\/en\/wp-json\/wp\/v2\/types\/post"}],"author":[{"embeddable":true,"href":"https:\/\/www.justicepaix.be\/en\/wp-json\/wp\/v2\/users\/57"}],"replies":[{"embeddable":true,"href":"https:\/\/www.justicepaix.be\/en\/wp-json\/wp\/v2\/comments?post=24572"}],"version-history":[{"count":0,"href":"https:\/\/www.justicepaix.be\/en\/wp-json\/wp\/v2\/posts\/24572\/revisions"}],"wp:featuredmedia":[{"embeddable":true,"href":"https:\/\/www.justicepaix.be\/en\/wp-json\/wp\/v2\/media\/24573"}],"wp:attachment":[{"href":"https:\/\/www.justicepaix.be\/en\/wp-json\/wp\/v2\/media?parent=24572"}],"wp:term":[{"taxonomy":"category","embeddable":true,"href":"https:\/\/www.justicepaix.be\/en\/wp-json\/wp\/v2\/categories?post=24572"},{"taxonomy":"post_tag","embeddable":true,"href":"https:\/\/www.justicepaix.be\/en\/wp-json\/wp\/v2\/tags?post=24572"}],"curies":[{"name":"wp","href":"https:\/\/api.w.org\/{rel}","templated":true}]}}