{"id":24402,"date":"2023-01-13T16:18:58","date_gmt":"2023-01-13T15:18:58","guid":{"rendered":"https:\/\/www.justicepaix.be\/?p=24402"},"modified":"2023-02-13T16:19:07","modified_gmt":"2023-02-13T15:19:07","slug":"bx1-le-12h30-afrique-centrale-et-belgique-quelles-relations-de-solidarite-pour-demain","status":"publish","type":"post","link":"https:\/\/www.justicepaix.be\/en\/bx1-le-12h30-afrique-centrale-et-belgique-quelles-relations-de-solidarite-pour-demain\/","title":{"rendered":"BX1 \u2013 12:30 p.m. \u2013 Central Africa and Belgium: what solidarity relations for tomorrow?"},"content":{"rendered":"<p><\/p>\n\n\n\n<p><\/p>\n\n\n\n<p>Patrick Balemba, charg\u00e9 de recherches et d&rsquo;animations chez Justice &amp; Paix \u00e9tait l&rsquo;invit\u00e9 de BX1 ce 11 janvier 2023, pour discuter avec Murielle Berck de sa nouvelle \u00e9tude: Afrique centrale et Belgique: quelles relations de solidarit\u00e9 pour demain ! <\/p>\n\n\n\n<figure class=\"wp-block-image size-full is-resized\"><img fetchpriority=\"high\" decoding=\"async\" src=\"https:\/\/www.justicepaix.be\/wp-content\/uploads\/2023\/02\/Photo-patrick-BX1.png\" alt=\"\" class=\"wp-image-24403\" width=\"706\" height=\"395\" srcset=\"https:\/\/www.justicepaix.be\/wp-content\/uploads\/2023\/02\/Photo-patrick-BX1.png 848w, https:\/\/www.justicepaix.be\/wp-content\/uploads\/2023\/02\/Photo-patrick-BX1-300x168.png 300w, https:\/\/www.justicepaix.be\/wp-content\/uploads\/2023\/02\/Photo-patrick-BX1-768x430.png 768w\" sizes=\"(max-width: 706px) 100vw, 706px\" \/><figcaption class=\"wp-element-caption\">capture d&rsquo;\u00e9cran de l&rsquo;\u00e9mission \u00ab\u00a0Le 12h30\u00a0\u00bb sur BX1, le 11\/01\/23<\/figcaption><\/figure>\n\n\n\n<p><\/p>\n\n\n\n<p>Que reste t-il des liens humains qui lient ces pays ? Quelles sont les m\u00e9canismes de solidarit\u00e9 pour l\u2019avenir entre la Belgique et ses anciennes colonies ? Quels sont les m\u00e9canismes diplomatiques qui continuent \u00e0 les lier, parfois de mani\u00e8re tr\u00e8s d\u00e9s\u00e9quilibr\u00e9e ? Comment ces pays pourraient mieux aborder leur pass\u00e9 commun, \u00e0 la lumi\u00e8re des souffrances v\u00e9cues et du travail de m\u00e9moires \u00e0 peine \u00e9mergeant ?<\/p>\n\n\n\n<p>Une interview <a href=\"https:\/\/bx1.be\/radio-emission\/le-12h30-11-01-2023\/\" target=\"_blank\" rel=\"noreferrer noopener\">\u00e0 retrouver ici<\/a>.<\/p>","protected":false},"excerpt":{"rendered":"<p>Patrick Balemba, responsible for research and activities at Justice &amp; Peace, was the guest of BX1 on January 11, 2023, to discuss with Murielle Berck her new study: Central Africa and Belgium: what solidarity relations for tomorrow! <\/p>","protected":false},"author":63,"featured_media":24404,"comment_status":"open","ping_status":"open","sticky":false,"template":"","format":"standard","meta":{"_acf_changed":false,"_seopress_robots_primary_cat":"2696","_seopress_titles_title":"","_seopress_titles_desc":"","_seopress_robots_index":"","footnotes":""},"categories":[2696,2846,2719],"tags":[2831,2794,2835,2825],"class_list":["post-24402","post","type-post","status-publish","format-standard","has-post-thumbnail","hentry","category-actualites","category-dans-les-medias","category-nos-publications","tag-acteurs-economiques","tag-afrique-centrale","tag-democratie","tag-prevention-des-conflits"],"acf":[],"_links":{"self":[{"href":"https:\/\/www.justicepaix.be\/en\/wp-json\/wp\/v2\/posts\/24402","targetHints":{"allow":["GET"]}}],"collection":[{"href":"https:\/\/www.justicepaix.be\/en\/wp-json\/wp\/v2\/posts"}],"about":[{"href":"https:\/\/www.justicepaix.be\/en\/wp-json\/wp\/v2\/types\/post"}],"author":[{"embeddable":true,"href":"https:\/\/www.justicepaix.be\/en\/wp-json\/wp\/v2\/users\/63"}],"replies":[{"embeddable":true,"href":"https:\/\/www.justicepaix.be\/en\/wp-json\/wp\/v2\/comments?post=24402"}],"version-history":[{"count":0,"href":"https:\/\/www.justicepaix.be\/en\/wp-json\/wp\/v2\/posts\/24402\/revisions"}],"wp:featuredmedia":[{"embeddable":true,"href":"https:\/\/www.justicepaix.be\/en\/wp-json\/wp\/v2\/media\/24404"}],"wp:attachment":[{"href":"https:\/\/www.justicepaix.be\/en\/wp-json\/wp\/v2\/media?parent=24402"}],"wp:term":[{"taxonomy":"category","embeddable":true,"href":"https:\/\/www.justicepaix.be\/en\/wp-json\/wp\/v2\/categories?post=24402"},{"taxonomy":"post_tag","embeddable":true,"href":"https:\/\/www.justicepaix.be\/en\/wp-json\/wp\/v2\/tags?post=24402"}],"curies":[{"name":"wp","href":"https:\/\/api.w.org\/{rel}","templated":true}]}}