{"id":24081,"date":"2022-12-16T16:49:48","date_gmt":"2022-12-16T15:49:48","guid":{"rendered":"https:\/\/www.justicepaix.be\/?p=24081"},"modified":"2022-12-16T16:50:26","modified_gmt":"2022-12-16T15:50:26","slug":"vers-une-transition-inflationniste","status":"publish","type":"post","link":"https:\/\/www.justicepaix.be\/en\/vers-une-transition-inflationniste\/","title":{"rendered":"Towards an inflationary transition?"},"content":{"rendered":"\n<p>Au nom de cette id\u00e9ologie de la croissance, l&rsquo;occident a cr\u00e9\u00e9 une \u00e9conomie n\u00e9olib\u00e9rale qui a ses limites. Or, ce mode de consommation est inflationniste et la \u00ab&nbsp;croissance verte&nbsp;\u00bb propos\u00e9e par nos \u00c9tats n\u2019arrange rien. Pourquoi, d\u00e8s lors, ne pas proposer un projet de soci\u00e9t\u00e9 d\u00e9mocratique, plus sobre qui prendra soin de l\u2019ensemble du Vivant ?<\/p>\n\n\n\n<div class=\"wp-block-cover is-light\"><span aria-hidden=\"true\" class=\"wp-block-cover__background has-background-dim\"><\/span><img fetchpriority=\"high\" decoding=\"async\" width=\"940\" height=\"788\" class=\"wp-block-cover__image-background wp-image-24082\" alt=\"\" src=\"https:\/\/www.justicepaix.be\/wp-content\/uploads\/2022\/12\/analyse-Dec.-2022-Laure.jpeg\" data-object-fit=\"cover\" srcset=\"https:\/\/www.justicepaix.be\/wp-content\/uploads\/2022\/12\/analyse-Dec.-2022-Laure.jpeg 940w, https:\/\/www.justicepaix.be\/wp-content\/uploads\/2022\/12\/analyse-Dec.-2022-Laure-300x251.jpeg 300w, https:\/\/www.justicepaix.be\/wp-content\/uploads\/2022\/12\/analyse-Dec.-2022-Laure-768x644.jpeg 768w\" sizes=\"(max-width: 940px) 100vw, 940px\" \/><div class=\"wp-block-cover__inner-container is-layout-flow wp-block-cover-is-layout-flow\">\n<p class=\"has-text-align-center has-large-font-size\"><\/p>\n<\/div><\/div>\n\n\n\n<p><\/p>\n\n\n\n<h3 class=\"wp-block-heading\"><strong>Quitter le monde d\u2019avant<\/strong><\/h3>\n\n\n\n<p>Le 17 octobre 2022, nous avons pu entendre l\u2019\u00e9conomiste Amid Fadjaoui s\u2019exprimer sur les ondes de la Premi\u00e8re \u00e0 propos de l\u2019inflation subie par la population belge&nbsp;: <em>est-ce que le pic de l&rsquo;inflation est encore loin ?<\/em> <em>Et si le pic de l&rsquo;inflation a lieu d&rsquo;ici quelques mois,<strong>peut-on esp\u00e9rer revenir au monde d&rsquo;avant, celui o\u00f9 l&rsquo;inflation \u00e9tait tr\u00e8s faible ? R\u00e9ponse : non <\/strong><a href=\"#_ftn1\" id=\"_ftnref1\"><strong>[1]<\/strong><\/a><strong>.<\/strong><\/em><\/p>\n\n\n\n<p>Mais quel est ce \u201cmonde d\u2019avant\u201d dont parle l\u2019\u00e9conomiste&nbsp;? Assur\u00e9ment, c\u2019est celui structur\u00e9 autour de l\u2019\u00e9conomie n\u00e9olib\u00e9rale, elle-m\u00eame h\u00e9riti\u00e8re de la p\u00e9riode des <em>Trente glorieuses<\/em> d\u2019apr\u00e8s-guerre. Ce mode d\u2019organisation \u00e9conomique de notre soci\u00e9t\u00e9 est, \u00e0 l\u2019\u00e9poque, \u00e9tabli autour d\u2019un double principe. D\u2019une part, l\u2019acc\u00e8s infini aux ressources et \u2013 d\u2019autre part &#8211; le faible co\u00fbt de celles-ci. Ayant pour seule obsession la croissance \u00e9conomique, cette doctrine vise principalement trois objectifs clairs&nbsp;: un accroissement du bien-\u00eatre \u2013 qui passe par une am\u00e9lioration des techniques et par l\u2019acquisition de biens mat\u00e9riels &#8211; le plein emploi et la r\u00e9duction des in\u00e9galit\u00e9s. Pour s\u2019assurer d\u2019une croissance illimit\u00e9e et une augmentation du confort de vie, le co\u00fbt financier des biens doit \u00eatre le plus faible possible et ce, peu importe le co\u00fbt \u00e9cologique ou social que cela induit.&nbsp;<\/p>\n\n\n\n<p>Aujourd\u2019hui, force est de constater que les choses changent&nbsp;: les ressources min\u00e9rales, en plus de se rar\u00e9fier, sont de plus en plus difficiles \u00e0 extraire \u2013 ce qui a un co\u00fbt \u2013 et le prix de l\u2019\u00e9nergie a fortement augment\u00e9. Sans compter que cette croissance &#8211; illustr\u00e9e par son indicateur de pr\u00e9dilection, le PIB &#8211; d\u00e9bouche de moins en moins sur un sentiment de bien-\u00eatre <a href=\"#_ftn2\" id=\"_ftnref2\">[2]<\/a>. Si l\u2019acquisition de biens mat\u00e9riels est toujours largement encourag\u00e9e, nous faisons face \u00e0 une hausse du ch\u00f4mage et \u00e0 une croissance des in\u00e9galit\u00e9s au sein m\u00eame de notre soci\u00e9t\u00e9 et ce, surtout \u00e0 l\u2019\u00e9chelle mondiale. Associ\u00e9e \u00e0 la globalisation \u00e9conomique, la transition num\u00e9rique a permis une concentration inou\u00efe de la richesse. Quand on sait qu\u2019aujourd\u2019hui, les 1% les plus riches de la plan\u00e8te poss\u00e8dent pr\u00e8s de la moiti\u00e9 des richesses mondiales, il y a de quoi avoir le vertige<a href=\"#_ftn3\" id=\"_ftnref3\">[3]<\/a>. En suivant cette trajectoire \u00e9conomique \u00e0 grande vitesse, la situation ne saurait s\u2019am\u00e9liorer puisque nous avons officiellement d\u00e9pass\u00e9 le cap des 8 milliards d\u2019\u00eatres humains sur terre depuis ce mois de novembre 2022.<\/p>\n\n\n\n<p>Au nom de cette id\u00e9ologie de la croissance, de ce \u00ab&nbsp;mode de vie qui n\u2019est pas n\u00e9gociable<a href=\"#_ftn4\" id=\"_ftnref4\">[4]<\/a>&nbsp;\u00bb, nous avons cr\u00e9\u00e9 un \u00ab&nbsp;monde d\u2019avant&nbsp;\u00bb qui n\u2019est viable ni \u00e9cologiquement, ni socialement.<\/p>\n\n\n\n<h3 class=\"wp-block-heading\"><strong>Le paradoxe de la croissance verte<\/strong><\/h3>\n\n\n\n<p>Si notre syst\u00e8me \u00e9conomique et, plus largement, notre syst\u00e8me de consommation est obsol\u00e8te alors, que pouvons-nous proposer \u00e0 la place&nbsp;? Face \u00e0 cette question, les Etats occidentaux proposent l\u2019alternative de la \u201ccroissance verte\u201d. Un exemple int\u00e9ressant pour illustrer le concept est le <em>Pacte Vert pour l\u2019Europe<\/em>, publi\u00e9 en 2019. Visant la neutralit\u00e9 carbone d\u2019ici 2050, l\u2019Union europ\u00e9enne a mis en place une nouvelle strat\u00e9gie qui vise une <em>soci\u00e9t\u00e9 juste et prosp\u00e8re mettant en avant une \u00e9conomie moderne et comp\u00e9titive.&nbsp; <\/em>Dans cette optique, il ne saurait \u00eatre question de remettre en question la notion m\u00eame de croissance mais plut\u00f4t de mobiliser les acteurs concern\u00e9s en faveur d\u2019une \u00e9conomie circulaire et propre<em>. <\/em>Plusieurs secteurs sont prioritaires&nbsp;: la construction, la mobilit\u00e9 et l\u2019alimentaire<a href=\"#_ftn5\" id=\"_ftnref5\"><em><strong>[5]<\/strong><\/em><\/a>. Ce pacte vert, aussi ambitieux soit-il, a des cons\u00e9quences importantes&nbsp;chez nous, mais ailleurs \u00e9galement. Notamment, parce que la d\u00e9carbonatation de nos \u00e9conomiesen tant que telle aura un co\u00fbt et que celui-ci sera logiquement r\u00e9percut\u00e9 sur le prix des produits qui feront la transition \u00e9cologique de l\u2019UE (voitures \u00e9lectriques, \u00e9oliennes, etc.) et donc, d\u2019une mani\u00e8re ou d\u2019une autre, sur le portefeuille du citoyen.<\/p>\n\n\n\n<p>Mais le co\u00fbt financier n\u2019est pas le seul \u00e0 souffrir d\u2019une hausse puisque ce \u201cplan vert\u201dest totalement d\u00e9pendant de la production de mat\u00e9riaux rares, centralis\u00e9s dans un tout petit nombre de pays du globe. Par exemple, l\u2019Union europ\u00e9enne ach\u00e8te une grande partie de son Coltan \u00e0 la R\u00e9publique D\u00e9mocratique du Congo qui en poss\u00e8de 60 % des r\u00e9serves mondiales (concentr\u00e9s principalement dans la province du Kivu). En raison de sa capacit\u00e9 \u00e0 stocker et \u00e0 lib\u00e9rer de l\u2019\u00e9nergie, nous retrouvons ce minerai dans nos t\u00e9l\u00e9phones mobiles, ordinateurs portables et voitures hybrides et \u00e9lectriques<a href=\"#_ftn6\" id=\"_ftnref6\">[6]<\/a>.<\/p>\n\n\n\n<p>Les ressources naturelles de la RD Congo repr\u00e9sentent un potentiel de richesse pour ce pays mais constituent en r\u00e9alit\u00e9 son plus grand talon d\u2019Achille. Aux proies \u00e0 toutes les convoitises des grandes puissances mondiales telles que la Chine, les Etats-Unis, l\u2019Europe et les puissances r\u00e9gionales, elles apparaissent dans les enjeux majeurs du conflit qui touche les deux provinces du Kivu et qui connait d\u2019importantes r\u00e9surgences actuellement<a href=\"#_ftn7\" id=\"_ftnref7\">[7]<\/a>. Ici se trouve tout le paradoxe de cette transition&nbsp;: les minerais qui nous sont n\u00e9cessaires \u00e0 une soci\u00e9t\u00e9 plus propre sont extraits dans les pires conditions sociales, environnementales et politiques de l\u2019autre c\u00f4t\u00e9 du globe et attisent les convoitises les plus intenses.<\/p>\n\n\n\n<h3 class=\"wp-block-heading\"><strong>C\u2019est au travers des failles que passe la lumi\u00e8re<\/strong><\/h3>\n\n\n\n<p>Puisque le \u00ab&nbsp;monde d\u2019avant&nbsp;\u00bb se craquelle. Puisque les probl\u00e8mes \u00e9conomiques, sociaux et environnementaux d\u2019aujourd\u2019hui sont trop importants pour se permettre de faire quelques \u00ab&nbsp;ajustements verts&nbsp;\u00bb &#8211; qui eux seuls, sans remettre en question la notion de croissance, seront \u00e0 n\u2019en pas douter inflationnistes, nous devons regarder le probl\u00e8me d\u2019un regard nouveau. Parce que l\u2019\u00e9conomie, finalement, ce n\u2019est pas \u00e7a. Ou tout du moins, cela ne devrait pas l\u2019\u00eatre. Comme le dit l\u2019\u00e9conomiste Christian Arnsperger, l\u2019\u00e9conomie ce n\u2019est pas qu\u2019une question de croissance, d\u2019argent et d\u2019emploi mais <em>la science de la gestion de la maison commune<a href=\"#_ftn8\" id=\"_ftnref8\"><strong>[8]<\/strong><\/a> ,<\/em> <em>science de l\u2019\u00eatre ensemble sur la Terre<\/em>. Dans cette optique, la croissance ne doit avoir comme seul but que de permettre \u00e0 tous les \u00eatres humains d\u2019atteindre un certain niveau d\u2019aisance n\u00e9cessaire \u00e0 la vie et de le faire de fa\u00e7on collective, par une division du travail dans la soci\u00e9t\u00e9, dans les limites de la biosph\u00e8re<a href=\"#_ftn9\" id=\"_ftnref9\">[9]<\/a>.&nbsp; Il n\u2019y a donc pas lieu de s\u00e9parer l\u2019\u00e9conomie du social ou de l\u2019environnemental, comme c\u2019est le cas actuellement, mais plut\u00f4t de les voir imbriqu\u00e9s. En \u00e9quilibre.<\/p>\n\n\n\n<p>Pour ce faire, nous devons cesser de consid\u00e9rer le PIB comme l\u2019indicateur de bien-\u00eatre dominant. L\u2019opulence seule ne peut faire le bonheur. Si l\u2019on prend l\u2019exemple d\u2019une mar\u00e9e noire, on constate que le PIB d\u2019un pays qui a subi cette mar\u00e9e noire va augmenter car le nettoyage du d\u00e9sastre \u00e9cologique g\u00e9n\u00e8rera des revenus alors que l\u2019impact sur le bien-\u00eatre, lui, tendra \u00e0 diminuer. <em>A contrario<\/em>, le p\u00e8re de famille qui prend un cong\u00e9 pour s\u2019occuper de son enfant ne participe pas \u00e0 la croissance du PIB alors qu\u2019il augmente le bien-\u00eatre de sa famille<a href=\"#_ftn10\" id=\"_ftnref10\">[10]<\/a>.&nbsp; De nombreux indicateurs alternatifs prennent en compte des crit\u00e8res plus larges que sont par exemple, la redistribution des richesses et l\u2019environnement<a href=\"#_ftn11\" id=\"_ftnref11\">[11]<\/a>.<\/p>\n\n\n\n<p>Sur cette base, comment pourrons nous imaginer le changement&nbsp;?&nbsp;Il n\u2019y a pas une recette magique mais une myriade de solutions adapt\u00e9es \u00e0 leur territoire. Alors bien s\u00fbr, il va falloir innover. Tenter des choses. Se r\u00e9inventer et par l\u00e0 repenser notre rapport au bonheur et \u00e0 la consommation autour d\u2019un projet de soci\u00e9t\u00e9 d\u00e9mocratique qui respecte les limites plan\u00e9taires<a href=\"#_ftn12\" id=\"_ftnref12\">[12]<\/a>.<\/p>\n\n\n\n<p>L\u2019\u00e9conomie circulaire est certes une d\u00e9marche n\u00e9cessaire vers une consommation plus vertueuse. Toutefois, l\u2019approche qui est la sienne aujourd\u2019hui met l\u2019accent sur la r\u00e9duction de moyens, de mati\u00e8res, d\u2019\u00e9nergies et le recyclage, or nous constatons aujourd\u2019hui que lorsque celle-ci est associ\u00e9e \u00e0 la croissance lib\u00e9rale, toute \u00e9conomie de moyens, d\u2019\u00e9nergie, ou de mati\u00e8res premi\u00e8res qu\u2019elle permet est souvent compens\u00e9e par une hausse de la consommation (puisque nous recyclons nos d\u00e9chets, pourquoi devrions-nous en diminuer la production&nbsp;?) ou une augmentation de l\u2019empreinte carbone par ailleurs. C\u2019est ce qu\u2019on appelle l\u2019effet rebond. Pour qu\u2019elle soit r\u00e9ellement efficace, l\u2019\u00e9conomie circulaire doit \u00eatre associ\u00e9e \u00e0 une sobri\u00e9t\u00e9 choisie<a href=\"#_ftn13\" id=\"_ftnref13\"><sup>[13]<\/sup><\/a>. Si nos soci\u00e9t\u00e9s font ce choix de la sobri\u00e9t\u00e9, elle ne saurait \u00eatre vue de fa\u00e7on punitive, mais plut\u00f4t comme un projet de soci\u00e9t\u00e9.<\/p>\n\n\n\n<p>Si nous devons r\u00e9duire notre consommation, revenir \u00e0 nos besoins essentiels, il est primordial de nous reconnecter \u00e0 nos territoires de subsistance&nbsp;: mieux conna\u00eetre pour mieux prot\u00e9ger et faire confiance \u00e0 la force du local. Partout autour de nous, se d\u00e9veloppent des initiatives qui ont pour ambition d\u2019\u00eatre vertueuses en termes \u00e9cologique et social. A nous, consommateur\u00b7trice, de valoriser ces forces-vives locales en payant nos biens de consommation \u00e0 un prix juste, tout en valorisant une nouvelle cr\u00e9ation d\u2019emplois.<\/p>\n\n\n\n<p>Au regard de ce que nous avons expliqu\u00e9 pr\u00e9c\u00e9demment, nous pouvons affirmer que, oui, la transition sera inflationniste. Mais l\u2019importance de cette inflation d\u00e9pendra des choix de soci\u00e9t\u00e9 que nous ferons. Si nous ne remettons pas en question radicalement cet id\u00e9al de croissance, en continuant \u00e0 faire \u00ab&nbsp;de nouvelles recettes&nbsp;dans d\u2019anciennes casseroles&nbsp;\u00bb, les co\u00fbts financiers, environnementaux et sociaux seront incontestablement \u00e9lev\u00e9s \u00e0 court terme, et la violence d\u2019une sobri\u00e9t\u00e9 impos\u00e9e nous percutera t\u00f4t ou tard. En revanche, si nous faisons ce choix de soci\u00e9t\u00e9 qu\u2019est la sobri\u00e9t\u00e9 choisie, accompagn\u00e9e d\u2019une consommation \u00e0 la fois solidaire, circulaire et locale, alors, nous pouvons envisager un \u00ab&nbsp;monde d\u2019apr\u00e8s&nbsp;\u00bb de fa\u00e7on plus sereine.<\/p>\n\n\n\n<p>Le n\u00e9olib\u00e9ralisme a pour seule obsession la croissance. Or, aujourd\u2019hui, l\u2019\u00e9puisement des mati\u00e8res premi\u00e8res, l\u2019impact social et environnemental de cette consommation et la hausse du prix de l\u2019\u00e9nergie a inexorablement un impact sur le prix de cette consommation \u00e0 outrance.<\/p>\n\n\n\n<p><strong>&nbsp;<\/strong>La \u00ab&nbsp;croissance verte&nbsp;\u00bb propos\u00e9e par nos gouvernements comme alternative de transition ne saurait \u00eatre une proposition durable tant qu\u2019elle n\u00e9cessite des minerais qui sont extraits dans des conditions d\u00e9plorables, socialement et environnementalement parlant.<\/p>\n\n\n\n<p>&nbsp;Il est grand temps d\u2019envisager un \u00ab&nbsp;monde d\u2019apr\u00e8s&nbsp;\u00bb o\u00f9 la notion de croissance \u00e9conomique ne sera plus une fin en soi. Les solutions ne demandent qu\u2019\u00e0 \u00eatre trouv\u00e9es, tant qu\u2019elles seront envisag\u00e9es dans une d\u00e9marche de sobri\u00e9t\u00e9 et de respect avec le Vivant, dans les limites de la biosph\u00e8re.<\/p>\n\n\n\n<p><strong>Laure Didier.<\/strong><\/p>\n\n\n\n<hr class=\"wp-block-separator has-alpha-channel-opacity\"\/>\n\n\n\n<p><a id=\"_ftn1\" href=\"#_ftnref1\">[1]<\/a> FADJAOUI (A.), <em>Chronique Economique<\/em>. <em>Mais quand aura lieu le pic de l\u2019inflation<\/em>? , Classique 21, 4\u2019, 17\/10\/2022&nbsp;; <a href=\"https:\/\/auvio.rtbf.be\/media\/chronique-economique-mais-quand-aura-lieu-le-pic-de-linflation-2950653\" target=\"_blank\" rel=\"noreferrer noopener\">https:\/\/auvio.rtbf.be\/media\/chronique-economique-mais-quand-aura-lieu-le-pic-de-linflation-2950653<\/a> .<\/p>\n\n\n\n<p><a id=\"_ftn2\" href=\"#_ftnref2\">[2]<\/a> Pour plus d\u2019informations, voir MALCHAIR (L.), <em>Et si l\u2019\u00e9conomie nous parlait du bonheur&nbsp;? Des indicateurs de prosp\u00e9rit\u00e9 citoyens, <\/em>2015.&nbsp; <a href=\"https:\/\/www.justicepaix.be\/wp-content\/uploads\/2021\/12\/2013-CJP_etude_economie-du-bonheur_texte.pdf\" target=\"_blank\" rel=\"noreferrer noopener\">https:\/\/www.justicepaix.be\/wp-content\/uploads\/2021\/12\/2013-CJP_etude_economie-du-bonheur_texte.pdf<\/a><\/p>\n\n\n\n<p><a id=\"_ftn3\" href=\"#_ftnref3\">[3]<\/a> OXFAM France, <em>In\u00e9galit\u00e9s : pourquoi les 1% les plus riches du monde sont un probl\u00e8me selon Oxfam, article en ligne&nbsp;: 8 oct. 2021, <\/em><a href=\"https:\/\/www.oxfamfrance.org\/inegalites-et-justice-fiscale\/les-1-pourcent-les-plus-riches\/\" target=\"_blank\" rel=\"noreferrer noopener\"><em>https:\/\/www.oxfamfrance.org\/inegalites-et-justice-fiscale\/les-1-pourcent-les-plus-riches\/<\/em><\/a><em>.<\/em><\/p>\n\n\n\n<p><a href=\"#_ftnref4\" id=\"_ftn4\">[4]<\/a> Phrase prononc\u00e9e par le pr\u00e9sident des Etats-Unis, George Bush, au <em>Sommet de la Terre<\/em> de Rio en juin 1992, (Sommet organis\u00e9 par les Nations Unies sur le d\u00e9veloppement durable).<\/p>\n\n\n\n<p><a id=\"_ftn5\" href=\"#_ftnref5\">[5]<\/a><em> <\/em>Pour plus d\u2019informations sur le sujet, voir&nbsp;: TOSATO (M.),&nbsp; Le<em> changement climatique et les co\u00fbts de la transition, <\/em>Analyse <em>Commission Justice et Paix,&nbsp; <\/em>11 octobre 2022. <a href=\"https:\/\/www.justicepaix.be\/le-changement-climatique-et-les-couts-de-la-transition\/\" target=\"_blank\" rel=\"noreferrer noopener\"><em>https:\/\/www.justicepaix.be\/le-changement-climatique-et-les-couts-de-la-transition\/<\/em><\/a><\/p>\n\n\n\n<p><a href=\"#_ftnref6\" id=\"_ftn6\">[6]<\/a> Voir le dossier&nbsp;: <em>Les minerais de la transition \u00e9nerg\u00e9tique. Vers une soci\u00e9t\u00e9 sobre en carbone pour toutes et tous, <\/em>&nbsp;3 juin 2020.<\/p>\n\n\n\n<p><a href=\"#_ftnref7\" id=\"_ftn7\">[7]<\/a> PIERRET (Coralie), <em>Dans l\u2019est de la RDC, l\u2019avanc\u00e9e des rebelles du M23 provoque la panique, dans&nbsp;: Le Monde,&nbsp; <\/em>16 nov. 2022.<\/p>\n\n\n\n<p><a href=\"#_ftnref8\" id=\"_ftn8\">[8]<\/a> Le mot \u00e9conomie provient du grec&nbsp;<em>oeko<\/em>, la maison et <em>nomos<\/em>, l\u2019\u00e9tude.<\/p>\n\n\n\n<p><a href=\"#_ftnref9\" id=\"_ftn9\">[9]<\/a> Universit\u00e9 de Lausanne, <em>Rencontre avec Christian Arnsperger. Entre \u00e9cologie et \u00e9conomie, <\/em>&nbsp;Vid\u00e9o en ligne, 1&nbsp;: 10&nbsp;: 25.<\/p>\n\n\n\n<p><a href=\"#_ftnref10\" id=\"_ftn10\">[10]<\/a> MALCHAIR (L.), <em>Op cit,<\/em><\/p>\n\n\n\n<p><a href=\"#_ftnref11\" id=\"_ftn11\">[11]<\/a> BOARINI (J.), D\u2019ERCOLE (M.), <em>Indicateurs alternatifs du bien-\u00eatre, <\/em>dans&nbsp;: <em>Cairn info, R\u00e9formes \u00e9conomiques, 2006 \/ 1, n\u00b02, pp. 133 \u2013 148.<\/em><\/p>\n\n\n\n<p><a id=\"_ftn12\" href=\"#_ftnref12\">[12]<\/a> Appel\u00e9es aussi \u201dlimites de la biosph\u00e8res, elles sont au nombre de 9 : changement climatique, \u00e9rosion de la biodiversit\u00e9, changement d&rsquo;utilisation des sols, perturbation du cycle du phosphore et de l&rsquo;azote, acidification des oc\u00e9ans, augmentation des a\u00e9rosols dans l&rsquo;atmosph\u00e8re, pollution chimique, appauvrissement de l\u2019ozone stratosph\u00e9rique, perturbation du cycle de l\u2019eau. <a href=\"https:\/\/agence-lucie.com\/limites-planetaires\/\" target=\"_blank\" rel=\"noreferrer noopener\">https:\/\/agence-lucie.com\/limites-planetaires\/<\/a><\/p>\n\n\n\n<p><a id=\"_ftn13\" href=\"#_ftnref13\"><sup>[13]<\/sup><\/a> Aujourd\u2019hui, l\u2019\u00e9conomie circulaire est toujours associ\u00e9e \u00e0 la notion de croissance. Les auteurs Christian Arnsperger et Dominique bourg appellent l\u2019association de la sobri\u00e9t\u00e9 et de la circularit\u00e9, la permacircularit\u00e9. Voir&nbsp;: <a href=\"http:\/\/www.socioeco.org\/bdf_auteur-1053_fr.html\" target=\"_blank\" rel=\"noreferrer noopener\">Christian Arnsperger<\/a>, <a href=\"http:\/\/www.socioeco.org\/bdf_auteur-4603_fr.html\" target=\"_blank\" rel=\"noreferrer noopener\">Dominique Bourg<\/a>, <em>Ecologie int\u00e9grale. Pour une soci\u00e9t\u00e9 <\/em>permacirculaire, Editions PUF, Collection: Ecologie en questions (L\u2019), 2017.<\/p>\n","protected":false},"excerpt":{"rendered":"<p>As a response to the current crises, Europe offers us \u201cgreen growth\u201d without questioning the neoliberal economic system. Is this the solution? <\/p>","protected":false},"author":57,"featured_media":24082,"comment_status":"open","ping_status":"open","sticky":false,"template":"","format":"standard","meta":{"_acf_changed":false,"_seopress_robots_primary_cat":"2696","_seopress_titles_title":"","_seopress_titles_desc":"","_seopress_robots_index":"","footnotes":""},"categories":[2696,2722,2719],"tags":[3076,2874,3074,3078,2811,3080,3057],"class_list":["post-24081","post","type-post","status-publish","format-standard","has-post-thumbnail","hentry","category-actualites","category-articles-nos-publications","category-nos-publications","tag-croissance-verte","tag-economie-2","tag-inflation","tag-pib","tag-ressources-naturelles","tag-sobriete","tag-transition-ecologique"],"acf":[],"_links":{"self":[{"href":"https:\/\/www.justicepaix.be\/en\/wp-json\/wp\/v2\/posts\/24081","targetHints":{"allow":["GET"]}}],"collection":[{"href":"https:\/\/www.justicepaix.be\/en\/wp-json\/wp\/v2\/posts"}],"about":[{"href":"https:\/\/www.justicepaix.be\/en\/wp-json\/wp\/v2\/types\/post"}],"author":[{"embeddable":true,"href":"https:\/\/www.justicepaix.be\/en\/wp-json\/wp\/v2\/users\/57"}],"replies":[{"embeddable":true,"href":"https:\/\/www.justicepaix.be\/en\/wp-json\/wp\/v2\/comments?post=24081"}],"version-history":[{"count":0,"href":"https:\/\/www.justicepaix.be\/en\/wp-json\/wp\/v2\/posts\/24081\/revisions"}],"wp:featuredmedia":[{"embeddable":true,"href":"https:\/\/www.justicepaix.be\/en\/wp-json\/wp\/v2\/media\/24082"}],"wp:attachment":[{"href":"https:\/\/www.justicepaix.be\/en\/wp-json\/wp\/v2\/media?parent=24081"}],"wp:term":[{"taxonomy":"category","embeddable":true,"href":"https:\/\/www.justicepaix.be\/en\/wp-json\/wp\/v2\/categories?post=24081"},{"taxonomy":"post_tag","embeddable":true,"href":"https:\/\/www.justicepaix.be\/en\/wp-json\/wp\/v2\/tags?post=24081"}],"curies":[{"name":"wp","href":"https:\/\/api.w.org\/{rel}","templated":true}]}}