{"id":24003,"date":"2022-12-12T16:56:40","date_gmt":"2022-12-12T15:56:40","guid":{"rendered":"https:\/\/www.justicepaix.be\/?p=24003"},"modified":"2022-12-13T11:48:44","modified_gmt":"2022-12-13T10:48:44","slug":"groupe-de-volontaires-ethecopol","status":"publish","type":"post","link":"https:\/\/www.justicepaix.be\/en\/groupe-de-volontaires-ethecopol\/","title":{"rendered":"ETHECOPOL volunteer group"},"content":{"rendered":"<p>The volunteer group ETHECOPOL (a clever contraction of ethics, economics and politics), is looking for participants to launch the very first season of its podcast! Want to try the adventure?<\/p>\n\n\n\n<figure class=\"wp-block-image aligncenter size-large is-resized\"><img fetchpriority=\"high\" decoding=\"async\" src=\"https:\/\/www.justicepaix.be\/wp-content\/uploads\/2022\/12\/appel_ethecopol_def-1024x1024.png\" alt=\"\" class=\"wp-image-24030\" width=\"453\" height=\"453\" srcset=\"https:\/\/www.justicepaix.be\/wp-content\/uploads\/2022\/12\/appel_ethecopol_def-1024x1024.png 1024w, https:\/\/www.justicepaix.be\/wp-content\/uploads\/2022\/12\/appel_ethecopol_def-300x300.png 300w, https:\/\/www.justicepaix.be\/wp-content\/uploads\/2022\/12\/appel_ethecopol_def-150x150.png 150w, https:\/\/www.justicepaix.be\/wp-content\/uploads\/2022\/12\/appel_ethecopol_def-768x768.png 768w, https:\/\/www.justicepaix.be\/wp-content\/uploads\/2022\/12\/appel_ethecopol_def-1536x1536.png 1536w, https:\/\/www.justicepaix.be\/wp-content\/uploads\/2022\/12\/appel_ethecopol_def.png 2048w\" sizes=\"(max-width: 453px) 100vw, 453px\" \/><\/figure>\n\n\n\n<h2 class=\"wp-block-heading\">Une belle mani\u00e8re de vous engager !<\/h2>\n\n\n\n<p>Le groupe&nbsp;Ethecopol&nbsp;est un groupe compos\u00e9 de citoyens et citoyennes b\u00e9n\u00e9voles qui m\u00e8nent une r\u00e9flexion \u00e9thique sur les enjeux \u00e9conomiques et politiques contemporains. Interpell\u00e9\u00b7es par les dysfonctionnements de notre monde et particuli\u00e8rement de la soci\u00e9t\u00e9 belge, les membres du groupe explorent diff\u00e9rentes mani\u00e8res de sensibiliser les citoyens et citoyennes et les responsables politiques belges sur ces questions. Gr\u00e2ce \u00e0 leurs \u00e9changes et leurs exp\u00e9riences, ils d\u00e9veloppent \u00e9galement des pistes d\u2019action afin de remettre la politique et l&rsquo;\u00e9conomie au service de l\u2019humain.<\/p>\n\n\n\n<p><\/p>\n\n\n\n<h2 class=\"wp-block-heading\">Qu&rsquo;allons nous faire en 2023 ? <\/h2>\n\n\n\n<p>Une r\u00e9flexion dynamique, des analyses pointues sur divers sujets d&rsquo;actualit\u00e9, des rencontres avec d&rsquo;autres personnes engag\u00e9es, de la pizza ET UN PODCAST ! Le projet de cette ann\u00e9e est la r\u00e9alisation de plusieurs \u00e9missions \u00e0 diffuser et t\u00e9l\u00e9charger via tous nos canaux. Une bonne mani\u00e8re de diffuser notre contenu et de r\u00e9pondre \u00e0 nos objectifs fondamentaux. Une saison, 4 \u00e9pisodes sur des sujets que nous aurons choisis ENSEMBLE !<\/p>\n\n\n\n<p><\/p>\n\n\n\n<h2 class=\"wp-block-heading\">Le petit plus Justice et Paix<\/h2>\n\n\n\n<p>Pour r\u00e9aliser ce podcast, nous serons accompagn\u00e9\u00b7es par des partenaires associatifs, via une s\u00e9rie d&rsquo;ateliers pour nous former \u00e0 la r\u00e9alisation de ce format pl\u00e9biscit\u00e9 sur internet, dans une optique d&rsquo;\u00e9ducation permanents et d&rsquo;\u00e9ducation aux m\u00e9dias ! Le nombre de s\u00e9ances de formation et de tournage sera d\u00e9termin\u00e9 en fonction des attentes du groupe, du contenu, format choisi !<\/p>\n\n\n\n<p>Int\u00e9ress\u00e9\u00b7e? Contactez directement le responsable du projet en \u00e9crivant \u00e0 <a href=\"mailto:emmanuel.tshimanga@justicepaix.be\" target=\"_blank\" rel=\"noreferrer noopener\">emmanuel.tshimanga@justicepaix.be<\/a> !<\/p>","protected":false},"excerpt":{"rendered":"<p>The volunteer group ETHECOPOL (a clever contraction of ethics, economics and politics), is looking for participants to launch the very first season of its podcast! Want to try the adventure?<\/p>","protected":false},"author":63,"featured_media":24030,"comment_status":"open","ping_status":"open","sticky":false,"template":"","format":"standard","meta":{"_acf_changed":false,"_seopress_robots_primary_cat":"2696","_seopress_titles_title":"","_seopress_titles_desc":"","_seopress_robots_index":"","footnotes":""},"categories":[2689,2696],"tags":[2831,2814,2834],"class_list":["post-24003","post","type-post","status-publish","format-standard","has-post-thumbnail","hentry","category-activites","category-actualites","tag-acteurs-economiques","tag-developpement-durable","tag-union-europeenne"],"acf":[],"_links":{"self":[{"href":"https:\/\/www.justicepaix.be\/en\/wp-json\/wp\/v2\/posts\/24003","targetHints":{"allow":["GET"]}}],"collection":[{"href":"https:\/\/www.justicepaix.be\/en\/wp-json\/wp\/v2\/posts"}],"about":[{"href":"https:\/\/www.justicepaix.be\/en\/wp-json\/wp\/v2\/types\/post"}],"author":[{"embeddable":true,"href":"https:\/\/www.justicepaix.be\/en\/wp-json\/wp\/v2\/users\/63"}],"replies":[{"embeddable":true,"href":"https:\/\/www.justicepaix.be\/en\/wp-json\/wp\/v2\/comments?post=24003"}],"version-history":[{"count":0,"href":"https:\/\/www.justicepaix.be\/en\/wp-json\/wp\/v2\/posts\/24003\/revisions"}],"wp:featuredmedia":[{"embeddable":true,"href":"https:\/\/www.justicepaix.be\/en\/wp-json\/wp\/v2\/media\/24030"}],"wp:attachment":[{"href":"https:\/\/www.justicepaix.be\/en\/wp-json\/wp\/v2\/media?parent=24003"}],"wp:term":[{"taxonomy":"category","embeddable":true,"href":"https:\/\/www.justicepaix.be\/en\/wp-json\/wp\/v2\/categories?post=24003"},{"taxonomy":"post_tag","embeddable":true,"href":"https:\/\/www.justicepaix.be\/en\/wp-json\/wp\/v2\/tags?post=24003"}],"curies":[{"name":"wp","href":"https:\/\/api.w.org\/{rel}","templated":true}]}}