{"id":23991,"date":"2022-12-01T17:13:32","date_gmt":"2022-12-01T16:13:32","guid":{"rendered":"https:\/\/www.justicepaix.be\/?p=23991"},"modified":"2023-12-20T09:35:13","modified_gmt":"2023-12-20T08:35:13","slug":"reopening-of-mines-in-europe-issues-and-alternatives","status":"publish","type":"post","link":"https:\/\/www.justicepaix.be\/en\/reouverture-des-mines-en-europe-enjeux-et-alternatives\/","title":{"rendered":"Reopening of mines in Europe, challenges and alternatives"},"content":{"rendered":"\n<p><\/p>\n\n\n\n<p><strong>La r\u00e9ouverture des mines pourrait \u00eatre n\u00e9cessaire pour soutenir notre effort industriel, mais quel est le but r\u00e9el de ce d\u00e9veloppement&nbsp;?<\/strong><\/p>\n\n\n\n<div class=\"wp-block-cover is-light\"><span aria-hidden=\"true\" class=\"wp-block-cover__background has-background-dim\"><\/span><img fetchpriority=\"high\" decoding=\"async\" width=\"1024\" height=\"683\" class=\"wp-block-cover__image-background wp-image-23993\" alt=\"\" src=\"https:\/\/www.justicepaix.be\/wp-content\/uploads\/2022\/12\/Arthur-1-1024x683.jpg\" data-object-fit=\"cover\" srcset=\"https:\/\/www.justicepaix.be\/wp-content\/uploads\/2022\/12\/Arthur-1-1024x683.jpg 1024w, https:\/\/www.justicepaix.be\/wp-content\/uploads\/2022\/12\/Arthur-1-300x200.jpg 300w, https:\/\/www.justicepaix.be\/wp-content\/uploads\/2022\/12\/Arthur-1-768x512.jpg 768w, https:\/\/www.justicepaix.be\/wp-content\/uploads\/2022\/12\/Arthur-1-1536x1024.jpg 1536w, https:\/\/www.justicepaix.be\/wp-content\/uploads\/2022\/12\/Arthur-1-2048x1365.jpg 2048w\" sizes=\"(max-width: 1024px) 100vw, 1024px\" \/><div class=\"wp-block-cover__inner-container is-layout-flow wp-block-cover-is-layout-flow\">\n<p class=\"has-text-align-center has-large-font-size\"><\/p>\n<\/div><\/div>\n\n\n\n<p><\/p>\n\n\n\n<p>Dans le cadre de la Quinzaine de la solidarit\u00e9 organis\u00e9e par la Ville de Bruxelles, Justice et Paix a organis\u00e9e une rencontre-d\u00e9bat sur la question du retour de l\u2019activit\u00e9 mini\u00e8re en Europe et en Belgique. Les \u00e9changes ont eu lieu avec&nbsp;\u00c9ric Pirard de l\u2019ULg, Romain G\u00e9lin du Gr\u00e9s\u00e9a et G\u00e9raldine Duquenne d\u2019Etopia, et ont notamment permis de mieux comprendre et discuter les implications environnementales de l\u2019activit\u00e9 mini\u00e8re.<\/p>\n\n\n\n<h3 class=\"wp-block-heading\">Qu\u2019est-ce que nous consommons&nbsp;?<\/h3>\n\n\n\n<p>Notre besoin en mati\u00e8res premi\u00e8res cro\u00eet toujours, et ce pour trois raisons. D\u2019abord, notre d\u00e9mographie augmente, et nous avons toujours besoin de plus d\u2019infrastructures et de logements. Ensuite, nous vivons plus longtemps, et consommons donc plus longtemps les richesses de notre terre. Enfin, la qualit\u00e9 de vie de la population augmente, non seulement dans nos pays occidentaux, mais \u00e9galement dans les pays en voie de d\u00e9veloppement.<\/p>\n\n\n\n<p>L\u2019extraction de mati\u00e8res \u00e0 tripl\u00e9 depuis 1970, et doublera encore d\u2019ici 2060, pour atteindre 190 milliards de tonnes contre 92 en 2019 <a href=\"#_edn1\" id=\"_ednref1\">[i]<\/a>. Ces mati\u00e8res (qui comprennent les m\u00e9taux, les diff\u00e9rentes roches industrielles comme le calcaire, le sable ou l\u2019argile) sont n\u00e9cessaires pour nos biens de consommation quotidiens, mais \u00e9galement pour maintenir nos infrastructures, dans nos constructions, et dans nos produits de hautes technologies. Ces derniers sont devenus des \u00e9l\u00e9ments essentiels de nos modes de vie moderne, et nous n\u2019imaginons plus travailler sans ordinateur personnel, ou communiquer sans smartphone. Nos avanc\u00e9es technologiques nous ont \u00e9galement permis de d\u00e9velopper les \u00e9nergies \u00e9oliennes et photovolta\u00efques, qui sont indispensables pour notre transition \u00e9nerg\u00e9tique et pour r\u00e9duire notre empreinte carbone. Ce sont donc des \u00e9nergies-cl\u00e9s dans notre lutte contre le changement climatique, mais elles ont un co\u00fbt qui est souvent invisibilis\u00e9&nbsp;: le co\u00fbt en mati\u00e8re premi\u00e8re<a href=\"#_edn2\" id=\"_ednref2\">[ii]<\/a> .<\/p>\n\n\n\n<p>La plupart de ces mati\u00e8res premi\u00e8res que nous consommons est import\u00e9 depuis l\u2019\u00e9tranger. En effet, nous importons la majorit\u00e9 des m\u00e9taux n\u00e9cessaires \u00e0 notre consommation europ\u00e9enne depuis de nombreux pays, comme le Canada, l\u2019Australie, la Chine mais \u00e9galement de pays en voie de d\u00e9veloppement en Am\u00e9rique du sud et en Afrique. Les diff\u00e9rentes \u00e9tapes de la production de nos ressources min\u00e9rales, depuis l\u2019extraction jusqu\u2019\u00e0 la purification (l\u2019\u00e9tape de concentration de l\u2019\u00e9l\u00e9ment d\u2019int\u00e9r\u00eat, souvent tr\u00e8s polluante), se situent pour la plupart en-dehors de nos fronti\u00e8res, et leurs impacts sont \u00e9galement d\u00e9localis\u00e9s&nbsp;: pollution de l\u2019air, du sol et des eaux, d\u00e9placement des populations locales, impact sur les autres secteurs utilisant le sol, comme par exemple l\u2019agriculture\u2026<\/p>\n\n\n\n<p>Les gisements actuels sont des moins en moins riches et conduisent donc \u00e0 l\u2019augmentation de l\u2019\u00e9chelle des exploitations mini\u00e8res, entrainant de plus en plus de cons\u00e9quences environnementales et sociales. Sans parler de la probl\u00e9matique de la d\u00e9pendance strat\u00e9gique de certaines mati\u00e8res vis-\u00e0-vis des puissances \u00e9trang\u00e8res, comme le c\u00e9l\u00e8bre cas de la Chine faisant pression sur ses partenaires commerciaux avec sa production quasi-monopoliste des terres rares, indispensables pour produire nos \u00e9nergies vertes\u2026<\/p>\n\n\n\n<h3 class=\"wp-block-heading\">La r\u00e9ponse de l\u2019Union Europ\u00e9enne<\/h3>\n\n\n\n<p>L\u2019Union Europ\u00e9enne cherche \u00e0 faire r\u00e9ouvrir des mines sur le vieux continent, au travers notamment l\u2019initiative \u00ab&nbsp;mati\u00e8re premi\u00e8re&nbsp;\u00bb de 2008 (r\u00e9vis\u00e9e en 2011)<a href=\"#_edn3\" id=\"_ednref3\">[iii]<\/a>. Cette initiative l\u2019Union Europ\u00e9enne explore toutes les pistes pour s\u2019approvisionner en ressources, comme l\u2019\u00e9tablissement d\u2019accords entre les pays exportateurs et l\u2019Union, ou la promotion de l\u2019\u00e9conomie circulaire et l\u2019am\u00e9lioration des processus de recyclages. Elle est divis\u00e9e en trois piliers&nbsp;: le premier concerne la multiplication des trait\u00e9s et accords commerciaux entre les diff\u00e9rents pays riches en ressources et l\u2019Union Europ\u00e9enne. En facilitant les investissements dans ces pays, des nouvelles sources de mati\u00e8res premi\u00e8res pourraient \u00eatre exploit\u00e9es, ou m\u00eame d\u00e9couvertes, conduisant \u00e0 une augmentation de la prosp\u00e9rit\u00e9 \u00e9conomique du pays exportateur ainsi qu\u2019au soutiens de nos ambitions industrielles. Le deuxi\u00e8me pilier consiste \u00e0 nous approvisionner sur notre territoire europ\u00e9en, au travers de la r\u00e9ouverture des mines. Et le troisi\u00e8me enfin, consiste \u00e0 augmenter l\u2019investissement et la recherche dans les techniques de recyclage, et de promouvoir l\u2019\u00e9conomie circulaire. Dans cette analyse, nous aborderons les piliers 2 et 3, laissant de c\u00f4t\u00e9 les accords commerciaux.<\/p>\n\n\n\n<p>Sur papier, la r\u00e9ouverture des mines en Europe semble \u00eatre une solution id\u00e9ale&nbsp;: nous s\u00e9curiserions nos besoins strat\u00e9giques en mati\u00e8res premi\u00e8res, nous revitaliserions le tissu industriel et r\u00e9cup\u00e8rerions un savoir-faire qui a \u00e9t\u00e9 d\u00e9localis\u00e9, cela cr\u00e9erait de l\u2019emploi. En outre, nous ne reporterions plus la pollution g\u00e9n\u00e9r\u00e9e par les activit\u00e9s d\u2019extractions et de purification dans d\u2019autre r\u00e9gions du monde. Cependant, ces promesses soul\u00e8vent quelques questions. Les riverains et communaut\u00e9s locales, celles qui seraient potentiellement impact\u00e9es par les pollutions li\u00e9es \u00e0 ces activit\u00e9s, seront-ils r\u00e9ellement consult\u00e9s&nbsp;? Les cons\u00e9quences n\u00e9gatives de l\u2019exploitation des territoires seront-ils r\u00e9ellement pris en compte localement par les entreprises concern\u00e9es, ou chercheront-elles \u00e0 d\u00e9localiser leur responsabilit\u00e9&nbsp;? Et la production de mati\u00e8re en Europe remplacera-t-elle vraiment celle des pays du sud, ou s\u2019additionneront-elles juste pour satisfaire l\u2019app\u00e9tit de nos industries de plus en plus gourmandes&nbsp;?<\/p>\n\n\n\n<p>Le recyclage est souvent mentionn\u00e9 comme \u00e9tant la solution id\u00e9ale au probl\u00e8me des mati\u00e8res premi\u00e8res. Il est tentant de penser que nous n\u2019avons qu\u2019\u00e0 recycler nos d\u00e9chets pour couvrir nos besoins industriels. Avec cela, on n\u2019aurait m\u00eame plus besoin de l\u2019extraction primaire dans les mines&nbsp;! Ce n\u2019est bien \u00e9videmment pas si simple que cela. Le recyclage est un proc\u00e9d\u00e9 industriel lourd, utilisant beaucoup d\u2019\u00e9nergie (certes moins que si la mati\u00e8re \u00e9tait produite au travers d\u2019une mine), et polluant. De plus, nos produits de haute technologie int\u00e8grent de plus en plus d\u2019\u00e9l\u00e9ments (entre 40 et 60 pour un smartphone&nbsp;!), et ces \u00e9l\u00e9ments ne peuvent souvent pas physiquement \u00eatre s\u00e9par\u00e9 les uns des autres, ce qui conduit \u00e0 une perte in\u00e9vitable de mati\u00e8re. Imaginons m\u00eame que nous puissions r\u00e9cup\u00e9rer 95% d\u2019un \u00e9l\u00e9ment (chiffre tr\u00e8s \u00e9lev\u00e9 pour l\u2019exemple, qui se trouve g\u00e9n\u00e9ralement entre 10% et 50%) issu d\u2019un produit de haute technologie complexe, par exemple le lithium d\u2019une batterie de voiture \u00e9lectrique. Cela veut dire qu\u2019\u00e0 chaque cycle de recyclage, 5% de la mati\u00e8re est perdue. Apr\u00e8s 14 cycles, il ne vous reste plus que la moiti\u00e9 de la mati\u00e8re originale, ce qui entra\u00eene donc une n\u00e9cessit\u00e9 in\u00e9vitable de trouver de nouvelles sources de mati\u00e8res premi\u00e8res hors du recyclage.<\/p>\n\n\n\n<h3 class=\"wp-block-heading\">Les causes r\u00e9elles de l\u2019\u00e9puisement des ressources<\/h3>\n\n\n\n<p>Toutes ces mesures soignent les sympt\u00f4mes de notre surconsommation, mais pas la cause r\u00e9elle du probl\u00e8me. Notre consommation de mati\u00e8re n\u2019est pas r\u00e9fl\u00e9chie ni contr\u00f4l\u00e9e, et ne se traduit pas par une am\u00e9lioration de notre bien-\u00eatre quotidien&nbsp;; nous n\u2019avons probablement pas besoin de frigo connect\u00e9, ni d\u2019avoir un nouveau t\u00e9l\u00e9phone chaque ann\u00e9e pour \u00eatre heureux. Les nouvelles technologies sont aussi une source de fuite en avant&nbsp;: l\u2019impl\u00e9mentation des r\u00e9seaux 5G engendre un renouvellement des infrastructures, avec un co\u00fbt en mat\u00e9riaux derri\u00e8res\u2026 Et le changement de l\u2019enti\u00e8ret\u00e9 du parc automobile \u00e0 essence vers des voitures \u00e9lectriques ne se fera pas sans une pression extr\u00eame sur les gisements de Lithium, notamment, indispensable aux batteries.<\/p>\n\n\n\n<p>Nos ressources sur terre sont limit\u00e9es. Certain pensent repousser ces limites en allant chercher des ast\u00e9ro\u00efdes, ou en creusant les fonds marins. Ces solutions touchent plus \u00e0 la science-fiction qu\u2019a l\u2019acceptation de la r\u00e9alit\u00e9 qui nous concerne tous, et renforcent l\u2019id\u00e9e d\u2019un monde infini et infiniment commercialisable et exploitable, qui a \u00e9t\u00e9 le paradigme n\u00e9olib\u00e9ral \u00e9tabli depuis des d\u00e9cennies, voir des si\u00e8cles. Et m\u00eame si nous pouvions repousser nos limites, cela ne ferait qu\u2019augmenter le g\u00e2chis de ressources qui est \u00e0 la base de notre mode de vie. Il est grand temps que nous r\u00e9fl\u00e9chissions \u00e0 ce que sont nos besoins r\u00e9els, au niveau soci\u00e9tal comme individuel. Nous devons ralentir notre production et notre consommation de biens inutiles, et utiliser les mat\u00e9riaux n\u00e9cessaires \u00e0 la haute technologie l\u00e0 o\u00f9 ils sont potentiellement plus utiles (comme par exemple dans les sciences m\u00e9dicales). Ces discussions doivent se tenir dans les c\u00e9nacles politiques, mais peuvent \u00eatre \u00e9galement \u00eatre men\u00e9es par tout un chacun dans notre vie quotidienne, en ouvrant le d\u00e9bat avec nos repr\u00e9sentants, et en prenant le temps de pond\u00e9rer ce qui nous apporter du plaisir et du bonheur au jour le jour. Par exemple, vous pourriez vous rendre compte que consommer plus ne vous apporte pas plus de bien-\u00eatre, mais que consommer mieux (en vous renseignant sur les lignes \u00e9thiques des entreprises) s\u2019aligne plus dans votre philosophie. Vous pouvez \u00e9galement prendre le temps d\u2019\u00e9changer avec vos proches sur ces th\u00e9matiques, et peut-\u00eatre rejoindre un mouvement citoyen qui traite de ces questions.<\/p>\n\n\n\n<p><\/p>\n\n\n\n<p><strong>Arthur Longr\u00e9e.<\/strong><\/p>\n\n\n\n<hr class=\"wp-block-separator has-alpha-channel-opacity\"\/>\n\n\n\n<p><a href=\"#_ednref1\" id=\"_edn1\">[i]<\/a> Perspective des ressources mondiales 2019, ONU environnement.<\/p>\n\n\n\n<p>[ii] <a href=\"https:\/\/www.justicepaix.be\/quelle-transition-ecologique-pour-demain-energie-climat-metaux-partie-1\/\" target=\"_blank\" rel=\"noreferrer noopener\">https:\/\/www.justicepaix.be\/quelle-transition-ecologique-pour-demain-energie-climat-metaux-partie-1\/<\/a> <\/p>\n\n\n\n<p>[iii] <a href=\"https:\/\/eur-lex.europa.eu\/legal-content\/FR\/TXT\/HTML\/?uri=CELEX:52008DC0699&amp;from=FR\">https:\/\/eur-lex.europa.eu\/legal-content\/FR\/TXT\/HTML\/?uri=CELEX:52008DC0699&amp;from=FR<\/a><\/p>\n","protected":false},"excerpt":{"rendered":"<p>The reopening of mines could be necessary to support our industrial effort, but what is the real goal of this development?<\/p>","protected":false},"author":57,"featured_media":23993,"comment_status":"open","ping_status":"open","sticky":false,"template":"","format":"standard","meta":{"_acf_changed":false,"_seopress_robots_primary_cat":"2696","_seopress_titles_title":"","_seopress_titles_desc":"","_seopress_robots_index":"","footnotes":""},"categories":[2696,2722,2719],"tags":[2814,3136,2811,2834],"class_list":["post-23991","post","type-post","status-publish","format-standard","has-post-thumbnail","hentry","category-actualites","category-articles-nos-publications","category-nos-publications","tag-developpement-durable","tag-extract","tag-ressources-naturelles","tag-union-europeenne"],"acf":[],"_links":{"self":[{"href":"https:\/\/www.justicepaix.be\/en\/wp-json\/wp\/v2\/posts\/23991","targetHints":{"allow":["GET"]}}],"collection":[{"href":"https:\/\/www.justicepaix.be\/en\/wp-json\/wp\/v2\/posts"}],"about":[{"href":"https:\/\/www.justicepaix.be\/en\/wp-json\/wp\/v2\/types\/post"}],"author":[{"embeddable":true,"href":"https:\/\/www.justicepaix.be\/en\/wp-json\/wp\/v2\/users\/57"}],"replies":[{"embeddable":true,"href":"https:\/\/www.justicepaix.be\/en\/wp-json\/wp\/v2\/comments?post=23991"}],"version-history":[{"count":0,"href":"https:\/\/www.justicepaix.be\/en\/wp-json\/wp\/v2\/posts\/23991\/revisions"}],"wp:featuredmedia":[{"embeddable":true,"href":"https:\/\/www.justicepaix.be\/en\/wp-json\/wp\/v2\/media\/23993"}],"wp:attachment":[{"href":"https:\/\/www.justicepaix.be\/en\/wp-json\/wp\/v2\/media?parent=23991"}],"wp:term":[{"taxonomy":"category","embeddable":true,"href":"https:\/\/www.justicepaix.be\/en\/wp-json\/wp\/v2\/categories?post=23991"},{"taxonomy":"post_tag","embeddable":true,"href":"https:\/\/www.justicepaix.be\/en\/wp-json\/wp\/v2\/tags?post=23991"}],"curies":[{"name":"wp","href":"https:\/\/api.w.org\/{rel}","templated":true}]}}