{"id":23543,"date":"2022-09-05T16:01:42","date_gmt":"2022-09-05T14:01:42","guid":{"rendered":"https:\/\/www.justicepaix.be\/?p=23543"},"modified":"2023-07-26T14:12:29","modified_gmt":"2023-07-26T12:12:29","slug":"demain-aurons-nous-encore-assez-de-metaux-pour-faire-face-a-nos-besoins-carte-blanche-la-libre","status":"publish","type":"post","link":"https:\/\/www.justicepaix.be\/en\/demain-aurons-nous-encore-assez-de-metaux-pour-faire-face-a-nos-besoins-carte-blanche-la-libre\/","title":{"rendered":"\u201cTomorrow, will we still have enough metals to meet our needs? \u00bb Carte blanche \u2013 La Libre"},"content":{"rendered":"<figure class=\"wp-block-image size-large\"><img fetchpriority=\"high\" decoding=\"async\" width=\"1024\" height=\"576\" src=\"https:\/\/www.justicepaix.be\/wp-content\/uploads\/2022\/09\/solar-panels-and-wind-turbine-on-the-sky-background-1-1024x576.jpg\" alt=\"\" class=\"wp-image-23545\" srcset=\"https:\/\/www.justicepaix.be\/wp-content\/uploads\/2022\/09\/solar-panels-and-wind-turbine-on-the-sky-background-1-1024x576.jpg 1024w, https:\/\/www.justicepaix.be\/wp-content\/uploads\/2022\/09\/solar-panels-and-wind-turbine-on-the-sky-background-1-300x169.jpg 300w, https:\/\/www.justicepaix.be\/wp-content\/uploads\/2022\/09\/solar-panels-and-wind-turbine-on-the-sky-background-1-768x432.jpg 768w, https:\/\/www.justicepaix.be\/wp-content\/uploads\/2022\/09\/solar-panels-and-wind-turbine-on-the-sky-background-1-1536x864.jpg 1536w, https:\/\/www.justicepaix.be\/wp-content\/uploads\/2022\/09\/solar-panels-and-wind-turbine-on-the-sky-background-1-2048x1152.jpg 2048w\" sizes=\"(max-width: 1024px) 100vw, 1024px\" \/><figcaption>Image de Vanitjan sur Freepik <\/figcaption><\/figure>\n\n\n\n<p><\/p>\n\n\n\n<p>\u00ab\u00a0Nous avons besoin de plus en plus de m\u00e9taux, mais leur disponibilit\u00e9 limit\u00e9e et les impacts socio-environnementaux de leur extraction nous imposent d\u2019interroger la voie de la sobri\u00e9t\u00e9 collective. Il n\u2019y a en effet aucune alternative.\u00a0\u00bb<\/p>\n\n\n\n<p>Les enjeux du Green Deal et de la transition \u00e9cologique sont nombreux. Justice &amp; Paix traite, entre autres, des enjeux des m\u00e9taux, <strong>ressources strat\u00e9giques <\/strong>au centre de cette transition.<\/p>\n\n\n\n<p>Une carte blanche sign\u00e9e G\u00e9raldine Duquenne, charg\u00e9e de recherche et plaidoyer chez Justice &amp; Paix, \u00e0 retrouver <a href=\"https:\/\/www.lalibre.be\/debats\/opinions\/2022\/09\/02\/demain-aurons-nous-encore-assez-de-metaux-pour-faire-face-a-nos-besoins-6ICMIIXOQ5HJ7JNGHANXJDVSRM\/\" target=\"_blank\" rel=\"noreferrer noopener\">sur le site de La Libre<\/a>.<\/p>\n\n\n\n<p><\/p>\n\n\n\n<p>Good reading !<\/p>","protected":false},"excerpt":{"rendered":"<p>Carte blanche from G\u00e9raldine Duquenne, research and advocacy officer at the Justice &amp; Peace Commission. The Free.<\/p>","protected":false},"author":63,"featured_media":23549,"comment_status":"open","ping_status":"open","sticky":false,"template":"","format":"standard","meta":{"_acf_changed":false,"_seopress_robots_primary_cat":"2696","_seopress_titles_title":"","_seopress_titles_desc":"","_seopress_robots_index":"","footnotes":""},"categories":[2696,2846,2719],"tags":[2831,2814,2833,2811,3057],"class_list":["post-23543","post","type-post","status-publish","format-standard","has-post-thumbnail","hentry","category-actualites","category-dans-les-medias","category-nos-publications","tag-acteurs-economiques","tag-developpement-durable","tag-europe","tag-ressources-naturelles","tag-transition-ecologique"],"acf":[],"_links":{"self":[{"href":"https:\/\/www.justicepaix.be\/en\/wp-json\/wp\/v2\/posts\/23543","targetHints":{"allow":["GET"]}}],"collection":[{"href":"https:\/\/www.justicepaix.be\/en\/wp-json\/wp\/v2\/posts"}],"about":[{"href":"https:\/\/www.justicepaix.be\/en\/wp-json\/wp\/v2\/types\/post"}],"author":[{"embeddable":true,"href":"https:\/\/www.justicepaix.be\/en\/wp-json\/wp\/v2\/users\/63"}],"replies":[{"embeddable":true,"href":"https:\/\/www.justicepaix.be\/en\/wp-json\/wp\/v2\/comments?post=23543"}],"version-history":[{"count":0,"href":"https:\/\/www.justicepaix.be\/en\/wp-json\/wp\/v2\/posts\/23543\/revisions"}],"wp:featuredmedia":[{"embeddable":true,"href":"https:\/\/www.justicepaix.be\/en\/wp-json\/wp\/v2\/media\/23549"}],"wp:attachment":[{"href":"https:\/\/www.justicepaix.be\/en\/wp-json\/wp\/v2\/media?parent=23543"}],"wp:term":[{"taxonomy":"category","embeddable":true,"href":"https:\/\/www.justicepaix.be\/en\/wp-json\/wp\/v2\/categories?post=23543"},{"taxonomy":"post_tag","embeddable":true,"href":"https:\/\/www.justicepaix.be\/en\/wp-json\/wp\/v2\/tags?post=23543"}],"curies":[{"name":"wp","href":"https:\/\/api.w.org\/{rel}","templated":true}]}}