{"id":23400,"date":"2022-08-12T15:34:24","date_gmt":"2022-08-12T13:34:24","guid":{"rendered":"https:\/\/www.justicepaix.be\/?p=23400"},"modified":"2022-08-30T14:21:26","modified_gmt":"2022-08-30T12:21:26","slug":"sanctions-internationales-democratie-en-deroute","status":"publish","type":"post","link":"https:\/\/www.justicepaix.be\/en\/sanctions-internationales-democratie-en-deroute\/","title":{"rendered":"International sanctions: democracy in disarray"},"content":{"rendered":"\n<p>Avec l\u2019invasion de l\u2019Ukraine, la menace russe contraint l\u2019occident \u00e0 recourir aux sanctions internationales, g\u00e9n\u00e9rant une d\u00e9pendance \u00e9conomique des peuples et offrant une cl\u00e9 de lecture du discours d\u00e9mocratique en rupture avec l\u2019id\u00e9al qu\u2019il promeut.<\/p>\n\n\n\n<div class=\"wp-block-cover\"><span aria-hidden=\"true\" class=\"wp-block-cover__background has-background-dim\"><\/span><img fetchpriority=\"high\" decoding=\"async\" width=\"1024\" height=\"720\" class=\"wp-block-cover__image-background wp-image-23401\" alt=\"\" src=\"https:\/\/www.justicepaix.be\/wp-content\/uploads\/2022\/08\/PPPX2-1024x720.jpg\" data-object-fit=\"cover\" srcset=\"https:\/\/www.justicepaix.be\/wp-content\/uploads\/2022\/08\/PPPX2-1024x720.jpg 1024w, https:\/\/www.justicepaix.be\/wp-content\/uploads\/2022\/08\/PPPX2-300x211.jpg 300w, https:\/\/www.justicepaix.be\/wp-content\/uploads\/2022\/08\/PPPX2-768x540.jpg 768w, https:\/\/www.justicepaix.be\/wp-content\/uploads\/2022\/08\/PPPX2.jpg 1280w\" sizes=\"(max-width: 1024px) 100vw, 1024px\" \/><div class=\"wp-block-cover__inner-container is-layout-flow wp-block-cover-is-layout-flow\">\n<p class=\"has-text-align-center has-large-font-size\"><\/p>\n<\/div><\/div>\n\n\n\n<p><\/p>\n\n\n\n<h3 class=\"wp-block-heading\"><strong>Russie&nbsp;: entre menace et dissuasion<\/strong><\/h3>\n\n\n\n<p>Un des enjeux li\u00e9s au conflit en Ukraine aujourd\u2019hui est celui de la menace nucl\u00e9aire et, plus particuli\u00e8rement, celui de la dissuasion. Ce principe qui a vu le jour dans la seconde moiti\u00e9 du 20<sup>e<\/sup> si\u00e8cle dispose qu\u2019 \u00ab&nbsp;<a href=\"https:\/\/www.lemonde.fr\/international\/article\/2022\/03\/04\/comprendre-la-menace-de-l-arme-nucleaire-en-10-questions_6116176_3210.html#huit-anchor-qu-est-ce-que-la-dis\" target=\"_blank\" rel=\"noreferrer noopener\">un \u00c9tat qui lancerait une attaque nucl\u00e9aire s\u2019expose irr\u00e9m\u00e9diablement \u00e0 des repr\u00e9sailles au moins \u00e9gales aux cons\u00e9quences subies par son adversaire&nbsp;<\/a>\u00bb. La d\u00e9tention multilat\u00e9rale de l\u2019arme atomique serait donc un frein \u00e0 son utilisation. Une vision contestable si l\u2019on se penche sur la doctrine russe qui consid\u00e8re cet arsenal comme pouvant r\u00e9pondre \u00e0 des attaques non nucl\u00e9aires si l\u2019existence m\u00eame de l\u2019\u00c9tat est en question&nbsp;<a id=\"_ftnref1\" href=\"#_ftn1\">[1]<\/a>. Par ailleurs, le pr\u00e9sident russe a r\u00e9cemment d\u00e9clar\u00e9 qu\u2019il n\u2019h\u00e9siterait pas \u00e0 mener une riposte \u00ab&nbsp;<a href=\"https:\/\/www.lalibre.be\/international\/europe\/2022\/04\/27\/nous-avons-des-armes-que-personne-dautre-na-nous-allons-les-utiliser-sil-le-faut-poutine-met-en-garde-contre-toute-intervention-exterieure-dans-le-conflit-en-ukraine-KEKPE3TDENACFGN3UFNN77YCII\/\" target=\"_blank\" rel=\"noreferrer noopener\">rapide et foudroyante&nbsp;\u00bb avec ses armes \u00ab&nbsp;les plus modernes&nbsp;\u00bb si la communaut\u00e9 internationale venait \u00e0 s\u2019ing\u00e9rer dans le conflit ukrainien<\/a>. Compte tenu de la r\u00e9cente d\u00e9monstration de force russe avec le d\u00e9ploiement de Satan II<a id=\"_ftnref2\" href=\"#_ftn2\">[2]<\/a>, missile pouvant \u00eatre \u00e9quip\u00e9 d\u2019ogives nucl\u00e9aires, il y a des raisons de croire que c\u2019est de cette arme dont il s\u2019agit quand Vladimir Poutine s\u2019en r\u00e9f\u00e8re \u00ab&nbsp;<a href=\"https:\/\/www.youtube.com\/watch?v=TMIh8bnXc38\" target=\"_blank\" rel=\"noreferrer noopener\">[aux] plus modernes<\/a>&nbsp;\u00bb. Par cons\u00e9quent, la dissuasion nucl\u00e9aire reste donc, dans le cas qui nous occupe, un pr\u00e9suppos\u00e9 fragile bas\u00e9 sur un principe contre-intuitif et paradoxal, lequel fait tout de m\u00eame penser qu\u2019\u00e9carter cette \u00e9ventualit\u00e9 rel\u00e8verait de l\u2019h\u00e9r\u00e9sie<a id=\"_ftnref3\" href=\"#_ftn3\">[3]<\/a>.<\/p>\n\n\n\n<h3 class=\"wp-block-heading\"><strong>Privil\u00e9gier d\u2019autres formes de conflit<\/strong><\/h3>\n\n\n\n<p>Quoi qu\u2019il en soit, que l\u2019arme atomique soit dissuasive ou non, on ne peut lui retirer que sa possession implique, pour un \u00e9ventuel bellig\u00e9rant, d\u2019y r\u00e9fl\u00e9chir \u00e0 deux fois avant d\u2019agresser militairement un autre \u00c9tat. <a href=\"https:\/\/blogs.letemps.ch\/foraus\/2022\/03\/31\/quels-objectifs-pour-les-sanctions-contre-la-russie\/\">D\u00e8s lors,<\/a> <a href=\"https:\/\/www.lesechos.fr\/idees-debats\/cercle\/opinion-le-paradoxe-nucleaire-et-les-sanctions-economiques-1393444\" target=\"_blank\" rel=\"noreferrer noopener\">l\u2019arme atomique a en tout cas pour effet de privil\u00e9gier, \u00e0 court terme, des \u00ab&nbsp;formes alternatives de conflit&nbsp;\u00bb telles que la mise en place de sanctions internationales<\/a>. Un processus qui semble ici tr\u00e8s th\u00e9orique, mais dont l\u2019application n\u2019aura \u00e9chapp\u00e9 \u00e0 personne \u00e0 l\u2019aune du conflit russo-ukrainien et des nombreuses sanctions prises par plusieurs \u00c9tats, dont la Belgique, \u00e0 l\u2019encontre de la Russie. \u00c0 titre d\u2019exemple, on peut citer la d\u00e9cision de l\u2019Allemagne de ne pas certifier le gazoduc Nord Stream 2 \u00e0 la suite de la reconnaissance du Donbass par la Russie. N\u00e9anmoins, lorsqu\u2019un \u00c9tat s\u2019engage dans un tel conflit, les sanctions qu\u2019il impose impactent l\u2019\u00e9conomie adverse, mais \u00e9galement la sienne&nbsp;; d\u2019abord en raison de la r\u00e9plique potentielle, ensuite parce que ces mesures ont un effet sur ses propres affaires (si l\u2019UE cr\u00e9ait un embargo sur le gaz russe, elle se priverait elle-m\u00eame de ce gaz). Ainsi, ce n\u2019est pas sans sacrifice que l\u2019Allemagne a renonc\u00e9 \u00e0 la certification de ce gazoduc. Mais ce constat soul\u00e8ve un enjeu&nbsp;plus profond&nbsp;: celui de la d\u00e9mocratie.<\/p>\n\n\n\n<h3 class=\"wp-block-heading\"><strong>Prot\u00e9ger la libert\u00e9, \u00e0 quel prix&nbsp;?<\/strong><\/h3>\n\n\n\n<p>L\u2019invasion de l\u2019Ukraine par la Russie nous renvoie, dans une sorte d\u2019exhalaison du \u00ab&nbsp;sentiment&nbsp;\u00bb d\u00e9mocratique, \u00e0 la n\u00e9cessit\u00e9 absolue de p\u00e9renniser notre mod\u00e8le envers et contre tout. C\u2019est en tout cas ce que semblent indiquer les d\u00e9clarations de plusieurs dirigeants belges et europ\u00e9ens. On peut citer \u00e0 ce titre notre Premier ministre, Alexander De Croo&nbsp;: \u00ab&nbsp;<a href=\"https:\/\/www.lachambre.be\/media\/index.html?language=fr&amp;sid=55P165\" target=\"_blank\" rel=\"noreferrer noopener\">l\u2019attaque de Poutine est une attaque contre la libert\u00e9<\/a>&nbsp;\u00bb, une mani\u00e8re de dire que l\u2019invasion russe ne vise pas \u00e0 contrecarrer l\u2019\u00e9largissement de l\u2019OTAN, mais \u00e0 pourfendre les d\u00e9mocraties europ\u00e9ennes. Et Ursula Von der Leyen, pr\u00e9sidente de la Commission europ\u00e9enne d\u2019ajouter&nbsp;: \u00ab&nbsp;<a href=\"https:\/\/www.youtube.com\/watch?v=VImDd1ypZCY\" target=\"_blank\" rel=\"noreferrer noopener\">oui, prot\u00e9ger notre libert\u00e9 a un prix (\u2026), mais nous le payons volontiers, car cette libert\u00e9 n\u2019a pas de prix trop \u00e9lev\u00e9<\/a>&nbsp;\u00bb. Mais la contestation de l\u2019imp\u00e9rialisme russe doit-elle se faire \u00e0 tout prix&nbsp;? Quel impact cette entreprise aura-t-elle sur la d\u00e9mocratie belge&nbsp;? Et la d\u00e9fense de nos valeurs d\u00e9mocratiques par le biais d\u2019une bellig\u00e9rance \u00e9conomique n\u2019est-elle pas contre-productive&nbsp;?<\/p>\n\n\n\n<p>Avant la pand\u00e9mie de COVID-19, la d\u00e9mocratie \u00e9tait d\u00e9j\u00e0 devenue un mod\u00e8le fragile. L\u2019av\u00e8nement du virus a ensuite entrain\u00e9 l\u2019\u00e9mergence d\u2019une centralisation des pouvoirs des gouvernements \u00e0 travers le monde. Si bien que, depuis 1995, jamais autant de pays n\u2019avaient vu leur r\u00e9gime basculer vers des mod\u00e8les autoritaires<a href=\"#_ftn4\" id=\"_ftnref4\">[4]<\/a>. Dans les premiers mois de la pand\u00e9mie, la Belgique a par exemple \u00e9t\u00e9 r\u00e9gie par un gouvernement en affaires courantes devenues gouvernement de plein exercice et b\u00e9n\u00e9ficiant de pouvoirs sp\u00e9ciaux amoindrissant nos libert\u00e9s civiles et politiques alors m\u00eame que la population n\u2019avait pas \u00e9t\u00e9 consult\u00e9e. Et voici maintenant que pleuvent des sanctions internationales aggravant une r\u00e9cession \u00e9conomique d\u00e9j\u00e0 bien install\u00e9e. Alors m\u00eame qu\u2019elles tendent \u00e0 d\u00e9noncer un r\u00e9gime autoritaire qui asservit son peuple, ces sanctions permettent-elles r\u00e9ellement de soutenir notre d\u00e9mocratie&nbsp;?<\/p>\n\n\n\n<p><a href=\"https:\/\/www.researchgate.net\/publication\/354838943_The_effect_of_sanctions_on_economic_freedom\" target=\"_blank\" rel=\"noreferrer noopener\">\u00c9conomie et d\u00e9mocratie sont \u00e9troitement li\u00e9es en ce sens que la croissance \u00e9conomique est corr\u00e9l\u00e9e \u00e0 la promotion et \u00e0 la sauvegarde des libert\u00e9s individuelles<\/a>. Ainsi, \u00e0 l\u2019Ouest, les sanctions ont pour effet d\u2019accroitre la d\u00e9pendance \u00e9conomique des citoyens europ\u00e9ens \u00e0 leurs \u00c9tats respectifs, lesquels prennent une place de plus en plus importante dans la r\u00e9gulation \u00e9conomique, justifi\u00e9e par la n\u00e9cessit\u00e9 de r\u00e9pondre aux r\u00e9percussions de ces sanctions<a id=\"_ftnref5\" href=\"#_ftn5\">[5]<\/a>.<\/p>\n\n\n\n<p>Alors si, la protection des libert\u00e9s a un co\u00fbt \u00e0 la fois d\u00e9mocratique et p\u00e9cunier. Ce co\u00fbt peut s\u2019\u00e9valuer par divers indices comme l\u2019inflation, le panier de la m\u00e9nag\u00e8re, le prix des hydrocarbures, la baisse de croissance, le pouvoir d\u2019achat \u2026 Un co\u00fbt qui se r\u00e9percute bien plus durement sur les personnes pr\u00e9caris\u00e9es.<\/p>\n\n\n\n<h3 class=\"wp-block-heading\"><strong>Entretenir la d\u00e9mocratie<\/strong><\/h3>\n\n\n\n<p>Dans cette p\u00e9riode de recul d\u00e9mocratique g\u00e9n\u00e9ralis\u00e9, o\u00f9 \u00ab&nbsp;l\u2019olicratie&nbsp;\u00bb<a href=\"#_ftn6\" id=\"_ftnref6\">[6]<\/a> des dirigeants occidentaux semble enfoncer un clou suppl\u00e9mentaire dans le cercueil de la d\u00e9mocratie, que pouvons-nous faire, \u00e0 notre \u00e9chelle, pour endiguer ce ph\u00e9nom\u00e8ne&nbsp;?<\/p>\n\n\n\n<p>L\u2019entretien continu de la d\u00e9mocratie constitue alors le moyen le plus efficace d\u2019\u00e9viter son \u00e9rosion&nbsp;: faire valoir ses droits, manifester, s\u2019engager, d\u00e9battre \u2026 est autant de leviers qui permettent au citoyen de se faire entendre d\u2019une part, et de contr\u00f4ler l\u2019action du gouvernement d\u2019autre part. La d\u00e9mocratie participative, en ce qu\u2019elle constitue une institutionnalisation de ce contr\u00f4le citoyen, est une des meilleures fa\u00e7ons de r\u00e9aliser cet entretien continu de notre r\u00e9gime et d\u2019\u00e9viter son basculement vers une forme autoritaire. Par ailleurs, le d\u00e9bat permanent entre la nation et ses repr\u00e9sentants permet au citoyen de conserver un regard critique sur les r\u00e9gimes autoritaires comme la Russie ainsi que de penser et d\u2019organiser des formes d\u2019aide ou de soutien aux populations en souffrance, comme nous l\u2019avons vu avec l\u2019Ukraine.<\/p>\n\n\n\n<p>Cette demande de participation de la part du citoyen se fait de plus en plus pressante pour le gouvernement belge qui semble avoir initi\u00e9 un travail en ce sens. La plateforme digitale \u00ab&nbsp;Un pays pour demain&nbsp;\u00bb constitue \u00e0 cet \u00e9gard le premier pas d\u2019un long chemin vers une forme plus moderne de d\u00e9mocratie. Notre r\u00f4le, en tant que citoyen, est de saisir chacune de ces opportunit\u00e9s pour faire entendre notre voix. Cette plateforme va-t-elle tout changer&nbsp;? Certainement pas. Elle doit \u00e9videmment s\u2019int\u00e9grer au sein d\u2019une politique plus large r\u00e9formant les relations que nous avons avec nos dirigeants et nos institutions. Mais pour ce faire, le citoyen doit s\u2019en emparer.<\/p>\n\n\n\n<p><strong>Samuel Meurisse.<\/strong><\/p>\n\n\n\n<hr class=\"wp-block-separator has-alpha-channel-opacity\"\/>\n\n\n\n<p><a href=\"#_ftnref1\" id=\"_ftn1\">[1]<\/a> Carole Grimaud Potter, professeure de g\u00e9opolitique de la Russie universit\u00e9 Paul-Val\u00e9ry Montpellier 3, Institut diplomatique de Paris et <em>c.f. <\/em>n.b. n\u00b01.<\/p>\n\n\n\n<p><a href=\"#_ftnref2\" id=\"_ftn2\">[2]<\/a> RS-28 Sarmat.<\/p>\n\n\n\n<p><a href=\"#_ftnref3\" id=\"_ftn3\">[3]<\/a> Bosserelle, E., \u00ab&nbsp;La guerre \u00e9conomique, forme moderne de la guerre&nbsp;?&nbsp;\u00bb, dans <em>Revue Fran\u00e7aise de Socio-\u00c9conomie, <\/em>n\u00b08, 2011, pp. 167-186.<\/p>\n\n\n\n<p><a href=\"#_ftnref4\" id=\"_ftn4\">[4]<\/a> International IDEA, \u00ab&nbsp;The global state of democracy 2021&nbsp;\u00bb, 2021.<\/p>\n\n\n\n<p><a href=\"#_ftnref5\" id=\"_ftn5\">[5]<\/a> <em>C. f.<\/em>, n.b. n\u00b011.<\/p>\n\n\n\n<p><a href=\"#_ftnref6\" id=\"_ftn6\">[6]<\/a> Contraction d\u2019oligarchie et d\u00e9mocratie.<\/p>\n","protected":false},"excerpt":{"rendered":"<p>With the invasion of Ukraine, the Russian threat forces the West to resort to international sanctions, generating economic dependence among peoples and offering a key to understanding the democratic discourse at odds with the ideal it promotes.<\/p>","protected":false},"author":57,"featured_media":23401,"comment_status":"open","ping_status":"open","sticky":false,"template":"","format":"standard","meta":{"_acf_changed":false,"_seopress_robots_primary_cat":"2696","_seopress_titles_title":"","_seopress_titles_desc":"","_seopress_robots_index":"","footnotes":""},"categories":[2696,2722,2719],"tags":[2831,2835,2805,2807],"class_list":["post-23400","post","type-post","status-publish","format-standard","has-post-thumbnail","hentry","category-actualites","category-articles-nos-publications","category-nos-publications","tag-acteurs-economiques","tag-democratie","tag-geopolitique","tag-organisations-internationales"],"acf":[],"_links":{"self":[{"href":"https:\/\/www.justicepaix.be\/en\/wp-json\/wp\/v2\/posts\/23400","targetHints":{"allow":["GET"]}}],"collection":[{"href":"https:\/\/www.justicepaix.be\/en\/wp-json\/wp\/v2\/posts"}],"about":[{"href":"https:\/\/www.justicepaix.be\/en\/wp-json\/wp\/v2\/types\/post"}],"author":[{"embeddable":true,"href":"https:\/\/www.justicepaix.be\/en\/wp-json\/wp\/v2\/users\/57"}],"replies":[{"embeddable":true,"href":"https:\/\/www.justicepaix.be\/en\/wp-json\/wp\/v2\/comments?post=23400"}],"version-history":[{"count":0,"href":"https:\/\/www.justicepaix.be\/en\/wp-json\/wp\/v2\/posts\/23400\/revisions"}],"wp:featuredmedia":[{"embeddable":true,"href":"https:\/\/www.justicepaix.be\/en\/wp-json\/wp\/v2\/media\/23401"}],"wp:attachment":[{"href":"https:\/\/www.justicepaix.be\/en\/wp-json\/wp\/v2\/media?parent=23400"}],"wp:term":[{"taxonomy":"category","embeddable":true,"href":"https:\/\/www.justicepaix.be\/en\/wp-json\/wp\/v2\/categories?post=23400"},{"taxonomy":"post_tag","embeddable":true,"href":"https:\/\/www.justicepaix.be\/en\/wp-json\/wp\/v2\/tags?post=23400"}],"curies":[{"name":"wp","href":"https:\/\/api.w.org\/{rel}","templated":true}]}}