{"id":22785,"date":"2022-05-06T09:39:34","date_gmt":"2022-05-06T07:39:34","guid":{"rendered":"https:\/\/www.justicepaix.be\/?p=22785"},"modified":"2022-05-09T12:04:52","modified_gmt":"2022-05-09T10:04:52","slug":"pour-parler-de-paix-n118-la-vie-apres-le-coronavirus","status":"publish","type":"post","link":"https:\/\/www.justicepaix.be\/en\/pour-parler-de-paix-n118-la-vie-apres-le-coronavirus\/","title":{"rendered":"Pour Parler de Paix n\u00b0118 \u2013 Life after the coronavirus"},"content":{"rendered":"<div class=\"wp-block-image\"><figure class=\"aligncenter size-full\"><img fetchpriority=\"high\" decoding=\"async\" width=\"380\" height=\"382\" src=\"https:\/\/www.justicepaix.be\/wp-content\/uploads\/2022\/05\/PPPP.png\" alt=\"\" class=\"wp-image-22786\" srcset=\"https:\/\/www.justicepaix.be\/wp-content\/uploads\/2022\/05\/PPPP.png 380w, https:\/\/www.justicepaix.be\/wp-content\/uploads\/2022\/05\/PPPP-298x300.png 298w, https:\/\/www.justicepaix.be\/wp-content\/uploads\/2022\/05\/PPPP-150x150.png 150w\" sizes=\"(max-width: 380px) 100vw, 380px\" \/><\/figure><\/div>\n\n\n\n\n\n<p>Si nous ne pouvons pas pr\u00e9tendre que le coronavirus appartient au pass\u00e9, <strong>deux ans de crise sanitaire<\/strong> se sont n\u00e9anmoins \u00e9coul\u00e9s et il semble indispensable de prendre le temps de revenir sur celles-ci.<\/p>\n\n\n\n<p>Le comit\u00e9 de r\u00e9daction du <strong>To Talk About Peace<\/strong> s&rsquo;attaque \u00e0 la pand\u00e9mie ! D\u00e9fis, relations internationales, \u00ab\u00a0monde d&rsquo;apr\u00e8s\u00a0\u00bb, solidarit\u00e9, t\u00e9l\u00e9travail &amp; num\u00e9risation, etc.<\/p>\n\n\n\n<p><strong>L&rsquo;\u00e9pid\u00e9mie de coronavirus<\/strong> a pris une place non n\u00e9gligeable dans <strong>nos vies<\/strong>, <strong>nos m\u00e9dias<\/strong>, <strong>nos relations<\/strong> or <strong>our agenda<\/strong>. Les volontaires et permanent\u00b7es de Justice &amp; Paix vous pr\u00e9sentent <strong>leur regard<\/strong> et leurs interrogations sur <strong>\u00ab\u00a0La vie apr\u00e8s le coronavirus\u00a0\u00bb<\/strong><\/p>\n\n\n\n<p><strong>Good reading !<\/strong><\/p>\n\n\n\n<p><\/p>\n\n\n\n<h3 class=\"wp-block-heading\">You too can participate in the writing of our quarterly magazine: Pour Parler de Paix<\/h3>\n\n\n\n<p>This review is written by part of&nbsp;<a href=\"https:\/\/www.justicepaix.be\/en\/contact-us\/\">our team<\/a>&nbsp;permanent staff and&nbsp;<strong>thanks to the valuable help of our volunteers<\/strong>. Want to join the editorial team? Do you want to express yourself on a subject? Contact Mila Gatti:&nbsp;<strong><a href=\"mailto:mila.gatti@justicepaix.be\">mila.gatti@justicepaix.be<\/a><\/strong><\/p>\n\n\n\n<p><\/p>\n\n\n\n<h3 class=\"wp-block-heading\">Would you like to receive this leaflet in paper version?<\/h3>\n\n\n\n<p>THE <strong>To Talk About Peace<\/strong> is available in PDF version for free on our&nbsp;<a href=\"https:\/\/www.justicepaix.be\/en\/category\/our-publications\/les-numeros\/\">website<\/a>. You can also receive the magazine in paper version at your home by&nbsp;<a href=\"https:\/\/crm-cjp.be\/spip.php?page=inscription_public&amp;id_operation=2\">subscribe here<\/a>.<\/p>\n\n\n\n<div data-wp-interactive=\"core\/file\" class=\"wp-block-file\"><object data-wp-bind--hidden=\"!state.hasPdfPreview\" hidden class=\"wp-block-file__embed\" data=\"https:\/\/www.justicepaix.be\/wp-content\/uploads\/2022\/05\/Justice-Paix-Pour-parler-de-paix-N\u00b0118-02.pdf\" type=\"application\/pdf\" style=\"width:100%;height:600px\" aria-label=\"Embed of Contenu embarqu\u00e9 Justice-Paix-Pour-parler-de-paix-N\u00b0118-02..\"><\/object><a id=\"wp-block-file--media-6abac36a-2d96-4bac-bff7-34127a322c3f\" href=\"https:\/\/www.justicepaix.be\/wp-content\/uploads\/2022\/05\/Justice-Paix-Pour-parler-de-paix-N\u00b0118-02.pdf\">Justice-Paix-Pour-parler-de-paix-N\u00b0118-02<\/a><a href=\"https:\/\/www.justicepaix.be\/wp-content\/uploads\/2022\/05\/Justice-Paix-Pour-parler-de-paix-N\u00b0118-02.pdf\" class=\"wp-block-file__button\" download aria-describedby=\"wp-block-file--media-6abac36a-2d96-4bac-bff7-34127a322c3f\">Download<\/a><\/div>\n\n\n\n<p><\/p>","protected":false},"excerpt":{"rendered":"<p>If we cannot pretend that the coronavirus belongs to the past, two years of health crisis have nevertheless passed and it seems essential to take the time to look back on them.<\/p>","protected":false},"author":63,"featured_media":22786,"comment_status":"open","ping_status":"open","sticky":false,"template":"","format":"standard","meta":{"_acf_changed":false,"_seopress_robots_primary_cat":"2719","_seopress_titles_title":"","_seopress_titles_desc":"","_seopress_robots_index":"","footnotes":""},"categories":[2696,2719,2726],"tags":[2831,3052,2835,2848,2834],"class_list":["post-22785","post","type-post","status-publish","format-standard","has-post-thumbnail","hentry","category-actualites","category-nos-publications","category-les-numeros","tag-acteurs-economiques","tag-coronavirus","tag-democratie","tag-revue-pour-parler-de-paix","tag-union-europeenne"],"acf":[],"_links":{"self":[{"href":"https:\/\/www.justicepaix.be\/en\/wp-json\/wp\/v2\/posts\/22785","targetHints":{"allow":["GET"]}}],"collection":[{"href":"https:\/\/www.justicepaix.be\/en\/wp-json\/wp\/v2\/posts"}],"about":[{"href":"https:\/\/www.justicepaix.be\/en\/wp-json\/wp\/v2\/types\/post"}],"author":[{"embeddable":true,"href":"https:\/\/www.justicepaix.be\/en\/wp-json\/wp\/v2\/users\/63"}],"replies":[{"embeddable":true,"href":"https:\/\/www.justicepaix.be\/en\/wp-json\/wp\/v2\/comments?post=22785"}],"version-history":[{"count":0,"href":"https:\/\/www.justicepaix.be\/en\/wp-json\/wp\/v2\/posts\/22785\/revisions"}],"wp:featuredmedia":[{"embeddable":true,"href":"https:\/\/www.justicepaix.be\/en\/wp-json\/wp\/v2\/media\/22786"}],"wp:attachment":[{"href":"https:\/\/www.justicepaix.be\/en\/wp-json\/wp\/v2\/media?parent=22785"}],"wp:term":[{"taxonomy":"category","embeddable":true,"href":"https:\/\/www.justicepaix.be\/en\/wp-json\/wp\/v2\/categories?post=22785"},{"taxonomy":"post_tag","embeddable":true,"href":"https:\/\/www.justicepaix.be\/en\/wp-json\/wp\/v2\/tags?post=22785"}],"curies":[{"name":"wp","href":"https:\/\/api.w.org\/{rel}","templated":true}]}}