{"id":22728,"date":"2022-04-21T15:50:22","date_gmt":"2022-04-21T13:50:22","guid":{"rendered":"https:\/\/www.justicepaix.be\/?p=22728"},"modified":"2022-04-21T15:50:24","modified_gmt":"2022-04-21T13:50:24","slug":"face-au-conflit-en-ukraine-comment-oeuvrer-pour-la-paix-depuis-la-belgique-bruxelles-ma-belge-rcf","status":"publish","type":"post","link":"https:\/\/www.justicepaix.be\/en\/face-au-conflit-en-ukraine-comment-oeuvrer-pour-la-paix-depuis-la-belgique-bruxelles-ma-belge-rcf\/","title":{"rendered":"Faced with the conflict in Ukraine, how can we work for peace from Belgium? \u2013 Brussels my Belgian, RCF"},"content":{"rendered":"<p>Pourquoi la guerre qui s\u00e9vit en Ukraine nous touche t-elle plus que d\u2019autres?<\/p>\n\n\n\n<p>Et surtout comment, depuis la Belgique, pouvons-nous \u0153uvrer et garder la paix en ligne de mire?<\/p>\n\n\n\n<p>C\u2019est ce que Timur Ulu\u00e7, secr\u00e9taire g\u00e9n\u00e9ral de la Commission Justice &amp; Paix nous explique.<\/p>\n\n\n\n<p>Retrouvez l&rsquo;enti\u00e8ret\u00e9 du podcast <a href=\"https:\/\/rcf.fr\/psychologie\/lair-du-temps?episode=228474\" target=\"_blank\" rel=\"noreferrer noopener\">on the RCF website.<\/a><\/p>\n\n\n\n<p>Timur Ulu\u00e7 a r\u00e9cemment sign\u00e9 une tribune dans La Libre: \u00ab\u00a0Face au conflit en Ukraine, comme se positionner pour la paix, depuis la Belgique?\u00a0\u00bb, retrouvez la <a href=\"https:\/\/www.lalibre.be\/debats\/opinions\/2022\/03\/26\/face-au-conflit-en-ukraine-comment-se-positionner-pour-la-paix-depuis-la-belgique-UCJUYZCFZFHBJKNKSRYNA2TZH4\/\" target=\"_blank\" rel=\"noreferrer noopener\">sur le site de La Libre Belgique.<\/a><\/p>\n\n\n\n<p>Merci \u00e0 Delphine Freyssinet et \u00e0 l&rsquo;\u00e9quipe de RCF.<\/p>","protected":false},"excerpt":{"rendered":"<p>Why does the war in Ukraine affect us more than others?<\/p>","protected":false},"author":63,"featured_media":17190,"comment_status":"open","ping_status":"open","sticky":false,"template":"","format":"standard","meta":{"_acf_changed":false,"_seopress_robots_primary_cat":"2696","_seopress_titles_title":"","_seopress_titles_desc":"","_seopress_robots_index":"","footnotes":""},"categories":[2696,2846,2719],"tags":[2831,2835,2825,2834],"class_list":["post-22728","post","type-post","status-publish","format-standard","has-post-thumbnail","hentry","category-actualites","category-dans-les-medias","category-nos-publications","tag-acteurs-economiques","tag-democratie","tag-prevention-des-conflits","tag-union-europeenne"],"acf":[],"_links":{"self":[{"href":"https:\/\/www.justicepaix.be\/en\/wp-json\/wp\/v2\/posts\/22728","targetHints":{"allow":["GET"]}}],"collection":[{"href":"https:\/\/www.justicepaix.be\/en\/wp-json\/wp\/v2\/posts"}],"about":[{"href":"https:\/\/www.justicepaix.be\/en\/wp-json\/wp\/v2\/types\/post"}],"author":[{"embeddable":true,"href":"https:\/\/www.justicepaix.be\/en\/wp-json\/wp\/v2\/users\/63"}],"replies":[{"embeddable":true,"href":"https:\/\/www.justicepaix.be\/en\/wp-json\/wp\/v2\/comments?post=22728"}],"version-history":[{"count":0,"href":"https:\/\/www.justicepaix.be\/en\/wp-json\/wp\/v2\/posts\/22728\/revisions"}],"wp:featuredmedia":[{"embeddable":true,"href":"https:\/\/www.justicepaix.be\/en\/wp-json\/wp\/v2\/media\/17190"}],"wp:attachment":[{"href":"https:\/\/www.justicepaix.be\/en\/wp-json\/wp\/v2\/media?parent=22728"}],"wp:term":[{"taxonomy":"category","embeddable":true,"href":"https:\/\/www.justicepaix.be\/en\/wp-json\/wp\/v2\/categories?post=22728"},{"taxonomy":"post_tag","embeddable":true,"href":"https:\/\/www.justicepaix.be\/en\/wp-json\/wp\/v2\/tags?post=22728"}],"curies":[{"name":"wp","href":"https:\/\/api.w.org\/{rel}","templated":true}]}}