{"id":22389,"date":"2022-03-29T11:17:29","date_gmt":"2022-03-29T09:17:29","guid":{"rendered":"https:\/\/www.justicepaix.be\/?p=22389"},"modified":"2022-04-05T12:46:18","modified_gmt":"2022-04-05T10:46:18","slug":"face-au-conflit-en-ukraine-comment-se-positionner-pour-la-paix-depuis-la-belgique-carte-blanche-la-libre","status":"publish","type":"post","link":"https:\/\/www.justicepaix.be\/en\/face-au-conflit-en-ukraine-comment-se-positionner-pour-la-paix-depuis-la-belgique-carte-blanche-la-libre\/","title":{"rendered":"Faced with the conflict in Ukraine: how to position yourself for Peace, from Belgium? \u2013 Carte Blanche, La Libre"},"content":{"rendered":"<div class=\"wp-block-image\"><figure class=\"alignright size-large is-resized\"><img fetchpriority=\"high\" decoding=\"async\" src=\"https:\/\/www.justicepaix.be\/wp-content\/uploads\/2022\/03\/pexels-kostiantyn-stupak-190340-1024x683.jpg\" alt=\"\" class=\"wp-image-22391\" width=\"498\" height=\"331\" srcset=\"https:\/\/www.justicepaix.be\/wp-content\/uploads\/2022\/03\/pexels-kostiantyn-stupak-190340-1024x683.jpg 1024w, https:\/\/www.justicepaix.be\/wp-content\/uploads\/2022\/03\/pexels-kostiantyn-stupak-190340-300x200.jpg 300w, https:\/\/www.justicepaix.be\/wp-content\/uploads\/2022\/03\/pexels-kostiantyn-stupak-190340-768x512.jpg 768w, https:\/\/www.justicepaix.be\/wp-content\/uploads\/2022\/03\/pexels-kostiantyn-stupak-190340-1536x1024.jpg 1536w, https:\/\/www.justicepaix.be\/wp-content\/uploads\/2022\/03\/pexels-kostiantyn-stupak-190340-2048x1365.jpg 2048w\" sizes=\"(max-width: 498px) 100vw, 498px\" \/><\/figure><\/div>\n\n\n\n<p><strong>Face au conflit <\/strong>qui se d\u00e9roule sous nos yeux, questionnons<strong> les enjeux de paix.<\/strong><\/p>\n\n\n\n<p>Trop longtemps, les questions de paix sont rest\u00e9es th\u00e9oriques et lointaines pour beaucoup d\u2019entre nous, citoyennes et citoyens de Belgique, <strong>prot\u00e9g\u00e9s par les remparts d\u2019un continent pacifi\u00e9<\/strong> depuis plusieurs d\u00e9cennies.&nbsp;<\/p>\n\n\n\n<p>D&rsquo;apr\u00e8s Timur Ulu\u00e7, <strong>secr\u00e9taire g\u00e9n\u00e9ral de la Commission Justice &amp; Paix<\/strong>, \u00ab\u00a0<em>Le plus grand pi\u00e8ge serait \u2013 comme nous l\u2019avons vu dans d\u2019autres conflits \u2013 de s\u2019accoutumer \u00e0 un nouveau seuil de violence, avant de passer \u00e0 d\u2019autres consid\u00e9rations, d\u2019autres pr\u00e9occupations.<\/em>\u201c\u00a0<\/p>\n\n\n\n<p>Cette carte blanche acte <strong>le positionnement<\/strong> pris par la Commission Justice &amp; Paix en Ukraine, et est \u00e0 retrouver dans son int\u00e9gralit\u00e9 <strong><a href=\"https:\/\/www.lalibre.be\/debats\/opinions\/2022\/03\/26\/face-au-conflit-en-ukraine-comment-se-positionner-pour-la-paix-depuis-la-belgique-UCJUYZCFZFHBJKNKSRYNA2TZH4\/\" target=\"_blank\" rel=\"noreferrer noopener\">sur le site de La Libre<\/a>.<\/strong><\/p>\n\n\n\n<p><\/p>\n\n\n\n<p>Pour aller plus loin sur le sujet, consultez <a href=\"https:\/\/www.justicepaix.be\/en\/understanding-international-conflicts-1590\/\" target=\"_blank\" rel=\"noreferrer noopener\"><strong>notre outil p\u00e9dagogique sur les conflits internationaux<\/strong><\/a> qui aborde certains facteurs de ce conflit.<\/p>\n\n\n\n<p><\/p>","protected":false},"excerpt":{"rendered":"<p>Faced with the conflict in Ukraine, let us question the issues of peace.<\/p>","protected":false},"author":63,"featured_media":22390,"comment_status":"open","ping_status":"open","sticky":false,"template":"","format":"standard","meta":{"_acf_changed":false,"_seopress_robots_primary_cat":"2696","_seopress_titles_title":"","_seopress_titles_desc":"Carte Blanche parue dans La Libre Belgique, actant le positionnement de Justice & Paix sur le conflit en Ukaine","_seopress_robots_index":"","footnotes":""},"categories":[2696,2846,2719],"tags":[2825,2834],"class_list":["post-22389","post","type-post","status-publish","format-standard","has-post-thumbnail","hentry","category-actualites","category-dans-les-medias","category-nos-publications","tag-prevention-des-conflits","tag-union-europeenne"],"acf":[],"_links":{"self":[{"href":"https:\/\/www.justicepaix.be\/en\/wp-json\/wp\/v2\/posts\/22389","targetHints":{"allow":["GET"]}}],"collection":[{"href":"https:\/\/www.justicepaix.be\/en\/wp-json\/wp\/v2\/posts"}],"about":[{"href":"https:\/\/www.justicepaix.be\/en\/wp-json\/wp\/v2\/types\/post"}],"author":[{"embeddable":true,"href":"https:\/\/www.justicepaix.be\/en\/wp-json\/wp\/v2\/users\/63"}],"replies":[{"embeddable":true,"href":"https:\/\/www.justicepaix.be\/en\/wp-json\/wp\/v2\/comments?post=22389"}],"version-history":[{"count":0,"href":"https:\/\/www.justicepaix.be\/en\/wp-json\/wp\/v2\/posts\/22389\/revisions"}],"wp:featuredmedia":[{"embeddable":true,"href":"https:\/\/www.justicepaix.be\/en\/wp-json\/wp\/v2\/media\/22390"}],"wp:attachment":[{"href":"https:\/\/www.justicepaix.be\/en\/wp-json\/wp\/v2\/media?parent=22389"}],"wp:term":[{"taxonomy":"category","embeddable":true,"href":"https:\/\/www.justicepaix.be\/en\/wp-json\/wp\/v2\/categories?post=22389"},{"taxonomy":"post_tag","embeddable":true,"href":"https:\/\/www.justicepaix.be\/en\/wp-json\/wp\/v2\/tags?post=22389"}],"curies":[{"name":"wp","href":"https:\/\/api.w.org\/{rel}","templated":true}]}}