{"id":22285,"date":"2022-03-21T13:16:51","date_gmt":"2022-03-21T12:16:51","guid":{"rendered":"https:\/\/www.justicepaix.be\/?p=22285"},"modified":"2022-03-21T13:31:51","modified_gmt":"2022-03-21T12:31:51","slug":"afrique-centrale-quelle-responsabilite-pour-la-societe-civile-bruxelles-ma-belge-rcf","status":"publish","type":"post","link":"https:\/\/www.justicepaix.be\/en\/afrique-centrale-quelle-responsabilite-pour-la-societe-civile-bruxelles-ma-belge-rcf\/","title":{"rendered":"Central Africa, what responsibility for civil society? \u2013 Brussels my Belgian, RCF"},"content":{"rendered":"<p>Patrick Balemba, charg\u00e9 de recherche et d&rsquo;animation chez Justice &amp; Paix nous parle de son analyse \u00ab\u00a0Afrique centrale : quelle responsabilit\u00e9 pour la soci\u00e9t\u00e9 civile?\u00a0\u00bb dans l&rsquo;\u00e9mission \u00ab\u00a0Bruxelles ma belge\u00a0\u00bb, sur RCF.<\/p>\n\n\n\n<p>Retrouvez le podcast de cette \u00e9mission <a href=\"https:\/\/rcf.fr\/psychologie\/lair-du-temps?episode=220491\" target=\"_blank\" rel=\"noreferrer noopener\">on the RCF website.<\/a><\/p>","protected":false},"excerpt":{"rendered":"<p>Patrick Balemba, research and animation officer at Justice &amp; Peace, talks to us about his analysis \u201cCentral Africa: what responsibility for civil society? \u00bb in the show \u201cBrussels my Belgian\u201d, on RCF.<\/p>","protected":false},"author":63,"featured_media":17190,"comment_status":"open","ping_status":"open","sticky":false,"template":"","format":"standard","meta":{"_acf_changed":false,"_seopress_robots_primary_cat":"2846","_seopress_titles_title":"","_seopress_titles_desc":"","_seopress_robots_index":"","footnotes":""},"categories":[2696,2846],"tags":[2794,2835,2824,2825],"class_list":["post-22285","post","type-post","status-publish","format-standard","has-post-thumbnail","hentry","category-actualites","category-dans-les-medias","tag-afrique-centrale","tag-democratie","tag-droits-humains","tag-prevention-des-conflits"],"acf":[],"_links":{"self":[{"href":"https:\/\/www.justicepaix.be\/en\/wp-json\/wp\/v2\/posts\/22285","targetHints":{"allow":["GET"]}}],"collection":[{"href":"https:\/\/www.justicepaix.be\/en\/wp-json\/wp\/v2\/posts"}],"about":[{"href":"https:\/\/www.justicepaix.be\/en\/wp-json\/wp\/v2\/types\/post"}],"author":[{"embeddable":true,"href":"https:\/\/www.justicepaix.be\/en\/wp-json\/wp\/v2\/users\/63"}],"replies":[{"embeddable":true,"href":"https:\/\/www.justicepaix.be\/en\/wp-json\/wp\/v2\/comments?post=22285"}],"version-history":[{"count":0,"href":"https:\/\/www.justicepaix.be\/en\/wp-json\/wp\/v2\/posts\/22285\/revisions"}],"wp:featuredmedia":[{"embeddable":true,"href":"https:\/\/www.justicepaix.be\/en\/wp-json\/wp\/v2\/media\/17190"}],"wp:attachment":[{"href":"https:\/\/www.justicepaix.be\/en\/wp-json\/wp\/v2\/media?parent=22285"}],"wp:term":[{"taxonomy":"category","embeddable":true,"href":"https:\/\/www.justicepaix.be\/en\/wp-json\/wp\/v2\/categories?post=22285"},{"taxonomy":"post_tag","embeddable":true,"href":"https:\/\/www.justicepaix.be\/en\/wp-json\/wp\/v2\/tags?post=22285"}],"curies":[{"name":"wp","href":"https:\/\/api.w.org\/{rel}","templated":true}]}}