{"id":22095,"date":"2022-03-11T11:21:00","date_gmt":"2022-03-11T10:21:00","guid":{"rendered":"https:\/\/www.justicepaix.be\/?p=22095"},"modified":"2022-03-17T16:31:23","modified_gmt":"2022-03-17T15:31:23","slug":"enfin-un-cap-en-faveur-du-respect-des-droits-humains-pour-les-entreprises-carte-blanche-la-libre","status":"publish","type":"post","link":"https:\/\/www.justicepaix.be\/en\/enfin-un-cap-en-faveur-du-respect-des-droits-humains-pour-les-entreprises-carte-blanche-la-libre\/","title":{"rendered":"Finally a step towards respecting human rights for businesses \u2013 Carte Blanche, La Libre"},"content":{"rendered":"<p>\u00ab\u00a0Le dispositif europ\u00e9en permettrait enfin d\u2019harmoniser les diff\u00e9rentes l\u00e9gislations nationales existant en la mati\u00e8re. Les entreprises concern\u00e9es seront oblig\u00e9es de pr\u00e9venir les violations des droits humains et de l\u2019environnement tout au long de leurs cha\u00eenes de valeur. \u00ab\u00a0<\/p>\n\n\n\n<p>A <strong>carte blanche<\/strong> sign\u00e9e Larisa Stanciu, Responsable plaidoyer, <a href=\"https:\/\/www.justicepaix.be\/en\/\" target=\"_blank\" rel=\"noreferrer noopener\">Justice and Peace Commission<\/a> ; <\/p>\n\n\n\n<p>Arnaud Zacharie, Secr\u00e9taire g\u00e9n\u00e9ral du <a href=\"https:\/\/www.cncd.be\/\" target=\"_blank\" rel=\"noreferrer noopener\">CNCD-11.11.11<\/a> ; <\/p>\n\n\n\n<p>Renaud Vivien, coordinateur du Service politique d\u2019<a href=\"https:\/\/www.entraide.be\/\" target=\"_blank\" rel=\"noreferrer noopener\">Mutual Aid and Fraternity<\/a> ; <\/p>\n\n\n\n<p>Santiago Fischer, Coordinateur du plaidoyer et de la recherche, <a href=\"https:\/\/www.wsm.be\/\" target=\"_blank\" rel=\"noreferrer noopener\">WSM<\/a>.<\/p>\n\n\n\n<p><strong>L&rsquo;enti\u00e8ret\u00e9 du texte est \u00e0 retrouver <a href=\"https:\/\/www.lalibre.be\/debats\/opinions\/2022\/03\/11\/enfin-un-cap-en-faveur-du-respect-des-droits-humains-pour-les-entreprises-7NZZDAJZ3VC2JD63PGUP6WSIXM\/\" target=\"_blank\" rel=\"noreferrer noopener\">sur le site de La Libre<\/a>.<\/strong><\/p>\n\n\n\n<p><\/p>\n\n\n\n<p>Cette tribune rejoint le long processus du devoir de vigilance des entreprises sur le respect des droits humains. En <strong>collaboration avec d&rsquo;autres OSC<\/strong>, la Commission Justice &amp; Paix a apport\u00e9 sa pierre \u00e0 l&rsquo;\u00e9difice en r\u00e9pondant \u00e0 la <strong>consultation publique<\/strong> lanc\u00e9e par la Commission europ\u00e9enne sur la future proposition \u00ab\u00a0Devoir et vigilance\u00a0\u00bb<\/p>\n\n\n\n<p>Le but de la d\u00e9marche? Faire respecter <strong>les droits humains<\/strong> et l&rsquo;environnement <strong>tout au long de la cha\u00eene de valeur pour \u0153uvrer \u00e0 plus de <\/strong><strong>social justice<\/strong>.<\/p>\n\n\n\n<p><\/p>\n\n\n\n<p><\/p>\n\n\n\n<p><\/p>","protected":false},"excerpt":{"rendered":"<p>The European system would finally make it possible to harmonize the different national legislation existing in this area. Affected companies will be obliged to prevent human rights and environmental violations throughout their value chains. \u201c\u00a0<\/p>","protected":false},"author":63,"featured_media":21182,"comment_status":"open","ping_status":"open","sticky":false,"template":"","format":"standard","meta":{"_acf_changed":false,"_seopress_robots_primary_cat":"2696","_seopress_titles_title":"","_seopress_titles_desc":"Carte blanche sur le devoir de vigilance des entreprises sur le respect des droits humains parue dans La Libre Belgique.","_seopress_robots_index":"","footnotes":""},"categories":[2696,2846],"tags":[2831,2795,2835,2824,2834],"class_list":["post-22095","post","type-post","status-publish","format-standard","has-post-thumbnail","hentry","category-actualites","category-dans-les-medias","tag-acteurs-economiques","tag-article","tag-democratie","tag-droits-humains","tag-union-europeenne"],"acf":[],"_links":{"self":[{"href":"https:\/\/www.justicepaix.be\/en\/wp-json\/wp\/v2\/posts\/22095","targetHints":{"allow":["GET"]}}],"collection":[{"href":"https:\/\/www.justicepaix.be\/en\/wp-json\/wp\/v2\/posts"}],"about":[{"href":"https:\/\/www.justicepaix.be\/en\/wp-json\/wp\/v2\/types\/post"}],"author":[{"embeddable":true,"href":"https:\/\/www.justicepaix.be\/en\/wp-json\/wp\/v2\/users\/63"}],"replies":[{"embeddable":true,"href":"https:\/\/www.justicepaix.be\/en\/wp-json\/wp\/v2\/comments?post=22095"}],"version-history":[{"count":0,"href":"https:\/\/www.justicepaix.be\/en\/wp-json\/wp\/v2\/posts\/22095\/revisions"}],"wp:featuredmedia":[{"embeddable":true,"href":"https:\/\/www.justicepaix.be\/en\/wp-json\/wp\/v2\/media\/21182"}],"wp:attachment":[{"href":"https:\/\/www.justicepaix.be\/en\/wp-json\/wp\/v2\/media?parent=22095"}],"wp:term":[{"taxonomy":"category","embeddable":true,"href":"https:\/\/www.justicepaix.be\/en\/wp-json\/wp\/v2\/categories?post=22095"},{"taxonomy":"post_tag","embeddable":true,"href":"https:\/\/www.justicepaix.be\/en\/wp-json\/wp\/v2\/tags?post=22095"}],"curies":[{"name":"wp","href":"https:\/\/api.w.org\/{rel}","templated":true}]}}