{"id":21417,"date":"2022-01-24T16:09:15","date_gmt":"2022-01-24T15:09:15","guid":{"rendered":"https:\/\/www.justicepaix.be\/?p=21417"},"modified":"2022-01-24T16:09:17","modified_gmt":"2022-01-24T15:09:17","slug":"congolese-democracy-a-heartless-body-brussels-my-belgian-rcf","status":"publish","type":"post","link":"https:\/\/www.justicepaix.be\/en\/democratie-congolaise-un-corps-sans-coeur-bruxelles-ma-belge-rcf\/","title":{"rendered":"Congolese democracy: a body without a heart? \u2013 Bruxelles ma Belge, RCF"},"content":{"rendered":"<p>Current Congolese democracy was founded on very shaky foundations. This is one of the elements explaining the present democratic pitfalls. <\/p>\n\n\n\n<p> Emmanuel Tshimanga tells us about his latest analysis in the show Bruxelles ma Belge, on RCF.<\/p>\n\n\n\n<p>The full podcast can be found <a href=\"https:\/\/rcf.fr\/psychologie\/lair-du-temps?episode=198318\" target=\"_blank\" rel=\"noreferrer noopener\">on the RCF website<\/a>.<\/p>\n\n\n\n<p>Analysis Congolese democracy: a body without a heart? <a href=\"https:\/\/www.justicepaix.be\/en\/congolese-democracy-a-body-without-a-heart\/\" target=\"_blank\" rel=\"noreferrer noopener\">can be found here<\/a><\/p>\n\n\n\n<p><\/p>","protected":false},"excerpt":{"rendered":"<p>Emmanuel Tshimanga tells us about his latest analysis in the show Bruxelles ma Belge, on RCF.<\/p>","protected":false},"author":63,"featured_media":17190,"comment_status":"open","ping_status":"open","sticky":false,"template":"","format":"standard","meta":{"_acf_changed":false,"_seopress_robots_primary_cat":"2696","_seopress_titles_title":"","_seopress_titles_desc":"La d\u00e9mocratie congolaise actuelle a \u00e9t\u00e9 fond\u00e9e sur des bases tr\u00e8s bancales. Il s\u2019agit d\u2019un des \u00e9l\u00e9ments expliquant les \u00e9cueils d\u00e9mocratiques pr\u00e9sents. Emmanuel Tshimanga nous parle de sa derni\u00e8re analyse dans l'\u00e9mission Bruxelles ma Belge, sur RCF.","_seopress_robots_index":"","footnotes":""},"categories":[2696,2846,2719],"tags":[2794,2795,2835,2825,2792],"class_list":["post-21417","post","type-post","status-publish","format-standard","has-post-thumbnail","hentry","category-actualites","category-dans-les-medias","category-nos-publications","tag-afrique-centrale","tag-article","tag-democratie","tag-prevention-des-conflits","tag-rd-congo"],"acf":[],"_links":{"self":[{"href":"https:\/\/www.justicepaix.be\/en\/wp-json\/wp\/v2\/posts\/21417","targetHints":{"allow":["GET"]}}],"collection":[{"href":"https:\/\/www.justicepaix.be\/en\/wp-json\/wp\/v2\/posts"}],"about":[{"href":"https:\/\/www.justicepaix.be\/en\/wp-json\/wp\/v2\/types\/post"}],"author":[{"embeddable":true,"href":"https:\/\/www.justicepaix.be\/en\/wp-json\/wp\/v2\/users\/63"}],"replies":[{"embeddable":true,"href":"https:\/\/www.justicepaix.be\/en\/wp-json\/wp\/v2\/comments?post=21417"}],"version-history":[{"count":0,"href":"https:\/\/www.justicepaix.be\/en\/wp-json\/wp\/v2\/posts\/21417\/revisions"}],"wp:featuredmedia":[{"embeddable":true,"href":"https:\/\/www.justicepaix.be\/en\/wp-json\/wp\/v2\/media\/17190"}],"wp:attachment":[{"href":"https:\/\/www.justicepaix.be\/en\/wp-json\/wp\/v2\/media?parent=21417"}],"wp:term":[{"taxonomy":"category","embeddable":true,"href":"https:\/\/www.justicepaix.be\/en\/wp-json\/wp\/v2\/categories?post=21417"},{"taxonomy":"post_tag","embeddable":true,"href":"https:\/\/www.justicepaix.be\/en\/wp-json\/wp\/v2\/tags?post=21417"}],"curies":[{"name":"wp","href":"https:\/\/api.w.org\/{rel}","templated":true}]}}