{"id":21311,"date":"2022-01-10T11:49:16","date_gmt":"2022-01-10T10:49:16","guid":{"rendered":"https:\/\/www.justicepaix.be\/?p=21311"},"modified":"2022-07-12T12:27:23","modified_gmt":"2022-07-12T10:27:23","slug":"il-est-possible-de-concilier-5g-et-economie-durable-a-bruxelles-carte-blanche-lecho","status":"publish","type":"post","link":"https:\/\/www.justicepaix.be\/en\/il-est-possible-de-concilier-5g-et-economie-durable-a-bruxelles-carte-blanche-lecho\/","title":{"rendered":"It is possible to reconcile 5G and sustainable economy in Brussels \u2013 Carte Blanche, L\u2019Echo."},"content":{"rendered":"<div data-elementor-type=\"wp-post\" data-elementor-id=\"21311\" class=\"elementor elementor-21311\" data-elementor-post-type=\"post\">\n\t\t\t\t\t\t<section class=\"elementor-section elementor-top-section elementor-element elementor-element-6fab2fdc elementor-section-boxed elementor-section-height-default elementor-section-height-default\" data-id=\"6fab2fdc\" data-element_type=\"section\" data-e-type=\"section\">\n\t\t\t\t\t\t<div class=\"elementor-container elementor-column-gap-default\">\n\t\t\t\t\t<div class=\"elementor-column elementor-col-100 elementor-top-column elementor-element elementor-element-160914c1\" data-id=\"160914c1\" data-element_type=\"column\" data-e-type=\"column\">\n\t\t\t<div class=\"elementor-widget-wrap elementor-element-populated\">\n\t\t\t\t\t\t<div class=\"elementor-element elementor-element-7a426936 elementor-widget elementor-widget-text-editor\" data-id=\"7a426936\" data-element_type=\"widget\" data-e-type=\"widget\" data-widget_type=\"text-editor.default\">\n\t\t\t\t<div class=\"elementor-widget-container\">\n\t\t\t\t\t\t\t\t\t<p><\/p>\n<p class=\"has-text-align-left\">\u00ab&nbsp;Le dossier sensible de la 5G r\u00e9visant les limites d\u2019exposition aux ondes \u00e0 Bruxelles est actuellement sur la table du gouvernement r\u00e9gional. Ce moment charni\u00e8re nous am\u00e8ne \u00e0 interpeller nos ministres sur l\u2019urgence d\u2019une r\u00e9flexion autour de l\u2019enjeu environnemental de la 5G.\u00bb<\/p>\n<p><\/p>\n<p><\/p>\n<p><\/p>\n<p><\/p>\n<p>Cette Carte Blanche publi\u00e9e dans l&rsquo;Echo pr\u00e9sente diff\u00e9rents enjeux du d\u00e9ploiement de la 5G, et propose&nbsp; \u00ab Les solutions pour une 5G compatible avec les d\u00e9fis de notre si\u00e8cle \u00bb<\/p>\n<p>Cette tribune est co-sign\u00e9e par des professionnels de tous horizons, des associations et organisations ainsi que par des professionnels en lien avec la sant\u00e9.<\/p>\n<p><\/p>\n<p><\/p>\n<p><\/p>\n<p><\/p>\n<p>L&rsquo;int\u00e9gralit\u00e9 du texte et du collectif de signataires sont \u00e0 retrouver <a href=\"https:\/\/www.lecho.be\/economie-politique\/belgique\/bruxelles\/il-est-possible-de-concilier-5g-et-economie-durable-a-bruxelles\/10357935\">sur le site de l&rsquo;Echo.<\/a><\/p>\n<p><\/p>\n<p><\/p>\n<p><\/p>\t\t\t\t\t\t\t\t<\/div>\n\t\t\t\t<\/div>\n\t\t\t\t\t<\/div>\n\t\t<\/div>\n\t\t\t\t\t<\/div>\n\t\t<\/section>\n\t\t\t\t<\/div>","protected":false},"excerpt":{"rendered":"<p>In this carte blanche published in the Echo, we discuss the deployment of 5G in the Belgian capital, and the support it could provide to respond to current challenges.<\/p>","protected":false},"author":63,"featured_media":21182,"comment_status":"open","ping_status":"open","sticky":false,"template":"","format":"standard","meta":{"_acf_changed":false,"_seopress_robots_primary_cat":"2696","_seopress_titles_title":"","_seopress_titles_desc":"","_seopress_robots_index":"","footnotes":""},"categories":[2696,2846],"tags":[2831,2897,2814,2883,2811,2882,3057],"class_list":["post-21311","post","type-post","status-publish","format-standard","has-post-thumbnail","hentry","category-actualites","category-dans-les-medias","tag-acteurs-economiques","tag-carte-blanche","tag-developpement-durable","tag-environnement","tag-ressources-naturelles","tag-technologie","tag-transition-ecologique"],"acf":[],"_links":{"self":[{"href":"https:\/\/www.justicepaix.be\/en\/wp-json\/wp\/v2\/posts\/21311","targetHints":{"allow":["GET"]}}],"collection":[{"href":"https:\/\/www.justicepaix.be\/en\/wp-json\/wp\/v2\/posts"}],"about":[{"href":"https:\/\/www.justicepaix.be\/en\/wp-json\/wp\/v2\/types\/post"}],"author":[{"embeddable":true,"href":"https:\/\/www.justicepaix.be\/en\/wp-json\/wp\/v2\/users\/63"}],"replies":[{"embeddable":true,"href":"https:\/\/www.justicepaix.be\/en\/wp-json\/wp\/v2\/comments?post=21311"}],"version-history":[{"count":0,"href":"https:\/\/www.justicepaix.be\/en\/wp-json\/wp\/v2\/posts\/21311\/revisions"}],"wp:featuredmedia":[{"embeddable":true,"href":"https:\/\/www.justicepaix.be\/en\/wp-json\/wp\/v2\/media\/21182"}],"wp:attachment":[{"href":"https:\/\/www.justicepaix.be\/en\/wp-json\/wp\/v2\/media?parent=21311"}],"wp:term":[{"taxonomy":"category","embeddable":true,"href":"https:\/\/www.justicepaix.be\/en\/wp-json\/wp\/v2\/categories?post=21311"},{"taxonomy":"post_tag","embeddable":true,"href":"https:\/\/www.justicepaix.be\/en\/wp-json\/wp\/v2\/tags?post=21311"}],"curies":[{"name":"wp","href":"https:\/\/api.w.org\/{rel}","templated":true}]}}