{"id":21172,"date":"2021-12-22T15:23:00","date_gmt":"2021-12-22T14:23:00","guid":{"rendered":"https:\/\/www.justicepaix.be\/?p=21172"},"modified":"2022-01-03T15:39:34","modified_gmt":"2022-01-03T14:39:34","slug":"travail-decent-le-grand-absent-du-secteur-de-lelectronique","status":"publish","type":"post","link":"https:\/\/www.justicepaix.be\/en\/travail-decent-le-grand-absent-du-secteur-de-lelectronique\/","title":{"rendered":"Decent work, the big absentee from the electronics sector"},"content":{"rendered":"\n<p>Chaque jour, des travailleur\u00b7se\u00b7s de l\u2019industrie de l\u2019\u00e9lectronique sont victimes de violations de leurs droits fondamentaux. Alors que les appareils \u00e9lectriques et \u00e9lectroniques sont devenus omnipr\u00e9sents dans notre quotidien, il est indispensable de s\u2019interroger sur la responsabilit\u00e9 des entreprises d\u2019assurer la primaut\u00e9 des droits humains tout au long de leur chaine de production.<\/p>\n\n\n\n<div class=\"wp-block-cover has-background-dim\"><img fetchpriority=\"high\" decoding=\"async\" width=\"956\" height=\"633\" class=\"wp-block-cover__image-background wp-image-21173\" alt=\"\" src=\"https:\/\/www.justicepaix.be\/wp-content\/uploads\/2022\/01\/Claire.jpeg.png\" data-object-fit=\"cover\" srcset=\"https:\/\/www.justicepaix.be\/wp-content\/uploads\/2022\/01\/Claire.jpeg.png 956w, https:\/\/www.justicepaix.be\/wp-content\/uploads\/2022\/01\/Claire.jpeg-300x199.png 300w, https:\/\/www.justicepaix.be\/wp-content\/uploads\/2022\/01\/Claire.jpeg-768x509.png 768w\" sizes=\"(max-width: 956px) 100vw, 956px\" \/><div class=\"wp-block-cover__inner-container is-layout-flow wp-block-cover-is-layout-flow\">\n<p class=\"has-large-font-size\">Chaque jour, des travailleur\u00b7se\u00b7s de l\u2019industrie de l\u2019\u00e9lectronique sont victimes de violations de leurs droits fondamentaux.<\/p>\n<\/div><\/div>\n\n\n\n<p><\/p>\n\n\n\n<p>Nous connaissons toutes et tous les noms de marques tels qu\u2019<em>Apple<\/em>, <em>Samsung<\/em>, <em>LG<\/em> ou <em>Lenovo<\/em>&nbsp;: il s\u2019agit des grandes marques d\u2019appareils \u00e9lectriques et \u00e9lectroniques. Elles vendent les ordinateurs et les smartphones que nous poss\u00e9dons en quantit\u00e9. Il est indispensable que de ces entreprises se mobilisent pour faire respecter les droits humains ainsi que l\u2019environnement tout au long de la chaine de production. Derri\u00e8re ces \u00ab&nbsp;grands noms&nbsp;\u00bb se cachent des entreprises moins connues, qui constituent les \u00e9chelons interm\u00e9diaires de la chaine de valeur : <em>Quanta<\/em>, <em>Compal<\/em>, <em>Flextronics<\/em>, etc. Ce sont elles qui produisent les puces, cartes m\u00e8res et autres composants \u00e9lectriques et \u00e9lectroniques n\u00e9cessaires au bon fonctionnement de nos appareils. Cette industrie n\u2019est compos\u00e9e que d\u2019une poign\u00e9e de grandes soci\u00e9t\u00e9s et n\u2019est pas exempt de violations de droits humains. Focus sur ce milieu qui, <a href=\"https:\/\/www.rtbf.be\/info\/economie\/detail_comprendre-la-penurie-de-puces-electroniques-en-5-questions?id=10829688\">s\u2019il s\u2019arr\u00eate de tourner<\/a>, immobilise de nombreux secteurs par effet de domino (num\u00e9rique, automobile, etc.)<\/p>\n\n\n\n<p><strong>Chaine de production<\/strong>&nbsp;? Le terme \u00ab&nbsp;chaine de production&nbsp;\u00bb d\u00e9signe l\u2019ensemble des op\u00e9rations de fabrication n\u00e9cessaires \u00e0 la r\u00e9alisation d\u2019un produit manufactur\u00e9. Elle compte toutes les \u00e9tapes de l\u2019extraction des mati\u00e8res premi\u00e8res \u00e0 la mise sur le march\u00e9, en passant par le transport, la vente des mati\u00e8res premi\u00e8res, la transformation, la construction, etc.<\/p>\n\n\n\n<p><strong>Heures suppl\u00e9mentaires obligatoires, exposition \u00e0 des produits toxiques et dictature de l\u2019entreprise<\/strong><\/p>\n\n\n\n<p>L\u2019industrie de l\u2019\u00e9lectronique est compos\u00e9e de grandes entreprises, et parfois de grands groupes, qui ont leurs usines principalement en Asie, Asie du Sud-Est, mais \u00e9galement dans certains pays d\u2019Europe (Pologne, Slovaquie et R\u00e9publique tch\u00e8que). C\u2019est une industrie en plein boom qui g\u00e9n\u00e8re un chiffre d\u2019affaires \u00e9norme et g\u00e8re une main d\u2019\u0153uvre importante dans le monde&nbsp;; on estime la main d\u2019\u0153uvre \u00e0 environ <a href=\"https:\/\/electronicswatch.org\/en\/workers-issues_2548644\">18 millions de personnes<\/a> dans le monde. Si l\u2019on prend l\u2019exemple de Foxconn, incontournable en la mati\u00e8re, on <a href=\"https:\/\/www.scmp.com\/business\/banking-finance\/article\/3017300\/taiwan-tech-firms-set-join-exodus-china-amid-trade-war\">estime<\/a> que le groupe emploie environ 10 millions de personnes, ce qui <a href=\"https:\/\/www.foxconn.com\/s3\/reports\/CSR%E5%A0%B1%E5%91%8A%E6%9B%B8\/%E8%8B%B1%E6%96%87%E7%89%88\/2020\/Foreword.pdf\">repr\u00e9sente<\/a> environ 40% des employ\u00e9\u00b7e\u00b7s du secteur au niveau mondial<a href=\"#_ftn1\">[1]<\/a> et a eu des revenus en 2020 s\u2019\u00e9levant \u00e0 5,35 milliards de dollars taiwanais.<\/p>\n\n\n\n<p>Le fonctionnement intrins\u00e8que de l\u2019emploi dans le secteur m\u00e8ne \u00e0 de nombreuses violations des droits humains&nbsp;: il existe souvent une grande pr\u00e9carit\u00e9 du statut des travailleur\u00b7se\u00b7s, des conditions de travail terribles, un manque de prise en compte des risques sanitaires et une hostilit\u00e9 d\u00e9clar\u00e9e envers l\u2019action syndicale. En ce qui concerne la pr\u00e9carit\u00e9 du travail dans le secteur, on connait de nombreux cas de travail forc\u00e9 (impossibilit\u00e9 de prendre des pauses ou des vacances, donc travail forc\u00e9 dans les faits), confiscation de passeports et d\u00e9ductions arbitraires de salaire. Ce qui rend souvent ce traitement possible est qu\u2019une partie des effectifs sont des travailleurs et travailleuses migrant\u00b7e\u00b7s (par exemple en <a href=\"https:\/\/danwatch.dk\/en\/undersoegelse\/forced-labour-behind-european-electronics\/\">Malaisie<\/a> ou en <a href=\"http:\/\/electronicswatch.org\/compliance-report-update-cal-comp-samut-sakorn-and-petchaburi-thailand-october-2018_2555998.pdf\">Tha\u00eflande<\/a>), qui sont les plus vuln\u00e9rables et les plus expos\u00e9\u00b7e\u00b7s aux mauvais traitements. Il a \u00e9galement \u00e9t\u00e9 rapport\u00e9 <a href=\"https:\/\/www.business-humanrights.org\/en\/latest-news\/china-students-allegedly-forced-by-schools-to-make-apple-watches-in-factories-through-compulsory-internships-co-says-it-is-investigating\/\">le cas chinois<\/a> des \u00e9tudiant\u00b7e\u00b7s qui sont embauch\u00e9s dans le cadre d\u2019un stage \u00e0 r\u00e9aliser pour leurs \u00e9tudes et qui se retrouvent sur une ligne de production \u00e0 faire un travail important, parfois m\u00eame des <a href=\"https:\/\/www.businessinsider.com.au\/apple-supplier-foxconn-to-stop-using-illegal-intern-labour-on-iphone-x-2017-11\">heures en trop<\/a> par rapport \u00e0 ce qui est autoris\u00e9 en Chine ou des <a href=\"https:\/\/edition.cnn.com\/2018\/10\/29\/tech\/apple-supply-chain-china\/index.html\">shifts de nuit<\/a>. En 2018, Apple aurait demand\u00e9 \u00e0 ses fournisseurs que les \u00e9tudiant\u00b7e\u00b7s en stage ne repr\u00e9sentent pas plus de 10% de leurs forces de travail&nbsp;!<\/p>\n\n\n\n<p>Un autre probl\u00e8me important, qui concerne la majorit\u00e9 des travailleuses et travailleurs du secteur, est le \u00ab&nbsp;standard&nbsp;\u00bb des salaires et la fa\u00e7on dont il est pay\u00e9 \u2013 et comprenant un syst\u00e8me de \u00ab&nbsp;bonus&nbsp;\u00bb. Concr\u00e8tement, dans certains pays, <a href=\"https:\/\/www.fairphone.com\/fr\/2020\/12\/18\/living-wage\/\">les salaires sont tout simplement trop bas pour vivre<\/a>. Ceci a des cons\u00e9quences \u00e9videntes en termes d\u2019heures suppl\u00e9mentaires, puisque les employ\u00e9\u00b7e\u00b7s sont tenu\u00b7e\u00b7s de prester des heures suppl\u00e9mentaires pour avoir assez d\u2019argent pour vivre \u2013 les heures suppl\u00e9mentaires sont r\u00e9mun\u00e9r\u00e9es sous l\u2019appellation \u00ab&nbsp;bonus&nbsp;\u00bb. Cela entraine un cercle vicieux, dans lequel les employ\u00e9\u00b7e\u00b7s ont besoin des \u00ab&nbsp;bonus&nbsp;\u00bb (qui n\u2019en sont pas) et sont \u00e9galement menac\u00e9\u00b7e\u00b7s de licenciement s\u2019ils ou elles refusent de prester de trop longues heures suppl\u00e9mentaires<a href=\"#_ftn2\">[2]<\/a>.<\/p>\n\n\n\n<p>Un troisi\u00e8me probl\u00e8me important dans le secteur est le non-respect ou le manque d\u2019information quant aux mesures de sant\u00e9 et de s\u00e9curit\u00e9. La manipulation de produits toxiques est fr\u00e9quente sur les chaines de montage et il arrive que les personnes qui les manipulent ne soient pas inform\u00e9es de leur dangerosit\u00e9. Ceci entraine des cas de <a href=\"https:\/\/goodelectronics.org\/victim-stories-of-chemical-poisoning-in-electronics-industry-in-china\/\">maladie diverses<\/a>. Ajoutons que de nombreuses travailleuses dans ces industries sont des femmes &nbsp;et qu\u2019elles peuvent subir des cons\u00e9quences graves li\u00e9es \u00e0 leur exposition \u00e0 des produits toxiques, notamment sur leur fertilit\u00e9.<\/p>\n\n\n\n<p>Avec le covid, certaines de ces situations ont empir\u00e9. Comme dans toute crise, ce sont d\u2019abord les personnes les plus fragilis\u00e9es qui sont touch\u00e9es. Ainsi, en Tha\u00eflande, on a pu voir le cas de travailleuses et travailleurs migrant\u00b7e\u00b7s (originaires du Myanmar) <a href=\"https:\/\/www.bangkokpost.com\/thailand\/general\/2123491\/power-cut-sparks-better-care-protest\">laiss\u00e9s au travail sans protection ad\u00e9quate<\/a>, ce qui a conduit \u00e0 la cr\u00e9ation de clusters. \u00c0 Taiwan, o\u00f9 les entreprises de l\u2019industrie de l\u2019\u00e9lectronique se reposent essentiellement sur les travailleur\u00b7se\u00b7s migrant\u00b7e\u00b7s, des employ\u00e9\u00b7e\u00b7s ont \u00e9t\u00e9 litt\u00e9ralement <a href=\"https:\/\/www.equaltimes.org\/taiwan-s-foreign-factory-workers?lang=en#.Ya8qQNDMJPY\">enferm\u00e9\u00b7e\u00b7s entre l\u2019usine et leur dortoir<\/a> pour \u00ab&nbsp;\u00e9viter toute contagion&nbsp;\u00bb. Des gardes de s\u00e9curit\u00e9 s\u2019occupaient du transfert des personnes entre le dortoir et l\u2019usine.<\/p>\n\n\n\n<p>Ajoutons finalement qu\u2019il existe une large culture anti-syndicale dans le secteur, rendant la t\u00e2che d\u2019autant plus difficile aux employ\u00e9\u00b7e\u00b7s de s\u2019organiser pour faire respecter leurs droits.<\/p>\n\n\n\n<p>L\u2019industrie de l\u2019\u00e9lectronique est de plus en plus pr\u00e9sente en Europe et les violations des droits humains caract\u00e9ristiques du secteur n\u2019y sont pas moins rares. Prenons l\u2019exemple de l\u2019incontournable Foxconn, qui s\u2019est implant\u00e9 depuis les ann\u00e9es 2000 en <a href=\"https:\/\/www.echo-wall.eu\/chinese-whispers\/foxconns-czech-universe\">R\u00e9publique tch\u00e8que<\/a>. Si tout n\u2019est pas rose dans ces implantations, les conditions de travail demeurent <a href=\"https:\/\/www.scmp.com\/business\/banking-finance\/article\/3017300\/taiwan-tech-firms-set-join-exodus-china-amid-trade-war\">nettement moins p\u00e9nibles<\/a> qu\u2019en Asie. N\u00e9anmoins, de nombreux efforts restent \u00e0 fournir pour rencontrer les standards d\u2019un travail d\u00e9cent. Electronics Watch<a href=\"#_ftn3\">[3]<\/a> a pu <a href=\"https:\/\/electronicswatch.org\/en\/electronics-watch-release-report-on-foxconn-in-the-czech-republic_2549146\">observer la situation<\/a> avec leur partenaire sur place, MKC Praha&nbsp;: emplois pr\u00e9caires, ins\u00e9curit\u00e9 salariale, heures de travail impossibles \u00e0 pr\u00e9voir, manque d\u2019informations concernant les salaires et les bonus\u2026 Suite \u00e0 une conciliation, des am\u00e9liorations ont pu \u00eatre not\u00e9es, comme le d\u00e9ploiement de plannings de production et l\u2019am\u00e9nagement d\u2019une garantie de salaire minimum pendant les p\u00e9riodes de basse production.<\/p>\n\n\n\n<p><strong>Prise en compte du respect des droits humains dans les march\u00e9s publics<\/strong><\/p>\n\n\n\n<p>Comme vu dans l\u2019exemple ci-dessus, la premi\u00e8re solution qui vient en t\u00eate pour am\u00e9liorer les conditions de travail des employ\u00e9\u00b7e\u00b7s de l\u2019industrie de l\u2019\u00e9lectronique est de renforcer les organisations syndicales et de renforcer la conciliation entre entreprise et travailleur\u00b7se\u00b7s. Mais il est \u00e9galement possible, tout au bout de la chaine, de prendre conscience de ces probl\u00e9matiques et d\u2019agir en cons\u00e9quence. L\u2019ONG <a href=\"https:\/\/electronicswatch.org\/en\/who-we-are_783\">Electronics Watch<\/a> est une organisation ind\u00e9pendante qui monitore les violations des droits humains dans l\u2019industrie de l\u2019\u00e9lectronique. Peter Pawlicki nous explique une de leurs strat\u00e9gies&nbsp;: intervenir en utilisant les march\u00e9s publics.<\/p>\n\n\n\n<p>Le <a href=\"https:\/\/fedweb.belgium.be\/fr\/a_propos_de_l_organisation\/budget_et_marches_publics\/marches_publics\">SPF Strat\u00e9gie et Appui<\/a> d\u00e9finit un march\u00e9 public comme \u00ab un contrat pass\u00e9 entre un pouvoir adjudicateur et une entreprise en vue de l\u2019ex\u00e9cution de travaux, de fournitures ou de services.&nbsp;\u00bb Concr\u00e8tement, il s\u2019agit pour toute institution publique belge (f\u00e9d\u00e9rale, r\u00e9gionale, communale\u2026) mais aussi pour toute une s\u00e9rie d\u2019autres acteurs (institutions europ\u00e9ennes, \u00e9coles publiques, h\u00f4pitaux\u2026) de s\u2019assurer des services, des fournitures ou autres (par exemple&nbsp;: des travaux) \u00e0 travers un march\u00e9 qui soit ouvert \u00e0 tous, pour \u00e9viter le favoritisme et\/ou la corruption. On peut imaginer, en 2021, que les d\u00e9penses pour du mat\u00e9riel qui contient de l\u2019\u00e9lectronique repr\u00e9sente un poste important pour toute organisation.<\/p>\n\n\n\n<p>Il est int\u00e9ressant de lire la ligne suivante de la d\u00e9finition du SPF&nbsp;: \u00ab Le but est de faire la \u201cmeilleure affaire\u201d, c\u2019est-\u00e0-dire l\u2019acquisition du meilleur produit possible, au prix commercial le plus int\u00e9ressant possible.&nbsp;\u00bb Si cela reste un crit\u00e8re d\u00e9terminant d\u2019attribution de march\u00e9 public, on peut en faire valoir d\u2019autres. Les march\u00e9s publics sont g\u00e9n\u00e9ralement des processus tr\u00e8s r\u00e9glement\u00e9s. C\u2019est donc un endroit id\u00e9al pour faire valoir des <a href=\"https:\/\/www.publicprocurement.be\/fr\/marches-publics-durables\">crit\u00e8res de durabilit\u00e9<\/a>, comme le respect des droits des travailleuses et travailleurs de l\u2019industrie. Depuis 2014, il existe d\u2019ailleurs une <a href=\"https:\/\/eur-lex.europa.eu\/legal-content\/FR\/TXT\/?uri=celex%3A32014L0024\">directive de l\u2019Union europ\u00e9enne<\/a> sur les march\u00e9s publics qui permet d\u2019inclure des crit\u00e8res sociaux et environnementaux dans les appels d\u2019offre.<\/p>\n\n\n\n<p><strong>En conclusion<\/strong><\/p>\n\n\n\n<p>Alors, en tant que citoyennes et citoyens, n\u2019h\u00e9sitons pas \u00e0 nous conscientiser et \u00e0 conscientiser autour de nous sur la situation des travailleuses et travailleurs de l\u2019industrie \u00e9lectronique. Interpellons nos \u00e9lu\u00b7e\u00b7s au niveau communal comme aux autres niveaux pour qu\u2019ils et elles prennent le r\u00e9flexe d\u2019inclure dans leurs march\u00e9s publics le crit\u00e8re essentiel du respect des droits humains. En Belgique, <a href=\"https:\/\/electronicswatch.org\/en\/affiliates_2221327\">certaines entit\u00e9s<\/a> ont d\u00e9j\u00e0 pu faire appel \u00e0 Electronics Watch pour les conseiller&nbsp;: le Gouvernement flamand, la Ville de Gand et l\u2019Universit\u00e9 de Gand. \u00c0 quand le tour des gouvernements wallons et bruxellois, des universit\u00e9s et des communes du sud du pays&nbsp;?<\/p>\n\n\n\n<p>Cette analyse a \u00e9t\u00e9 bas\u00e9e sur l\u2019intervention de Peter Pawlicki lors de la conf\u00e9rence grand-public \u00ab&nbsp;Travail d\u00e9cent&nbsp;: r\u00eave ou r\u00e9alit\u00e9&nbsp;?&nbsp;\u00bb organis\u00e9 le 11 octobre 2021 lors de la Quinzaine de la Solidarit\u00e9 Internationale de la Ville de Bruxelles.<\/p>\n\n\n\n<p><strong>Claire Mathot.<\/strong><\/p>\n\n\n\n<hr class=\"wp-block-separator\"\/>\n\n\n\n<p><a href=\"#_ftnref1\">[1]<\/a> Dans leur <a href=\"https:\/\/www.foxconn.com\/s3\/reports\/CSR%E5%A0%B1%E5%91%8A%E6%9B%B8\/%E8%8B%B1%E6%96%87%E7%89%88\/2020\/Employees.pdf\">rapport<\/a> de 2020, il est not\u00e9 que le groupe emploie 1 million de personnes. Ce chiffre sans doute tr\u00e8s en de\u00e7\u00e0 de la r\u00e9alit\u00e9 se r\u00e9f\u00e8re peut-\u00eatre aux personnes employ\u00e9es stricto sensu par Foxconn, et non par ses diff\u00e9rentes filiales.<\/p>\n\n\n\n<p><a href=\"#_ftnref2\">[2]<\/a> Dans les cas les plus importants, on parle de 60 \u00e0 70 heures de travail par semaines (en Chine).<\/p>\n\n\n\n<p><a href=\"#_ftnref3\">[3]<\/a> Une partie du travail de cette ONG est de servir de m\u00e9diateur entre entreprises et organisations syndicales ou travailleur\u00b7se\u00b7s.<\/p>\n","protected":false},"excerpt":{"rendered":"<p>Every day, workers in the electronics industry are victims of violations of their fundamental rights.<\/p>","protected":false},"author":57,"featured_media":21173,"comment_status":"open","ping_status":"open","sticky":false,"template":"","format":"standard","meta":{"_acf_changed":false,"_seopress_robots_primary_cat":"2696","_seopress_titles_title":"","_seopress_titles_desc":"","_seopress_robots_index":"","footnotes":""},"categories":[2696,2722,2719],"tags":[2831,2824,2874,2833,2822,2832],"class_list":["post-21172","post","type-post","status-publish","format-standard","has-post-thumbnail","hentry","category-actualites","category-articles-nos-publications","category-nos-publications","tag-acteurs-economiques","tag-droits-humains","tag-economie-2","tag-europe","tag-mondialisation","tag-responsabilite-du-consommateur"],"acf":[],"_links":{"self":[{"href":"https:\/\/www.justicepaix.be\/en\/wp-json\/wp\/v2\/posts\/21172","targetHints":{"allow":["GET"]}}],"collection":[{"href":"https:\/\/www.justicepaix.be\/en\/wp-json\/wp\/v2\/posts"}],"about":[{"href":"https:\/\/www.justicepaix.be\/en\/wp-json\/wp\/v2\/types\/post"}],"author":[{"embeddable":true,"href":"https:\/\/www.justicepaix.be\/en\/wp-json\/wp\/v2\/users\/57"}],"replies":[{"embeddable":true,"href":"https:\/\/www.justicepaix.be\/en\/wp-json\/wp\/v2\/comments?post=21172"}],"version-history":[{"count":0,"href":"https:\/\/www.justicepaix.be\/en\/wp-json\/wp\/v2\/posts\/21172\/revisions"}],"wp:featuredmedia":[{"embeddable":true,"href":"https:\/\/www.justicepaix.be\/en\/wp-json\/wp\/v2\/media\/21173"}],"wp:attachment":[{"href":"https:\/\/www.justicepaix.be\/en\/wp-json\/wp\/v2\/media?parent=21172"}],"wp:term":[{"taxonomy":"category","embeddable":true,"href":"https:\/\/www.justicepaix.be\/en\/wp-json\/wp\/v2\/categories?post=21172"},{"taxonomy":"post_tag","embeddable":true,"href":"https:\/\/www.justicepaix.be\/en\/wp-json\/wp\/v2\/tags?post=21172"}],"curies":[{"name":"wp","href":"https:\/\/api.w.org\/{rel}","templated":true}]}}