{"id":20602,"date":"2021-11-15T10:29:50","date_gmt":"2021-11-15T09:29:50","guid":{"rendered":"https:\/\/www.justicepaix.be\/?p=20602"},"modified":"2022-07-12T12:29:24","modified_gmt":"2022-07-12T10:29:24","slug":"de-nos-maisons-aux-decharges-a-ciel-ouvert-des-pays-du-sud-global-quel-parcours-pour-nos-dechets-electriques-et-electroniques","status":"publish","type":"post","link":"https:\/\/www.justicepaix.be\/en\/de-nos-maisons-aux-decharges-a-ciel-ouvert-des-pays-du-sud-global-quel-parcours-pour-nos-dechets-electriques-et-electroniques\/","title":{"rendered":"From our homes to open-air landfills in the countries of the Global South, what route does our electrical and electronic waste take?"},"content":{"rendered":"<p>Smartphones, ordinateurs, aspirateurs robots, \u2026 &nbsp;Tous ces \u00e9quipements \u00e9lectriques et \u00e9lectroniques ravissent les consommateurs et remplissent nos maisons et nos tiroirs. Mais que deviennent-ils, une fois qu\u2019ils ne fonctionnent plus&nbsp;? Zoom sur le destin de nos DEEE.<\/p>\n\n\n\n<div class=\"wp-block-cover has-background-dim\"><img fetchpriority=\"high\" decoding=\"async\" width=\"1024\" height=\"683\" class=\"wp-block-cover__image-background wp-image-20603\" alt=\"\" src=\"https:\/\/www.justicepaix.be\/wp-content\/uploads\/2021\/11\/photo-stagiaire-1024x683.jpg\" data-object-fit=\"cover\" srcset=\"https:\/\/www.justicepaix.be\/wp-content\/uploads\/2021\/11\/photo-stagiaire-1024x683.jpg 1024w, https:\/\/www.justicepaix.be\/wp-content\/uploads\/2021\/11\/photo-stagiaire-300x200.jpg 300w, https:\/\/www.justicepaix.be\/wp-content\/uploads\/2021\/11\/photo-stagiaire-768x512.jpg 768w, https:\/\/www.justicepaix.be\/wp-content\/uploads\/2021\/11\/photo-stagiaire-1536x1024.jpg 1536w, https:\/\/www.justicepaix.be\/wp-content\/uploads\/2021\/11\/photo-stagiaire.jpg 1920w\" sizes=\"(max-width: 1024px) 100vw, 1024px\" \/><div class=\"wp-block-cover__inner-container is-layout-flow wp-block-cover-is-layout-flow\">\n<p class=\"has-large-font-size\">Smartphones, computers, robot vacuum cleaners, etc. All this electrical and electronic equipment delights consumers and fills our homes and our drawers. <\/p>\n<\/div><\/div>\n\n\n\n<p><\/p>\n\n\n\n<p>Nous, \u00eatres humains, sommes chaque jour davantage connect\u00e9.e.s, de nos smartphones \u00e0 nos aspirateurs, en passant par nos jouets d\u2019enfants&nbsp;; les objets du quotidien tendent de plus en plus vers l\u2019\u00e9lectronique. Mais que fait-on, une fois que ces derniers ne fonctionnent plus ou qu\u2019un mod\u00e8le plus r\u00e9cent a remplac\u00e9 l\u2019ancien&nbsp;? Que fait-on du vieux t\u00e9l\u00e9phone qui traine dans un tiroir depuis des ann\u00e9es&nbsp;?<\/p>\n\n\n\n<p>Difficile d\u2019imaginer un monde qui serait exempt de tous ces objets qui font maintenant partie du quotidien de presque chaque \u00eatre humain sur la plan\u00e8te. Selon le rapport \u00ab&nbsp;Digital 2020&nbsp;\u00bb de We Are Social, \u00ab<em>&nbsp;Plus de 5,19 milliards de personnes dans le monde utilisent un t\u00e9l\u00e9phone portable, un nombre d\u2019utilisateurs en hausse de 124 millions (2,4%) depuis l\u2019ann\u00e9e derni\u00e8re.&nbsp;\u00bb (1)<\/em> Cette tendance \u00e0 la hausse semble bien in\u00e9luctable, et parfois m\u00eame presque inoffensive, tant ses pr\u00e9tendus b\u00e9n\u00e9fices en occultent les impacts.<\/p>\n\n\n\n<p><strong>Les objets \u00e9lectriques et \u00e9lectroniques usag\u00e9s<\/strong>, tels que les smartphones, ordinateurs, frigos font bel et bien partie de la grande famille des d\u00e9chets et sont regroup\u00e9s sous la d\u00e9nomination de \u00ab&nbsp;DEEE&nbsp;\u00bb&nbsp;: D\u00e9chets d\u2019Equipements Electriques et Electroniques. Ces \u00e9quipements sont d\u00e9finis comme suit&nbsp;:<em>&nbsp;Les EEE comprennent un large \u00e9ventail de produits dot\u00e9s d&rsquo;un circuit ou de composants \u00e9lectriques avec une alimentation \u00e9lectrique ou une batterie&nbsp;\u00bb<\/em> &nbsp;(2)<\/p>\n\n\n\n<p>En leur qualit\u00e9 de d\u00e9chets, ces derniers devraient donc, en toute logique, \u00eatre soumis aux m\u00eames automatismes que ceux qui sont d\u2019application avec nos emballages plastiques par exemple et devraient facilement trouver le chemin des centres de recyclage. Cependant, aujourd\u2019hui encore, c\u2019est loin d\u2019\u00eatre le cas&nbsp;; nous sommes en effet bien peu \u00e0 apporter nos appareils usag\u00e9s dans des points de collecte.<\/p>\n\n\n\n<p><strong>A l\u2019\u00e9chelle mondiale, nous produisons chaque ann\u00e9e de plus en plus de d\u00e9chets \u00e9lectriques et \u00e9lectroniques<\/strong>. Ainsi, en 2019, <em>53.6 millions de tonnes m\u00e9triques de d\u00e9chets \u00e9lectroniques ont \u00e9t\u00e9 g\u00e9n\u00e9r\u00e9es<\/em>, <em>soit une augmentation de 21 % en seulement cinq ans (3)<\/em>. L\u2019obsolescence programm\u00e9e (4) et les effets de mode n\u2019y sont pas pour rien&nbsp;: aujourd\u2019hui, la dur\u00e9e de vie moyenne d\u2019un t\u00e9l\u00e9phone se situe entre 1 et 2 ans (5). Malheureusement, une fois en possession du tout nouveau mod\u00e8le sorti sur le march\u00e9, les anciens appareils sont bien souvent oubli\u00e9s par les consommateur.rice.s, et un grand nombre d\u2019entre eux sont donc laiss\u00e9s \u00e0 l\u2019abandon. Concr\u00e8tement, en 2019, 17.4% des DEEE produits dans le monde ont \u00e9t\u00e9 collect\u00e9s et recycl\u00e9s, et m\u00eame si ce chiffre tend \u00e0 augmenter d\u2019ann\u00e9e en ann\u00e9e (on recycle approximativement 0.4 tonnes de plus chaque ann\u00e9e), cela reste grandement insuffisant face \u00e0 la production toujours plus rapide de ces objets. (6)<\/p>\n\n\n\n<h4 class=\"wp-block-heading\"><strong>Recycler son smartphone, oui, mais pourquoi&nbsp;?<\/strong><\/h4>\n\n\n\n<p><strong>Dans la cr\u00e9ation et l\u2019assemblage des DEEE<\/strong>, de nombreux composants entrent en jeu et principalement un grand nombre de m\u00e9taux divers&nbsp;: on estime que plus de 50 m\u00e9taux diff\u00e9rents sont contenus dans un smartphone. (7) Certains d\u2019entre eux sont consid\u00e9r\u00e9s comme plus communs et d\u2019autres, appel\u00e9s \u00ab&nbsp;m\u00e9taux critiques&nbsp;\u00bb, appartiennent \u00e0 la famille des mati\u00e8res premi\u00e8res non renouvelables. Contrairement au bois par exemple, les m\u00e9taux se sont form\u00e9s <em>\u00ab&nbsp;dans des processus g\u00e9ologiques qui ont dur\u00e9 des millions, voire des milliards d\u2019ann\u00e9es.&nbsp;\u00bb (8) <\/em>Par cons\u00e9quent, ils ne se renouvellent pas \u00e0 l\u2019\u00e9chelle d\u2019une vie humaine. Ils sont donc pr\u00e9sents en quantit\u00e9 limit\u00e9e dans les sous-sols et sont extraits moyennant des proc\u00e9d\u00e9s co\u00fbteux pour l\u2019environnement. Ils impactent aussi grandement les populations qui vivent \u00e0 proximit\u00e9 des lieux d\u2019extraction ou qui travaillent dans les mines (9). <em>\u00ab&nbsp;En ce qui concerne les minerais, on parle d\u2019une prochaine situation de \u00ab&nbsp;p\u00e9nurie&nbsp;\u00bb&nbsp;; il ne faut pas comprendre par l\u00e0 un \u00e9puisement des gisements de minerais existants sur la plan\u00e8te, mais plut\u00f4t une difficult\u00e9 de plus en plus importante, \u00e9conomiquement, g\u00e9ologiquement et techniquement (notamment en terme d\u2019\u00e9nergie utilis\u00e9e) \u00e0 aller miner des minerais.&nbsp;\u00bb<\/em> (10).<\/p>\n\n\n\n<p>Il est donc essentiel de permettre \u00e0 ces objets \u00e9lectriques et \u00e9lectroniques d\u2019atteindre les centres de recyclage, afin qu\u2019ils soient d\u00e9mont\u00e9s dans de bonnes conditions. Cependant, la solution du recyclage pr\u00e9sente encore de nombreuses faiblesses, notamment le fait que seulement une partie des composants r\u00e9cup\u00e9r\u00e9s pourront de nouveau \u00eatre utilis\u00e9s dans la cr\u00e9ation d\u2019un nouvel objet, en raison de pertes tout au long du processus de recyclage. En 2016, on estimait que <em>seuls 9 des 40 m\u00e9taux pr\u00e9sents dans les smartphones proviennent \u00e0 plus de 50 % du recyclage (11).<\/em><\/p>\n\n\n\n<p>Au-del\u00e0 de l\u2019importance du recyclage, il est d\u2019abord primordial de consommer autrement et de privil\u00e9gier la r\u00e9paration \u00e0 l\u2019achat de mat\u00e9riel neuf.<\/p>\n\n\n\n<h4 class=\"wp-block-heading\"><strong>Et les 82.6% restants des DEEE non collect\u00e9s&nbsp;?<\/strong><\/h4>\n\n\n\n<p>Comme cela a d\u00e9j\u00e0 \u00e9t\u00e9 \u00e9voqu\u00e9 plus haut<strong>, la majeure partie des DEEE produits dans le monde disparait des radars<\/strong> et il est difficile de savoir ce qu\u2019ils sont exactement devenus. Certains sont incin\u00e9r\u00e9s, enfouis sous la terre ou encore, apr\u00e8s avoir parcouru des centaines de kilom\u00e8tres de mani\u00e8re ill\u00e9gale, terminent \u00e0 m\u00eame le sol dans des d\u00e9charges \u00e0 ciel ouvert dans des pays du Sud global.<\/p>\n\n\n\n<h4 class=\"wp-block-heading\"><strong>Comment cela est-ce possible&nbsp;?<\/strong><\/h4>\n\n\n\n<p>La gestion, l\u2019\u00e9limination et l\u2019exportation des d\u00e9chets sont strictement encadr\u00e9es et r\u00e9gies par la convention de B\u00e2le, mise en place en 1989 et sign\u00e9e par 53 Etats. (12) Elle pose le cadre l\u00e9gislatif de la mani\u00e8re dont peuvent, ou pas, transiter les d\u00e9chets et surtout elle \u00e9tablit des r\u00e8glementations sp\u00e9cifiques selon le type de d\u00e9chet concern\u00e9. Un point d\u2019attention tout particulier est apport\u00e9 \u00e0 la gestion sp\u00e9cifique des d\u00e9chets appel\u00e9s \u00ab&nbsp;dangereux&nbsp;\u00bb, c\u2019est-\u00e0-dire ceux qui repr\u00e9sentent un risque non n\u00e9gligeable pour l\u2019environnement et la sant\u00e9 humaine (12). C\u2019est dans cette cat\u00e9gorie que nous retrouvons les d\u00e9chets qui nous int\u00e9ressent ici, en raison des m\u00e9taux qui les composent.<\/p>\n\n\n\n<p>Malgr\u00e9 ces r\u00e8glementations, de nombreux DEEE se retrouvent export\u00e9s hors de l\u2019Europe, principalement en Afrique et en Asie. Selon une enqu\u00eate r\u00e9alis\u00e9e en 2019 par l\u2019ONG Basel Action Network, il ressort que l\u2019Europe exporterait pas moins de 352 474 tonnes de d\u00e9chets \u00e9lectroniques par an, dont 64% terminent dans des pays du Sud Global, principalement en Afrique. (13)<\/p>\n\n\n\n<p>Les lois sont contourn\u00e9es et de nombreux objets sont envoy\u00e9s <em>\u00e0 titre humanitaire (14)<\/em>, sous l\u2019\u00e9tiquette \u00ab&nbsp;seconde main&nbsp;\u00bb. Une fois arriv\u00e9s sur place, impossible pour les populations locales de v\u00e9rifier un \u00e0 un l\u2019\u00e9tat des appareils re\u00e7us. Parmi eux, une grande majorit\u00e9 se retrouve \u00eatre en r\u00e9alit\u00e9 des objets qui ne fonctionnent plus. De plus, de nombreux trafics ont \u00e9galement \u00e9merg\u00e9, sur place, en lien avec cette exportation ill\u00e9gale de d\u00e9chets&nbsp;; <em>\u00ab En Afrique, des r\u00e9seaux mafieux importent toujours plus de d\u00e9chets, pour les revendre comme produits d\u2019occasion dans de gigantesques march\u00e9s, ou pour r\u00e9cup\u00e9rer des m\u00e9taux pr\u00e9cieux&nbsp;\u00bb <\/em>(15).<\/p>\n\n\n\n<h4 class=\"wp-block-heading\"><strong>La d\u00e9charge d\u2019Agbogbloshie&nbsp;: th\u00e9\u00e2tre d\u2019enjeux \u00e9conomiques et sociaux sans pr\u00e9c\u00e9dents<\/strong><\/h4>\n\n\n\n<p><strong>La tristement c\u00e9l\u00e8bre d\u00e9charge d\u2019Agbogbloshie<\/strong>, situ\u00e9e dans la ville d\u2019Accra, au Ghana, aussi appel\u00e9e \u00ab&nbsp;la poubelle de l\u2019Occident&nbsp;\u00bb est un exemple concret des cons\u00e9quences \u00e9cologiques et humaines d\u00e9sastreuses de l\u2019exportation des DEEE. Connue comme \u00e9tant \u00ab&nbsp;la plus grande d\u00e9charge des d\u00e9chets \u00e9lectroniques du monde&nbsp;\u00bb (16), les populations locales y d\u00e9composent toutes sortes de DEEE afin d\u2019en r\u00e9cup\u00e9rer les composants de valeurs, principalement le cuivre, l\u2019aluminium et la ferraille (15). Malheureusement, ces personnes, souvent tr\u00e8s jeunes, ne disposent pas des infrastructures et des \u00e9quipements n\u00e9cessaires \u00e0 l\u2019exercice d\u2019un travail d\u00e9cent et exposent leur sant\u00e9 \u00e0 des risques incommensurables. Ils sont d\u2019ailleurs nombreux \u00e0 d\u00e9c\u00e9der de cancers suite \u00e0 l\u2019inhalation de fum\u00e9es toxiques.<\/p>\n\n\n\n<p>Outre les risques \u00e9vidents sur la sant\u00e9 des travailleur.euse.s, il est important de noter que ces pays, comme le Ghana, qui re\u00e7oivent nos d\u00e9chets, manquent de r\u00e8glementations concernant la protection de l\u2019environnement. Les m\u00e9thodes utilis\u00e9es engendrent de ce fait une pollution sans pr\u00e9c\u00e9dent de la zone et des alentours.<\/p>\n\n\n\n<h4 class=\"wp-block-heading\"><strong>Conclusion<\/strong><\/h4>\n\n\n\n<p>De mani\u00e8re g\u00e9n\u00e9rale, nous avons toutes et tous, en tant que citoyen.ne.s et consommateur.rice.s, un r\u00f4le \u00e0 jouer dans l\u2019am\u00e9lioration de la situation. Par des gestes simples, il est possible pour chacun.e.s d\u2019apporter sa pierre \u00e0 l\u2019\u00e9difice. Voici quelques pistes d\u2019action, faciles \u00e0 mettre en place&nbsp;:<\/p>\n\n\n\n<ul class=\"wp-block-list\"><li>Sur-consommer le moins possible&nbsp;;<\/li><li>Prendre soin de ses appareils&nbsp;;<\/li><li>Privil\u00e9gier les achats de seconde main ou objets reconditionn\u00e9s ;<\/li><li>R\u00e9parer&nbsp;;<\/li><li>Recycler, en dernier recours&nbsp;;<\/li><li>Faire pression sur le monde politique pour mettre en \u0153uvre une meilleure gestion des d\u00e9chets&nbsp;;<\/li><li>Faire pression sur les politiciens pour qu\u2019ils incitent les entreprises \u00e0 favoriser l\u2019\u00e9co-conception et \u00e0 investir dans la recherche sur la recyclabilit\u00e9 des produits.<\/li><\/ul>\n\n\n\n<p>Cette liste n\u2019est \u00e9videmment pas exhaustive, mais elle montre que par quelques gestes simples nous pouvons prendre en main notre consommation, et faire en sorte de r\u00e9duire notre impact sur le monde. \u00a0<\/p>\n\n\n\n<p><\/p>\n\n\n\n<p><strong>Florence Lenoir.<\/strong><\/p>\n\n\n\n<p><strong>R\u00e9f\u00e9rences<\/strong><\/p>\n\n\n\n<ol class=\"wp-block-list\" type=\"1\"><li>We are social, Digital Report 2020, <a href=\"https:\/\/wearesocial.com\/fr\/blog\/2020\/01\/digital-report-2020\/\" target=\"_blank\" rel=\"noreferrer noopener\">https:\/\/wearesocial.com\/fr\/blog\/2020\/01\/digital-report-2020\/<\/a>, consult\u00e9 le 22\/10\/2021<\/li><li>Global E-waste Monitor 2020 de l\u2019ONU<\/li><li>Same<\/li><li>Pour en savoir plus : voir l\u2019article de CJP&nbsp;: \u00ab&nbsp;O\u00f9 on est-on dans la lutte contre l\u2019obsolescence programm\u00e9e ?&nbsp;\u00bb, 2021<\/li><li>Global E-waste Monitor 2020 de l\u2019ONU<\/li><li>Same<\/li><li>GANIER, A., Les d\u00e9fis du CEA, Mat\u00e9riaux critiques, n\u00b0244, pp.27-29, 2021<\/li><li>Les cahiers du d\u00e9veloppement durable&nbsp;: <a href=\"http:\/\/les.cahiers-developpement-durable.be\/vivre\/les-matieres-premieres-definitions\/\" target=\"_blank\" rel=\"noreferrer noopener\">http:\/\/les.cahiers-developpement-durable.be\/vivre\/les-matieres-premieres-definitions\/<\/a>, consult\u00e9 le 22\/10\/21<\/li><li>Pour en savoir plus&nbsp;: voir l\u2019article de CJP&nbsp;:&nbsp;\u00ab&nbsp;L\u2019utilisation d\u2019enfants dans l\u2019exploitation des ressources mini\u00e8res \u00e0 l\u2019Est de la RD Congo : entre urgence et perspective&nbsp;\u00bb, 2021<\/li><li>Mathot, C., \u00ab&nbsp;Ressources limit\u00e9s, conflits interminables&nbsp;?&nbsp;\u00bb, Justice et Paix, Etude 2020,&nbsp;p.11<\/li><li>LECOMTE,C., \u00ab&nbsp;Les dessous du recyclage : 10 ans de suivi de la fili\u00e8re des d\u00e9chets \u00e9lectriques et \u00e9lectroniques en France&nbsp;\u00bb, Les amis de la terre France, 2016, <a href=\"https:\/\/www.amisdelaterre.org\/communique-presse\/les-dessous-du-recyclage-10-ans-de-suivi-de-la-filiere-des-dechets-electriques\/\" target=\"_blank\" rel=\"noreferrer noopener\">https:\/\/www.amisdelaterre.org\/communique-presse\/les-dessous-du-recyclage-10-ans-de-suivi-de-la-filiere-des-dechets-electriques\/<\/a>, consult\u00e9 le 22\/10\/21<\/li><li>Nation Unie, Collection des trait\u00e9s, Convention de B\u00e2le sur le contr\u00f4le des mouvements transfronti\u00e8res de d\u00e9chets dangereux et de leur \u00e9limination, B\u00e2le, 22 mars 1989<\/li><li>GreenIT.fr, BORDAGE, F., \u00ab&nbsp;D\u00e9chets \u00e9lectroniques : l\u2019Europe est-elle une passoire ?&nbsp;\u00bb, 2019<\/li><li>DJEBALI, F., \u00ab&nbsp;L\u2019Afrique, poubelle num\u00e9rique&nbsp;\u00bb, 2015, <a href=\"https:\/\/www.aa.com.tr\/fr\" target=\"_blank\" rel=\"noreferrer noopener\">https:\/\/www.aa.com.tr\/fr<\/a>, consult\u00e9 le 22\/10\/21<\/li><li>PIROT, A., SALVOCH, C., Le monde en face, \u00ab&nbsp;D\u00e9chets \u00e9lectroniques, le grand d\u00e9tournement&nbsp;\u00bb, reportage France 5, 2019<\/li><li>Base de donn\u00e9e de l\u2019Atlas des conflits pour la justice environnementale, \u00ab&nbsp;recyclage des d\u00e9chets \u00e9lectroniques dangereux dans Agbogbloshie, Accra, Ghana&nbsp;\u00bb, <a href=\"https:\/\/ejatlas.org\/conflict\/agbogbloshie-e-waste-landfill-ghana\/?translate=fr\" target=\"_blank\" rel=\"noreferrer noopener\">https:\/\/ejatlas.org\/conflict\/agbogbloshie-e-waste-landfill-ghana\/?translate=fr<\/a>, consult\u00e9 le 22\/10\/21<\/li><\/ol>","protected":false},"excerpt":{"rendered":"<p>Smartphones, computers, robot vacuum cleaners, etc. All this electrical and electronic equipment delights consumers and fills our homes and our drawers. <\/p>","protected":false},"author":57,"featured_media":20603,"comment_status":"open","ping_status":"open","sticky":false,"template":"","format":"standard","meta":{"_acf_changed":false,"_seopress_robots_primary_cat":"2719","_seopress_titles_title":"","_seopress_titles_desc":"","_seopress_robots_index":"","footnotes":""},"categories":[2696,2722,2719],"tags":[2831,2845,2822,2832,2811,3057],"class_list":["post-20602","post","type-post","status-publish","format-standard","has-post-thumbnail","hentry","category-actualites","category-articles-nos-publications","category-nos-publications","tag-acteurs-economiques","tag-ecologie","tag-mondialisation","tag-responsabilite-du-consommateur","tag-ressources-naturelles","tag-transition-ecologique"],"acf":[],"_links":{"self":[{"href":"https:\/\/www.justicepaix.be\/en\/wp-json\/wp\/v2\/posts\/20602","targetHints":{"allow":["GET"]}}],"collection":[{"href":"https:\/\/www.justicepaix.be\/en\/wp-json\/wp\/v2\/posts"}],"about":[{"href":"https:\/\/www.justicepaix.be\/en\/wp-json\/wp\/v2\/types\/post"}],"author":[{"embeddable":true,"href":"https:\/\/www.justicepaix.be\/en\/wp-json\/wp\/v2\/users\/57"}],"replies":[{"embeddable":true,"href":"https:\/\/www.justicepaix.be\/en\/wp-json\/wp\/v2\/comments?post=20602"}],"version-history":[{"count":0,"href":"https:\/\/www.justicepaix.be\/en\/wp-json\/wp\/v2\/posts\/20602\/revisions"}],"wp:featuredmedia":[{"embeddable":true,"href":"https:\/\/www.justicepaix.be\/en\/wp-json\/wp\/v2\/media\/20603"}],"wp:attachment":[{"href":"https:\/\/www.justicepaix.be\/en\/wp-json\/wp\/v2\/media?parent=20602"}],"wp:term":[{"taxonomy":"category","embeddable":true,"href":"https:\/\/www.justicepaix.be\/en\/wp-json\/wp\/v2\/categories?post=20602"},{"taxonomy":"post_tag","embeddable":true,"href":"https:\/\/www.justicepaix.be\/en\/wp-json\/wp\/v2\/tags?post=20602"}],"curies":[{"name":"wp","href":"https:\/\/api.w.org\/{rel}","templated":true}]}}