{"id":19970,"date":"2021-08-04T13:26:15","date_gmt":"2021-08-04T11:26:15","guid":{"rendered":"https:\/\/www.justicepaix.be\/?p=19970"},"modified":"2021-08-04T15:41:20","modified_gmt":"2021-08-04T13:41:20","slug":"salonvaleriane","status":"publish","type":"post","link":"https:\/\/www.justicepaix.be\/en\/salonvaleriane\/","title":{"rendered":"Conference \u2013 Planned obsolescence and overconsumption: practical cases, problems and solutions"},"content":{"rendered":"<div class=\"wp-block-columns is-layout-flex wp-container-core-columns-is-layout-28f84493 wp-block-columns-is-layout-flex\">\n<div class=\"wp-block-column is-layout-flow wp-block-column-is-layout-flow\">\n<p><strong>Today we live without limits in a finite world.<\/strong><\/p>\n\n\n\n<p>There <strong>overconsumption<\/strong> specific to our societies has a direct impact on the extraction of natural resources, some of which are non-renewable. This is the case for minerals which are found, among other things, in all our electronic objects. We consume more and more and throw away more and more.<\/p>\n\n\n\n<p>It is essential to escape from this society of overconsumption and planned obsolescence.<br>How ? <strong>Justice and Peace<\/strong> And <strong>Repair Together<\/strong> will try to answer this question during this conference organized as part of the <strong>Salon Valeriane 2021<\/strong>.<\/p>\n\n\n\n<p>The conference will take place on Saturday September 4 from 4 p.m. to 6 p.m. at the Salon Val\u00e9riane at Namur Expo.                  <\/p>\n\n\n\n<p><\/p>\n\n\n\n<p>Living room entrance: <strong>8\u20ac<\/strong> \u2013 Ticket <a href=\"https:\/\/www.universe.com\/events\/valriane-le-salon-bio-tickets-9B8TKR\">available for pre-sale<\/a>.<\/p>\n<\/div>\n\n\n\n<div class=\"wp-block-column is-layout-flow wp-block-column-is-layout-flow\">\n<figure class=\"wp-block-image size-large\"><img fetchpriority=\"high\" decoding=\"async\" width=\"724\" height=\"1024\" src=\"https:\/\/www.justicepaix.be\/wp-content\/uploads\/2021\/08\/Conference_Valeriane_2021_definitive-724x1024.png\" alt=\"\" class=\"wp-image-19971\" srcset=\"https:\/\/www.justicepaix.be\/wp-content\/uploads\/2021\/08\/Conference_Valeriane_2021_definitive-724x1024.png 724w, https:\/\/www.justicepaix.be\/wp-content\/uploads\/2021\/08\/Conference_Valeriane_2021_definitive-212x300.png 212w, https:\/\/www.justicepaix.be\/wp-content\/uploads\/2021\/08\/Conference_Valeriane_2021_definitive-768x1086.png 768w, https:\/\/www.justicepaix.be\/wp-content\/uploads\/2021\/08\/Conference_Valeriane_2021_definitive-1086x1536.png 1086w, https:\/\/www.justicepaix.be\/wp-content\/uploads\/2021\/08\/Conference_Valeriane_2021_definitive-1448x2048.png 1448w, https:\/\/www.justicepaix.be\/wp-content\/uploads\/2021\/08\/Conference_Valeriane_2021_definitive.png 1587w\" sizes=\"(max-width: 724px) 100vw, 724px\" \/><\/figure>\n<\/div>\n<\/div>\n\n\n\n<ul class=\"wp-block-social-links is-layout-flex wp-block-social-links-is-layout-flex\"><li class=\"wp-social-link wp-social-link-facebook  wp-block-social-link\"><a href=\"https:\/\/www.facebook.com\/valeriane.natpro\" class=\"wp-block-social-link-anchor\"><svg width=\"24\" height=\"24\" viewbox=\"0 0 24 24\" version=\"1.1\" xmlns=\"http:\/\/www.w3.org\/2000\/svg\" aria-hidden=\"true\" focusable=\"false\"><path d=\"M12 2C6.5 2 2 6.5 2 12c0 5 3.7 9.1 8.4 9.9v-7H7.9V12h2.5V9.8c0-2.5 1.5-3.9 3.8-3.9 1.1 0 2.2.2 2.2.2v2.5h-1.3c-1.2 0-1.6.8-1.6 1.6V12h2.8l-.4 2.9h-2.3v7C18.3 21.1 22 17 22 12c0-5.5-4.5-10-10-10z\"><\/path><\/svg><span class=\"wp-block-social-link-label screen-reader-text\">Facebook<\/span><\/a><\/li><\/ul>\n\n\n\n<p><\/p>","protected":false},"excerpt":{"rendered":"<p>Aujourd&rsquo;hui, nous vivons sans limites dans un monde fini. La surconsommation propre \u00e0 nos soci\u00e9t\u00e9s a un impact direct sur le pr\u00e9l\u00e8vement de ressources naturelles dont certaines ne sont pas renouvelables. C&rsquo;est le cas des minerais qui se retrouvent entre autres dans tous nos objets \u00e9lectroniques. Nous en consommons de plus en plus et en [&hellip;]<\/p>\n","protected":false},"author":62,"featured_media":19979,"comment_status":"open","ping_status":"open","sticky":false,"template":"","format":"standard","meta":{"_acf_changed":false,"_seopress_robots_primary_cat":"2696","_seopress_titles_title":"","_seopress_titles_desc":"","_seopress_robots_index":"","footnotes":""},"categories":[2696],"tags":[2814,2811],"class_list":["post-19970","post","type-post","status-publish","format-standard","has-post-thumbnail","hentry","category-actualites","tag-developpement-durable","tag-ressources-naturelles"],"acf":[],"_links":{"self":[{"href":"https:\/\/www.justicepaix.be\/en\/wp-json\/wp\/v2\/posts\/19970","targetHints":{"allow":["GET"]}}],"collection":[{"href":"https:\/\/www.justicepaix.be\/en\/wp-json\/wp\/v2\/posts"}],"about":[{"href":"https:\/\/www.justicepaix.be\/en\/wp-json\/wp\/v2\/types\/post"}],"author":[{"embeddable":true,"href":"https:\/\/www.justicepaix.be\/en\/wp-json\/wp\/v2\/users\/62"}],"replies":[{"embeddable":true,"href":"https:\/\/www.justicepaix.be\/en\/wp-json\/wp\/v2\/comments?post=19970"}],"version-history":[{"count":0,"href":"https:\/\/www.justicepaix.be\/en\/wp-json\/wp\/v2\/posts\/19970\/revisions"}],"wp:featuredmedia":[{"embeddable":true,"href":"https:\/\/www.justicepaix.be\/en\/wp-json\/wp\/v2\/media\/19979"}],"wp:attachment":[{"href":"https:\/\/www.justicepaix.be\/en\/wp-json\/wp\/v2\/media?parent=19970"}],"wp:term":[{"taxonomy":"category","embeddable":true,"href":"https:\/\/www.justicepaix.be\/en\/wp-json\/wp\/v2\/categories?post=19970"},{"taxonomy":"post_tag","embeddable":true,"href":"https:\/\/www.justicepaix.be\/en\/wp-json\/wp\/v2\/tags?post=19970"}],"curies":[{"name":"wp","href":"https:\/\/api.w.org\/{rel}","templated":true}]}}