{"id":17252,"date":"2021-04-02T15:37:15","date_gmt":"2021-04-02T13:37:15","guid":{"rendered":"https:\/\/demop.netbaz.be\/2021\/jp\/2021\/04\/02\/low-tech-et-sobriete-comme-moteurs-de-la-transition-ecologique\/"},"modified":"2022-07-12T12:43:03","modified_gmt":"2022-07-12T10:43:03","slug":"low-tech-et-sobriete-comme-moteurs-de-la-transition-ecologique","status":"publish","type":"post","link":"https:\/\/www.justicepaix.be\/en\/low-tech-et-sobriete-comme-moteurs-de-la-transition-ecologique\/","title":{"rendered":"Low Tech and sobriety as drivers of the ecological transition"},"content":{"rendered":"\n<div class=\"wp-block-image\"><figure class=\"aligncenter is-resized\"><img fetchpriority=\"high\" decoding=\"async\" src=\"http:\/\/demop.netbaz.be\/2021\/jp\/wp-content\/uploads\/2021\/04\/png_lowtech.png\" alt=\"lowtech.png\" class=\"wp-image-17251\" width=\"841\" height=\"555\" srcset=\"https:\/\/www.justicepaix.be\/wp-content\/uploads\/2021\/04\/png_lowtech.png 411w, https:\/\/www.justicepaix.be\/wp-content\/uploads\/2021\/04\/png_lowtech-300x198.png 300w\" sizes=\"(max-width: 841px) 100vw, 841px\" \/><\/figure><\/div>\n\n\n\n<p class=\"post_excerpt\">Il est int\u00e9ressant d\u2019observer que le constat de l\u2019impasse du mod\u00e8le \u00e9conomique actuel est partag\u00e9 par la plupart des acteurs de notre soci\u00e9t\u00e9. Tant les ONG que les institutions europ\u00e9ennes ont conscience de la dangereuse trajectoire sur laquelle notre humanit\u00e9 se trouve. Mais c\u2019est au niveau des solutions \u00e0 apporter que les trajectoires divergent : chacun de ces acteurs semble avoir une interpr\u00e9tation diff\u00e9rente de la \u00ab transition \u00e9cologique \u00bb.<br>\n<\/p>\n\n\n\n<p><br>\nDes contradictions flagrantes apparaissent entre les engagements des responsables politiques et les projections de consommation de ressources naturelles. Dans sa feuille de route pour \u00ab <em>une Europe efficace dans l\u2019utilisation des ressources <\/em> \u00bb (2011), l\u2019UE fait d\u00e9j\u00e0 \u00e9tat de la n\u00e9cessit\u00e9 de changement : \u00ab <em>Si nous continuons \u00e0 utiliser les ressources au rythme actuel, il nous faudra, au total, l\u2019\u00e9quivalent de plus de deux plan\u00e8tes pour subvenir \u00e0 nos besoins d\u2019ici \u00e0 2050, et nombreux sont ceux qui ne r\u00e9aliseront pas leurs aspirations \u00e0 une meilleure qualit\u00e9 de vie<\/em> \u00bb. Elle insiste sur la n\u00e9cessit\u00e9 de multiplier \u00ab la productivit\u00e9 des ressources d\u2019ici \u00e0 2050  <span class=\"footnote_referrer\"><a role=\"button\" tabindex=\"0\" onclick=\"footnote_moveToReference_17252_1('footnote_plugin_reference_17252_1_1');\" onkeypress=\"footnote_moveToReference_17252_1('footnote_plugin_reference_17252_1_1');\" ><sup id=\"footnote_plugin_tooltip_17252_1_1\" class=\"footnote_plugin_tooltip_text\">[1]<\/sup><\/a><span id=\"footnote_plugin_tooltip_text_17252_1_1\" class=\"footnote_tooltip\">La productivit\u00e9 des ressources permet de d\u00e9crire l\u2019efficacit\u00e9 avec laquelle une \u00e9conomie transforme les ressources naturelles en produits utiles ou en richesses et les impacts environnementaux&nbsp;&#x2026; <span class=\"footnote_tooltip_continue\"  onclick=\"footnote_moveToReference_17252_1('footnote_plugin_reference_17252_1_1');\">Continuer la lecture<\/span><\/span><\/span><script type=\"text\/javascript\"> jQuery('#footnote_plugin_tooltip_17252_1_1').tooltip({ tip: '#footnote_plugin_tooltip_text_17252_1_1', tipClass: 'footnote_tooltip', effect: 'fade', predelay: 0, fadeInSpeed: 200, delay: 400, fadeOutSpeed: 200, position: 'top center', relative: true, offset: [-7, 0], });<\/script> \u00bb et prend une s\u00e9rie d\u2019engagements pour 2020. Parmi ceux-ci, l\u2019UE souhaite permettre aux consommateurs de choisir des produits \u00e9conomes en ressources pour inciter les entreprises \u00e0 s\u2019engager dans cette voie, transformer les d\u00e9chets en ressources, supprimer les subventions dommageables \u00e0 l\u2019environnement, etc. En 2015, dans son plan d\u2019action pour l\u2019\u00e9conomie circulaire, la Commission europ\u00e9enne annonce des mesures li\u00e9es \u00e0 la r\u00e9parabilit\u00e9, la durabilit\u00e9 et la recyclabilit\u00e9 des objets. Pareil en 2020 dans son nouveau plan d\u2019action pour l\u2019\u00e9conomie circulaire, pilier du Green Deal.<\/p>\n\n\n\n<!--more-->\n\n\n\n<p>Mais 10 ans apr\u00e8s la publication de cette feuille de route, avons-nous vraiment avanc\u00e9 ? Quel bilan pouvons-nous faire ? Pouvons-nous observer, ne serait-ce que comme citoyen\/consommateur les r\u00e9sultats concrets de ces engagements ? L\u2019UE peut-elle d\u00e9montrer des r\u00e9ductions cons\u00e9quentes d\u2019utilisation de mati\u00e8res premi\u00e8res ? Malheureusement, non. Si des changements ont eu lieu, ils ne sont pas \u00e0 la mesure des enjeux. Les incoh\u00e9rences persistent. <\/p>\n\n\n\n<p>Cela s\u2019explique en partie par notre mod\u00e8le technologique, incompatible avec une logique d\u2019\u00e9conomie circulaire. Celui-ci a suivi le chemin de la complexification et de la miniaturisation. Nos technologies consomment plus de ressources naturelles diff\u00e9rentes (m\u00e9taux) dans des dimensions plus petites et donc pratiquement irr\u00e9cup\u00e9rables. Et elles se r\u00e9pandent de plus en plus avec un rythme de renouvellement croissant (objets connect\u00e9s, etc.) en raison de l\u2019obsolescence pr\u00e9matur\u00e9e <span class=\"footnote_referrer\"><a role=\"button\" tabindex=\"0\" onclick=\"footnote_moveToReference_17252_1('footnote_plugin_reference_17252_1_2');\" onkeypress=\"footnote_moveToReference_17252_1('footnote_plugin_reference_17252_1_2');\" ><sup id=\"footnote_plugin_tooltip_17252_1_2\" class=\"footnote_plugin_tooltip_text\">[2]<\/sup><\/a><span id=\"footnote_plugin_tooltip_text_17252_1_2\" class=\"footnote_tooltip\">La notion d\u2019obsolescence programm\u00e9e d\u00e9nonce un stratag\u00e8me par lequel un bien verrait sa dur\u00e9e normative sciemment r\u00e9duite d\u00e8s sa conception, limitant ainsi sa dur\u00e9e d\u2019usage pour des&nbsp;&#x2026; <span class=\"footnote_tooltip_continue\"  onclick=\"footnote_moveToReference_17252_1('footnote_plugin_reference_17252_1_2');\">Continuer la lecture<\/span><\/span><\/span><script type=\"text\/javascript\"> jQuery('#footnote_plugin_tooltip_17252_1_2').tooltip({ tip: '#footnote_plugin_tooltip_text_17252_1_2', tipClass: 'footnote_tooltip', effect: 'fade', predelay: 0, fadeInSpeed: 200, delay: 400, fadeOutSpeed: 200, position: 'top center', relative: true, offset: [-7, 0], });<\/script> . <\/p>\n\n\n\n<p>Prenons pour exemple le smartphone, symbole de l\u2019\u00e8re 2.0 : il est compos\u00e9 d\u2019environ 45 minerais diff\u00e9rents (or, argent, cobalt, tantale, lithium, etc.) et un belge en change tous les 18 mois en moyenne. Les d\u00e9chets d\u2019\u00e9quipements \u00e9lectriques et \u00e9lectroniques sont ceux qui connaissent la plus grande croissance. Et l\u2019\u00e9lectronique prend toujours plus de place, partout, toujours plus connect\u00e9. Tant que les technologies resteront comme telles, des objectifs d\u2019\u00e9conomie circulaire resteront hors de port\u00e9e. Alors, \u00e0 quand une r\u00e9elle politique coh\u00e9rente ? Il nous semble essentiel que l\u2019objectif de r\u00e9duction de la production et de la consommation guide les futures d\u00e9cisions. Le ma\u00eetre mot doit \u00eatre celui de la sobri\u00e9t\u00e9.<\/p>\n\n\n\n<p><bloc> De l\u2019indispensable sobri\u00e9t\u00e9<\/bloc><\/p>\n\n\n\n<p>\u00c9tant donn\u00e9 les chiffres \u00e9voqu\u00e9s plus haut et les contradictions qu\u2019ils renferment, nous pensons que le paradigme qui devrait guider les choix politiques est celui de la sobri\u00e9t\u00e9. Nous ne pr\u00e9tendons pas inventer quoi que ce soit en utilisant ce terme. Par sobri\u00e9t\u00e9, nous entendons la r\u00e9duction de nos besoins, autrement dit, vivre mieux avec moins. Cela sous-entend une r\u00e9vision de nos modes de production et de l\u2019\u00e9nergie qui les alimente ainsi que de nos modes de consommation, dans le but de diminuer la pression sur les ressources primaires. \u00ab <em>Pour Serge Latouche, la sobri\u00e9t\u00e9 r\u00e9\u00e9value les usages et les besoins, les imaginaires, les modes de vie, la culture, les formes d\u2019organisation collectives et individuelles ; elle invoque un niveau \u00ab m\u00e9ta \u00bb, syst\u00e9mique, sur le plan des besoins, consistant \u00e0 se demander si nous avons r\u00e9ellement besoin de ce que nous pensions avoir besoin<\/em> \u00bb <span class=\"footnote_referrer\"><a role=\"button\" tabindex=\"0\" onclick=\"footnote_moveToReference_17252_1('footnote_plugin_reference_17252_1_3');\" onkeypress=\"footnote_moveToReference_17252_1('footnote_plugin_reference_17252_1_3');\" ><sup id=\"footnote_plugin_tooltip_17252_1_3\" class=\"footnote_plugin_tooltip_text\">[3]<\/sup><\/a><span id=\"footnote_plugin_tooltip_text_17252_1_3\" class=\"footnote_tooltip\">FLIPO F., L\u2019imp\u00e9ratif de la sobri\u00e9t\u00e9 num\u00e9rique. L\u2019enjeu des modes de vie \u00bb, France, 2020, p. 35.<\/span><\/span><script type=\"text\/javascript\"> jQuery('#footnote_plugin_tooltip_17252_1_3').tooltip({ tip: '#footnote_plugin_tooltip_text_17252_1_3', tipClass: 'footnote_tooltip', effect: 'fade', predelay: 0, fadeInSpeed: 200, delay: 400, fadeOutSpeed: 200, position: 'top center', relative: true, offset: [-7, 0], });<\/script>.<\/p>\n\n\n\n<p>Nous associons l\u2019objectif de sobri\u00e9t\u00e9 \u00e0 la d\u00e9marche des \u00ab Low Tech \u00bb. Cette d\u00e9marche peut s\u2019illustrer sous forme d\u2019un questionnement en trois \u00e9tapes : Pourquoi produit-on ? Que produit-on ? Comment le produit-on ? Ce cadre pourrait permettre \u00e0 nos d\u00e9cideur.euses politiques d\u2019arbitrer des d\u00e9cisions en vue d\u2019une soci\u00e9t\u00e9 soutenable aux niveaux social et environnemental.<br>\n<\/p>\n\n\n\n<p><bloc> Des applications concr\u00e8tes<\/bloc><\/p>\n\n\n\n<p><strong> <em>Pourquoi produit-on ?<\/em> <\/strong><br>\nIl s\u2019agit de se questionner sur nos vrais besoins. La plupart des biens que nous consommons ne r\u00e9pondent pas \u00e0 des besoins r\u00e9els. Bien souvent, ces achats sont li\u00e9s \u00e0 l\u2019image sociale qu\u2019ils renvoient, sous l\u2019effet de la publicit\u00e9. Un changement des mentalit\u00e9s nous appara\u00eet donc indispensable pour sortir de la soci\u00e9t\u00e9 de surconsommation dans laquelle nous nous trouvons. Olivier de Schutter explique que \u201c<em>Plus \u00e9galitaire est une soci\u00e9t\u00e9, moins chacun de ses individus se sent contraint \u00e0 participer \u00e0 la qu\u00eate infinie du statut par la consommation<\/em> <span class=\"footnote_referrer\"><a role=\"button\" tabindex=\"0\" onclick=\"footnote_moveToReference_17252_1('footnote_plugin_reference_17252_1_4');\" onkeypress=\"footnote_moveToReference_17252_1('footnote_plugin_reference_17252_1_4');\" ><sup id=\"footnote_plugin_tooltip_17252_1_4\" class=\"footnote_plugin_tooltip_text\">[4]<\/sup><\/a><span id=\"footnote_plugin_tooltip_text_17252_1_4\" class=\"footnote_tooltip\">DESCHUTTER O., Contraction et double convergence. Vers des strat\u00e9gies pluriannuelles de d\u00e9veloppement durable, pp. 19 et 20, in Autour de Tim Jackson, inventer la prosp\u00e9rit\u00e9 sans croissance.&nbsp;&#x2026; <span class=\"footnote_tooltip_continue\"  onclick=\"footnote_moveToReference_17252_1('footnote_plugin_reference_17252_1_4');\">Continuer la lecture<\/span><\/span><\/span><script type=\"text\/javascript\"> jQuery('#footnote_plugin_tooltip_17252_1_4').tooltip({ tip: '#footnote_plugin_tooltip_text_17252_1_4', tipClass: 'footnote_tooltip', effect: 'fade', predelay: 0, fadeInSpeed: 200, delay: 400, fadeOutSpeed: 200, position: 'top center', relative: true, offset: [-7, 0], });<\/script>\u201d. Le discours doit donc changer \u00e0 tous les niveaux et s\u2019articuler avec une meilleure redistribution des revenus <span class=\"footnote_referrer\"><a role=\"button\" tabindex=\"0\" onclick=\"footnote_moveToReference_17252_1('footnote_plugin_reference_17252_1_5');\" onkeypress=\"footnote_moveToReference_17252_1('footnote_plugin_reference_17252_1_5');\" ><sup id=\"footnote_plugin_tooltip_17252_1_5\" class=\"footnote_plugin_tooltip_text\">[5]<\/sup><\/a><span id=\"footnote_plugin_tooltip_text_17252_1_5\" class=\"footnote_tooltip\">Voir plus loin dans l\u2019\u00e9tude de Justice et Paix \u00ab Une plan\u00e8te \u00e0 bout de souffle. R\u00e9duire, imaginer, agir. \u00bb, 2017, p. 37.<\/span><\/span><script type=\"text\/javascript\"> jQuery('#footnote_plugin_tooltip_17252_1_5').tooltip({ tip: '#footnote_plugin_tooltip_text_17252_1_5', tipClass: 'footnote_tooltip', effect: 'fade', predelay: 0, fadeInSpeed: 200, delay: 400, fadeOutSpeed: 200, position: 'top center', relative: true, offset: [-7, 0], });<\/script>. <\/p>\n\n\n\n<p>Par quelles mesures concr\u00e8tes cela pourrait-il passer ?<\/p>\n\n\n\n<ul class=\"wp-block-list\"><li> R\u00e9fl\u00e9chir \u00e0 l\u2019impact de la publicit\u00e9 en refusant les publicit\u00e9s incitant \u00e0 la sur-consommation et coupables de greenwashing. Mettre en place des campagnes sensibilisant \u00e0 l\u2019impact des produits, \u00e0 la r\u00e9paration, etc.<\/li><li> R\u00e9duire les d\u00e9penses \u00e9nerg\u00e9tiques non essentielles en supprimant par exemple les \u00e9crans publicitaires, vitrines allum\u00e9es, etc. dans le m\u00eame esprit que la suppression des plastiques \u00e0 usage unique. R\u00e9fl\u00e9chir aux \u00ab absurdit\u00e9s \u00e9cologiques \u00bb.<\/li><li> Mettre en place un syst\u00e8me de veille citoyenne sur la question des nouvelles technologies (exemple : 5G et autres), en instaurant un syst\u00e8me de consultation citoyenne.<\/li><li> Exiger des producteurs des informations quant \u00e0 l\u2019impact social et environnemental de leurs produits.<\/li><li> Am\u00e9liorer la transparence des responsables politiques vis-\u00e0-vis des enjeux \u00e9cologiques actuels via une meilleure communication.<\/li><li> Int\u00e9grer aux march\u00e9s publics et aux aides aux entreprises des crit\u00e8res socio-environnementaux.<\/li><li> Utiliser le mod\u00e8le de l\u2019\u00e9conomie du doonut pour arbitrer les d\u00e9cisions politiques afin d\u2019y int\u00e9grer des crit\u00e8res sociaux et environnementaux. <\/li><\/ul>\n\n\n\n<p><strong> <em>Que produit-on ?<\/em> <\/strong><br>\nIl s\u2019agit d\u2019augmenter la dur\u00e9e de vie de nos produits. Et pour cela, r\u00e9viser le cahier des charges est essentiel. Aux crit\u00e8res de miniaturisation, performance et esth\u00e9tique, on opposera ceux de la simplicit\u00e9, de la robustesse, de la modularit\u00e9, de la r\u00e9parabilit\u00e9, de la recyclabilit\u00e9, en bref, de la durabilit\u00e9. Les objets de demain doivent r\u00e9pondre \u00e0 ces crit\u00e8res, en utilisant le moins d\u2019\u00e9nergie possible, le moins de ressources non renouvelables et le moins d\u2019\u00e9lectronique. <\/p>\n\n\n\n<p>Par quelles mesures concr\u00e8tes cela pourrait-il passer ?<\/p>\n\n\n\n<ul class=\"wp-block-list\"><li> <strong>Durabilit\u00e9<\/strong> : mettre en place un indice de durabilit\u00e9 sur les objets comprenant des informations sur la pr\u00e9sence de m\u00e9taux critiques, la provenance des mat\u00e9riaux, l\u2019ampleur de la cha\u00eene de production, le taux de mati\u00e8res premi\u00e8res recycl\u00e9es, la r\u00e9parabilit\u00e9, la dur\u00e9e de vie, etc. Etendre la dur\u00e9e de la garantie des objets.<\/li><li> <strong>\u00c9co-conception<\/strong> : aller vers plus de standardisation et de simplicit\u00e9 permettant un recyclage plus ais\u00e9, r\u00e9duire le nombre de composants, penser recyclage d\u00e8s la conception, int\u00e9grer un taux de mati\u00e8res recycl\u00e9es minimal, etc.<\/li><li> <strong>Droit de r\u00e9paration <\/strong> : Promouvoir la r\u00e9paration et augmenter son accessibilit\u00e9, adapter la fiscalit\u00e9 de la r\u00e9paration, rendre les pi\u00e8ces de rechange disponibles pendant plus longtemps, etc. <\/li><li> <strong>Meilleure gestion des d\u00e9chets \u00e9lectroniques<\/strong> : assurer une meilleure tra\u00e7abilit\u00e9 des d\u00e9chets, favoriser des fili\u00e8res de reconditionnement locales, etc.<\/li><li> <strong>Sobri\u00e9t\u00e9 num\u00e9rique<\/strong> : faire de la sobri\u00e9t\u00e9 num\u00e9rique un cadre contraignant. Le num\u00e9rique gaspille une \u00e9nergie gigantesque. Il est possible et essentiel de r\u00e9duire son empreinte.<\/li><\/ul>\n\n\n\n<p><strong> <em>Comment le produit-on ?<\/em> <\/strong><br>\nUne fois d\u00e9cid\u00e9 ce que l\u2019on produit, il s\u2019agit de d\u00e9terminer comment on le produit.  Cela touche \u00e0 nos modes de production. La crise du Covid nous a montr\u00e9 la vuln\u00e9rabilit\u00e9 de nos cha\u00eenes de production mondialis\u00e9es. Ne devrait-on pas s\u2019interroger sur nos \u00e9chelles de production ? Faut-il continuer \u00e0 produire toujours plus dans des giga-usines ou relocaliser dans des ateliers \u00e0 taille humaine ? Ne faut-il pas questionner la place donn\u00e9e au travail humain face \u00e0 la robotisation et l\u2019intelligence artificielle ? <\/p>\n\n\n\n<p>\u00ab <em>Il ne s\u2019agit \u00e9videmment pas de tout \u00ab d\u00e9m\u00e9caniser \u00bb jusqu\u2019au rouet de Ghandi et \u00e0 la traction animale ! Mais en r\u00e9implantant des ateliers et des entreprises \u00e0 taille humaine, en fabriquant des biens durables, en s\u2019\u00e9quipant de quelques machines simples et robustes et en pr\u00e9servant un certain nombre d\u2019acquis \u2013 comme la commande num\u00e9rique \u2013 on devrait pouvoir conserver une bonne part de la productivit\u00e9 actuelle tout en baissant le contenu \u00e9nerg\u00e9tique. Ces unit\u00e9s de fabrication, moins productives mais plus riches en travail et plus proches des bassins de consommation, seraient articul\u00e9es avec des r\u00e9seaux de r\u00e9cup\u00e9ration, r\u00e9paration, revente et partage des objets du quotidien<\/em> \u00bb   <span class=\"footnote_referrer\"><a role=\"button\" tabindex=\"0\" onclick=\"footnote_moveToReference_17252_1('footnote_plugin_reference_17252_1_6');\" onkeypress=\"footnote_moveToReference_17252_1('footnote_plugin_reference_17252_1_6');\" ><sup id=\"footnote_plugin_tooltip_17252_1_6\" class=\"footnote_plugin_tooltip_text\">[6]<\/sup><\/a><span id=\"footnote_plugin_tooltip_text_17252_1_6\" class=\"footnote_tooltip\">La Fabrique \u00e9cologique, Vers des technologies sobres et r\u00e9silientes \u2013 Pourquoi et comment d\u00e9velopper l\u2019innovation Low Tech ?, 2018.<\/span><\/span><script type=\"text\/javascript\"> jQuery('#footnote_plugin_tooltip_17252_1_6').tooltip({ tip: '#footnote_plugin_tooltip_text_17252_1_6', tipClass: 'footnote_tooltip', effect: 'fade', predelay: 0, fadeInSpeed: 200, delay: 400, fadeOutSpeed: 200, position: 'top center', relative: true, offset: [-7, 0], });<\/script>.<\/p>\n\n\n\n<p>Nous sommes convaincus que des solutions existent et sont \u00e0 la port\u00e9e de nos d\u00e9cideur.euse.s politiques. Mais ceux\/celles-ci doivent se montrer alertes face aux \u00ab fausses \u00bb solutions, celles qui ne tiennent pas compte de la disponibilit\u00e9 limit\u00e9e des ressources et des impacts socio-environnementaux de leur extraction. Une analyse pos\u00e9e et r\u00e9fl\u00e9chie doit avoir lieu par rapport \u00e0 ces choix de transition qui impacteront durablement notre avenir. Nous sommes \u00e0 un moment cl\u00e9 de notre histoire o\u00f9 plusieurs chemins s\u2019offrent \u00e0 nous. T\u00e2chons d\u2019emprunter la bonne voie. <\/p>\n\n\n\n<p>Remarque : la r\u00e9flexion d\u00e9velopp\u00e9e dans cette analyse peut \u00eatre poursuivie dans l\u2019analyse intitul\u00e9e \u00ab <em>les contradictions de la transition \u00e9cologique : zoom sur les minerais<\/em> \u00bb.<br>\n<\/p>\n\n\n\n<p><strong>G\u00e9raldine Duquenne.<\/strong><br>\n<\/p>\n\n\n\n<h2 class=\"wp-block-heading\">Documents joints<\/h2>\n\n\n\n<div class=\"wp-block-file\"><a href=\"http:\/\/demop.netbaz.be\/2021\/jp\/wp-content\/uploads\/2021\/04\/pdf_2021_analyse_low_tech_sobriete_comme_moteurs_de_la_transition_ecologique.pdf\">Low Tech et sobri\u00e9t\u00e9 comme moteurs de la transition \u00e9cologique<\/a><\/div>\n<div class=\"speaker-mute footnotes_reference_container\"> <div class=\"footnote_container_prepare\"><p><span role=\"button\" tabindex=\"0\" class=\"footnote_reference_container_label pointer\" onclick=\"footnote_expand_collapse_reference_container_17252_1();\">Notes<\/span><span role=\"button\" tabindex=\"0\" class=\"footnote_reference_container_collapse_button\" style=\"display: none;\" onclick=\"footnote_expand_collapse_reference_container_17252_1();\">[<a id=\"footnote_reference_container_collapse_button_17252_1\">+<\/a>]<\/span><\/p><\/div> <div id=\"footnote_references_container_17252_1\" style=\"\"><table class=\"footnotes_table footnote-reference-container\"><caption class=\"accessibility\">Notes<\/caption> <tbody> \r\n\r\n<tr class=\"footnotes_plugin_reference_row\"> <th scope=\"row\" id=\"footnote_plugin_reference_17252_1_1\" class=\"footnote_plugin_index pointer\" onclick=\"footnote_moveToAnchor_17252_1('footnote_plugin_tooltip_17252_1_1');\"><a role=\"button\" tabindex=\"0\" class=\"footnote_plugin_link\" ><span class=\"footnote_index_arrow\">&#8593;<\/span>1<\/a><\/th> <td class=\"footnote_plugin_text\">La productivit\u00e9 des ressources permet de d\u00e9crire l\u2019efficacit\u00e9 avec laquelle une \u00e9conomie transforme les ressources naturelles en produits utiles ou en richesses et les impacts environnementaux associ\u00e9s.<\/td><\/tr>\r\n\r\n<tr class=\"footnotes_plugin_reference_row\"> <th scope=\"row\" id=\"footnote_plugin_reference_17252_1_2\" class=\"footnote_plugin_index pointer\" onclick=\"footnote_moveToAnchor_17252_1('footnote_plugin_tooltip_17252_1_2');\"><a role=\"button\" tabindex=\"0\" class=\"footnote_plugin_link\" ><span class=\"footnote_index_arrow\">&#8593;<\/span>2<\/a><\/th> <td class=\"footnote_plugin_text\">La notion d\u2019obsolescence programm\u00e9e d\u00e9nonce un stratag\u00e8me par lequel un bien verrait sa dur\u00e9e normative sciemment r\u00e9duite d\u00e8s sa conception, limitant ainsi sa dur\u00e9e d\u2019usage pour des raisons de mod\u00e8le \u00e9conomique selon l\u2019ADEME. Elle peut \u00eatre fonctionnelle (technique, r\u00e9glementaire, \u00e9conomique) ou d\u2019\u00e9volution (effets de mode).<\/td><\/tr>\r\n\r\n<tr class=\"footnotes_plugin_reference_row\"> <th scope=\"row\" id=\"footnote_plugin_reference_17252_1_3\" class=\"footnote_plugin_index pointer\" onclick=\"footnote_moveToAnchor_17252_1('footnote_plugin_tooltip_17252_1_3');\"><a role=\"button\" tabindex=\"0\" class=\"footnote_plugin_link\" ><span class=\"footnote_index_arrow\">&#8593;<\/span>3<\/a><\/th> <td class=\"footnote_plugin_text\">FLIPO F., L\u2019imp\u00e9ratif de la sobri\u00e9t\u00e9 num\u00e9rique. L\u2019enjeu des modes de vie \u00bb, France, 2020, p. 35.<\/td><\/tr>\r\n\r\n<tr class=\"footnotes_plugin_reference_row\"> <th scope=\"row\" id=\"footnote_plugin_reference_17252_1_4\" class=\"footnote_plugin_index pointer\" onclick=\"footnote_moveToAnchor_17252_1('footnote_plugin_tooltip_17252_1_4');\"><a role=\"button\" tabindex=\"0\" class=\"footnote_plugin_link\" ><span class=\"footnote_index_arrow\">&#8593;<\/span>4<\/a><\/th> <td class=\"footnote_plugin_text\">DESCHUTTER O., Contraction et double convergence. Vers des strat\u00e9gies pluriannuelles de d\u00e9veloppement durable, pp. 19 et 20, in Autour de Tim Jackson, inventer la prosp\u00e9rit\u00e9 sans croissance. Deuxi\u00e8me partie, semestrie, \u00c9topia, semestriel n\u00b09, 2011.<\/td><\/tr>\r\n\r\n<tr class=\"footnotes_plugin_reference_row\"> <th scope=\"row\" id=\"footnote_plugin_reference_17252_1_5\" class=\"footnote_plugin_index pointer\" onclick=\"footnote_moveToAnchor_17252_1('footnote_plugin_tooltip_17252_1_5');\"><a role=\"button\" tabindex=\"0\" class=\"footnote_plugin_link\" ><span class=\"footnote_index_arrow\">&#8593;<\/span>5<\/a><\/th> <td class=\"footnote_plugin_text\">Voir plus loin dans l\u2019\u00e9tude de Justice et Paix \u00ab Une plan\u00e8te \u00e0 bout de souffle. R\u00e9duire, imaginer, agir. \u00bb, 2017, p. 37.<\/td><\/tr>\r\n\r\n<tr class=\"footnotes_plugin_reference_row\"> <th scope=\"row\" id=\"footnote_plugin_reference_17252_1_6\" class=\"footnote_plugin_index pointer\" onclick=\"footnote_moveToAnchor_17252_1('footnote_plugin_tooltip_17252_1_6');\"><a role=\"button\" tabindex=\"0\" class=\"footnote_plugin_link\" ><span class=\"footnote_index_arrow\">&#8593;<\/span>6<\/a><\/th> <td class=\"footnote_plugin_text\">La Fabrique \u00e9cologique, Vers des technologies sobres et r\u00e9silientes \u2013 Pourquoi et comment d\u00e9velopper l\u2019innovation Low Tech ?, 2018.<\/td><\/tr>\r\n\r\n <\/tbody> <\/table> <\/div><\/div><script type=\"text\/javascript\"> function footnote_expand_reference_container_17252_1() { jQuery('#footnote_references_container_17252_1').show(); jQuery('#footnote_reference_container_collapse_button_17252_1').text('\u2212'); } function footnote_collapse_reference_container_17252_1() { jQuery('#footnote_references_container_17252_1').hide(); jQuery('#footnote_reference_container_collapse_button_17252_1').text('+'); } function footnote_expand_collapse_reference_container_17252_1() { if (jQuery('#footnote_references_container_17252_1').is(':hidden')) { footnote_expand_reference_container_17252_1(); } else { footnote_collapse_reference_container_17252_1(); } } function footnote_moveToReference_17252_1(p_str_TargetID) { footnote_expand_reference_container_17252_1(); var l_obj_Target = jQuery('#' + p_str_TargetID); if (l_obj_Target.length) { jQuery( 'html, body' ).delay( 0 ); jQuery('html, body').animate({ scrollTop: l_obj_Target.offset().top - window.innerHeight * 0.2 }, 380); } } function footnote_moveToAnchor_17252_1(p_str_TargetID) { footnote_expand_reference_container_17252_1(); var l_obj_Target = jQuery('#' + p_str_TargetID); if (l_obj_Target.length) { jQuery( 'html, body' ).delay( 0 ); jQuery('html, body').animate({ scrollTop: l_obj_Target.offset().top - window.innerHeight * 0.2 }, 380); } }<\/script>","protected":false},"excerpt":{"rendered":"<p>Il est int\u00e9ressant d\u2019observer que le constat de l\u2019impasse du mod\u00e8le \u00e9conomique actuel est partag\u00e9 par la plupart des acteurs de notre soci\u00e9t\u00e9. Tant les ONG que les institutions europ\u00e9ennes ont conscience de la dangereuse trajectoire sur laquelle notre humanit\u00e9 se trouve. Mais c\u2019est au niveau des solutions \u00e0 apporter que les trajectoires divergent : [&hellip;]<\/p>\n","protected":false},"author":57,"featured_media":17251,"comment_status":"closed","ping_status":"open","sticky":false,"template":"","format":"standard","meta":{"_acf_changed":false,"_seopress_robots_primary_cat":"2722","_seopress_titles_title":"","_seopress_titles_desc":"","_seopress_robots_index":"","footnotes":""},"categories":[2722],"tags":[2795,2814,2845,2833,2811,3057,2834],"class_list":["post-17252","post","type-post","status-publish","format-standard","has-post-thumbnail","hentry","category-articles-nos-publications","tag-article","tag-developpement-durable","tag-ecologie","tag-europe","tag-ressources-naturelles","tag-transition-ecologique","tag-union-europeenne"],"acf":[],"_links":{"self":[{"href":"https:\/\/www.justicepaix.be\/en\/wp-json\/wp\/v2\/posts\/17252","targetHints":{"allow":["GET"]}}],"collection":[{"href":"https:\/\/www.justicepaix.be\/en\/wp-json\/wp\/v2\/posts"}],"about":[{"href":"https:\/\/www.justicepaix.be\/en\/wp-json\/wp\/v2\/types\/post"}],"author":[{"embeddable":true,"href":"https:\/\/www.justicepaix.be\/en\/wp-json\/wp\/v2\/users\/57"}],"replies":[{"embeddable":true,"href":"https:\/\/www.justicepaix.be\/en\/wp-json\/wp\/v2\/comments?post=17252"}],"version-history":[{"count":0,"href":"https:\/\/www.justicepaix.be\/en\/wp-json\/wp\/v2\/posts\/17252\/revisions"}],"wp:featuredmedia":[{"embeddable":true,"href":"https:\/\/www.justicepaix.be\/en\/wp-json\/wp\/v2\/media\/17251"}],"wp:attachment":[{"href":"https:\/\/www.justicepaix.be\/en\/wp-json\/wp\/v2\/media?parent=17252"}],"wp:term":[{"taxonomy":"category","embeddable":true,"href":"https:\/\/www.justicepaix.be\/en\/wp-json\/wp\/v2\/categories?post=17252"},{"taxonomy":"post_tag","embeddable":true,"href":"https:\/\/www.justicepaix.be\/en\/wp-json\/wp\/v2\/tags?post=17252"}],"curies":[{"name":"wp","href":"https:\/\/api.w.org\/{rel}","templated":true}]}}