{"id":17239,"date":"2021-03-26T15:11:21","date_gmt":"2021-03-26T15:11:21","guid":{"rendered":"https:\/\/demop.netbaz.be\/2021\/jp\/2021\/03\/26\/quelle-democratie-voulons-nous-le-role-du-pouvoir-citoyen\/"},"modified":"2021-04-14T12:20:41","modified_gmt":"2021-04-14T12:20:41","slug":"quelle-democratie-voulons-nous-le-role-du-pouvoir-citoyen","status":"publish","type":"post","link":"https:\/\/www.justicepaix.be\/en\/quelle-democratie-voulons-nous-le-role-du-pouvoir-citoyen\/","title":{"rendered":"What democracy do we want? The role of citizen power"},"content":{"rendered":"<p class=\"post_excerpt\">Le mod\u00e8le d\u00e9mocratique occidental, connu et diffus\u00e9 sous la c\u00e9l\u00e8bre maxime \u00ab\u00a0la gouvernance du peuple, par le peuple, pour le peuple\u00a0\u00bb, subi aujourd\u2019hui de nombreux revers. Puissant instrument de soft power des pays occidentaux, ce mod\u00e8le se trouve d\u00e9stabilis\u00e9 face \u00e0 la crise sanitaire ou plus particuli\u00e8rement par la fa\u00e7on dont elle est g\u00e9r\u00e9e.<\/p>\n\n\n<!--more-->\n\u00c9DITO\nL\u2019ACTUALIT\u00c9 : REGARDS ET POSITIONS\nLa d\u00e9mocratie en temps de crise sanitaire \nDOSSIER\nQUELLE D\u00c9MOCRATIE VOULONS-NOUS ?\nLE R\u00d4LE DU POUVOIR CITOYEN\n<strong>Introduction First thought<\/strong>\nTowards a globalization of citizen action? \n<strong>Second thought<\/strong>\nQuel r\u00f4le l\u2019\u00e9cole doit-elle jouer\ndans la formation \u00e0 la d\u00e9mocratie ? \n<strong>Third thought<\/strong>\nLe genre et l\u2019intersectionnalit\u00e9 pour penser\nune soci\u00e9t\u00e9 civile plus inclusive \nPORTRAIT \/ POINT DE VUE\nLa Commission d\u00e9lib\u00e9rative Bruxelloise \nBR\u00c8VES<div id='gallery-1' class='gallery galleryid-17239 gallery-columns-3 gallery-size-thumbnail'><figure class='gallery-item'>\n\t\t\t<div class='gallery-icon landscape'>\n\t\t\t\t<a href='https:\/\/www.justicepaix.be\/wp-content\/uploads\/2021\/03\/jpg_23375378446_09eeb7f094_b.jpg'><img decoding=\"async\" width=\"150\" height=\"150\" src=\"https:\/\/www.justicepaix.be\/wp-content\/uploads\/2021\/03\/jpg_23375378446_09eeb7f094_b-150x150.jpg\" class=\"attachment-thumbnail size-thumbnail\" alt=\"23375378446_09eeb7f094_b.jpg\" \/><\/a>\n\t\t\t<\/div><\/figure>\n\t\t<\/div>\n\n<h2 class=\"wp-block-heading\">Attachments<\/h2>\n\n\n\n<div class=\"wp-block-file\"><a href=\"http:\/\/demop.netbaz.be\/2021\/jp\/wp-content\/uploads\/2021\/03\/pdf_ld_justice_paix-pour_parler_de_paix-no114-lr.pdf\">ld_justice_paix-pour_parler_de_paix-no114-lr.pdf<\/a><\/div>","protected":false},"excerpt":{"rendered":"<p>Le mod\u00e8le d\u00e9mocratique occidental, connu et diffus\u00e9 sous la c\u00e9l\u00e8bre maxime \u00ab\u00a0la gouvernance du peuple, par le peuple, pour le peuple\u00a0\u00bb, subi aujourd\u2019hui de nombreux revers. Puissant instrument de soft power des pays occidentaux, ce mod\u00e8le se trouve d\u00e9stabilis\u00e9 face \u00e0 la crise sanitaire ou plus particuli\u00e8rement par la fa\u00e7on dont elle est g\u00e9r\u00e9e.<\/p>","protected":false},"author":62,"featured_media":17241,"comment_status":"closed","ping_status":"open","sticky":false,"template":"","format":"standard","meta":{"_acf_changed":false,"_seopress_robots_primary_cat":"","_seopress_titles_title":"","_seopress_titles_desc":"","_seopress_robots_index":"","footnotes":""},"categories":[2726],"tags":[],"class_list":["post-17239","post","type-post","status-publish","format-standard","has-post-thumbnail","hentry","category-les-numeros"],"acf":[],"_links":{"self":[{"href":"https:\/\/www.justicepaix.be\/en\/wp-json\/wp\/v2\/posts\/17239","targetHints":{"allow":["GET"]}}],"collection":[{"href":"https:\/\/www.justicepaix.be\/en\/wp-json\/wp\/v2\/posts"}],"about":[{"href":"https:\/\/www.justicepaix.be\/en\/wp-json\/wp\/v2\/types\/post"}],"author":[{"embeddable":true,"href":"https:\/\/www.justicepaix.be\/en\/wp-json\/wp\/v2\/users\/62"}],"replies":[{"embeddable":true,"href":"https:\/\/www.justicepaix.be\/en\/wp-json\/wp\/v2\/comments?post=17239"}],"version-history":[{"count":0,"href":"https:\/\/www.justicepaix.be\/en\/wp-json\/wp\/v2\/posts\/17239\/revisions"}],"wp:featuredmedia":[{"embeddable":true,"href":"https:\/\/www.justicepaix.be\/en\/wp-json\/wp\/v2\/media\/17241"}],"wp:attachment":[{"href":"https:\/\/www.justicepaix.be\/en\/wp-json\/wp\/v2\/media?parent=17239"}],"wp:term":[{"taxonomy":"category","embeddable":true,"href":"https:\/\/www.justicepaix.be\/en\/wp-json\/wp\/v2\/categories?post=17239"},{"taxonomy":"post_tag","embeddable":true,"href":"https:\/\/www.justicepaix.be\/en\/wp-json\/wp\/v2\/tags?post=17239"}],"curies":[{"name":"wp","href":"https:\/\/api.w.org\/{rel}","templated":true}]}}