{"id":17216,"date":"2021-03-12T11:15:12","date_gmt":"2021-03-12T11:15:12","guid":{"rendered":"https:\/\/demop.netbaz.be\/2021\/jp\/2021\/03\/12\/vers-un-changement-systemique-du-congo-a-la-belgique\/"},"modified":"2021-07-06T14:07:29","modified_gmt":"2021-07-06T12:07:29","slug":"vers-un-changement-systemique-du-congo-a-la-belgique","status":"publish","type":"post","link":"https:\/\/www.justicepaix.be\/en\/vers-un-changement-systemique-du-congo-a-la-belgique\/","title":{"rendered":"Vers un changement syst\u00e9mique du Congo \u00e0 la Belgique [Conf\u00e9rence en ligne]"},"content":{"rendered":"<p class=\"post_excerpt\">Broederlijk Delen et Justice et Paix vous donnent rendez-vous le mercredi 31 mars \u00e0 19h pour une conf\u00e9rence sur la n\u00e9cessit\u00e9 de changer de syst\u00e8me \u00e9conomique pour aller vers plus d&rsquo;\u00e9galit\u00e9 sociale aujourd\u2019hui et demain.<\/p>\n\n\n\n<div class=\"wp-block-image\"><figure class=\"aligncenter\"><img fetchpriority=\"high\" decoding=\"async\" width=\"470\" height=\"312\" src=\"http:\/\/demop.netbaz.be\/2021\/jp\/wp-content\/uploads\/2021\/03\/png_cycle_de_formation_3_.png\" alt=\"cycle_de_training_3_.png\" class=\"wp-image-17215\" srcset=\"https:\/\/www.justicepaix.be\/wp-content\/uploads\/2021\/03\/png_cycle_de_formation_3_.png 470w, https:\/\/www.justicepaix.be\/wp-content\/uploads\/2021\/03\/png_cycle_de_formation_3_-300x199.png 300w\" sizes=\"(max-width: 470px) 100vw, 470px\" \/><\/figure><\/div>\n\n\n\n<!--more-->\n\n\n\n<p>Des nouveaux mod\u00e8les de smartphones se succ\u00e8dent de plus en plus vite, le monde se pr\u00e9pare pour les voitures \u00e9lectriques, et en m\u00eame temps l\u2019exploitation du cobalt cause des d\u00e9sastres pour les humains et la nature au Congo. Le syst\u00e8me \u00e9conomique a d\u00e9pass\u00e9 ses limites avec comme cons\u00e9quence une in\u00e9galit\u00e9 sociale croissante et une plan\u00e8te en p\u00e9ril.<strong> Si nous voulons laisser la chance \u00e0 tout le monde de mener une vie digne aujourd\u2019hui et demain, un changement est n\u00e9cessaire. Mais par o\u00f9 commencer? <\/strong> <\/p>\n\n\n\n<p><em>Broederlijk Delen<\/em> tire des le\u00e7ons apprises de 60 ans d\u2019action et fait un plaidoyer pour le partage en tant que levier pour un changement de syst\u00e8me. Ce changement implique des limites sociales, \u00e9conomiques et \u00e9cologiques \u00e0 la croissance. <strong>Lieve Herrijgers<\/strong>, directrice de Broederlijk Delen, nous expliquera comment et pourquoi la vision de Broederlijk Delen a \u00e9volu\u00e9 \u00e0 travers les ann\u00e9es.<\/p>\n\n\n\n<p>Ensuite <strong>Patrick Balemba <\/strong> de Justice et Paix nous donnera une vue de l\u2019exploitation des ressources au Congo, qui appelle une v\u00e9ritable solidarit\u00e9 et un changement de syst\u00e8me, que signifient-ils pour le Congo? Et quel r\u00f4le pouvons-nous jouer depuis la Belgique?<\/p>\n\n\n\n<p><strong>Useful information :<\/strong><\/p>\n\n\n\n<ul class=\"wp-block-list\"><li> Mercredi 31 mars \u00e0 19h<\/li><li> La s\u00e9ance se d\u00e9roulera en ligne<\/li><li> Registrations: <a href=\"\/en\/www.houseofcompassion.be\/inscription\/\">www.houseofcompassion.be\/inscription<\/a><\/li><li> Cet \u00e9v\u00e9nement est bilingue. Une traduction simultan\u00e9e est pr\u00e9vue.<\/li><\/ul>\n\n\n\n<figure class=\"wp-block-gallery columns-3 is-cropped wp-block-gallery-1 is-layout-flex wp-block-gallery-is-layout-flex\"><ul class=\"blocks-gallery-grid\"><li class=\"blocks-gallery-item\"><figure><a href=\"https:\/\/www.justicepaix.be\/wp-content\/uploads\/2021\/03\/png_cycle_de_formation_3_.png\"><img decoding=\"async\" width=\"470\" height=\"312\" src=\"https:\/\/www.justicepaix.be\/wp-content\/uploads\/2021\/03\/png_cycle_de_formation_3_.png\" alt=\"cycle_de_training_3_.png\" data-id=\"17215\" class=\"wp-image-17215\" srcset=\"https:\/\/www.justicepaix.be\/wp-content\/uploads\/2021\/03\/png_cycle_de_formation_3_.png 470w, https:\/\/www.justicepaix.be\/wp-content\/uploads\/2021\/03\/png_cycle_de_formation_3_-300x199.png 300w\" sizes=\"(max-width: 470px) 100vw, 470px\" \/><\/a><\/figure><\/li><li class=\"blocks-gallery-item\"><figure><a href=\"https:\/\/www.justicepaix.be\/wp-content\/uploads\/2021\/03\/png_cycle_de_formation_3_-2.png\"><img decoding=\"async\" width=\"470\" height=\"312\" src=\"https:\/\/www.justicepaix.be\/wp-content\/uploads\/2021\/03\/png_cycle_de_formation_3_-2.png\" alt=\"cycle_de_formation_3_-2.png\" data-id=\"17217\" class=\"wp-image-17217\" srcset=\"https:\/\/www.justicepaix.be\/wp-content\/uploads\/2021\/03\/png_cycle_de_formation_3_-2.png 470w, https:\/\/www.justicepaix.be\/wp-content\/uploads\/2021\/03\/png_cycle_de_formation_3_-2-300x199.png 300w\" sizes=\"(max-width: 470px) 100vw, 470px\" \/><\/a><\/figure><\/li><li class=\"blocks-gallery-item\"><figure><a href=\"https:\/\/www.justicepaix.be\/wp-content\/uploads\/2021\/03\/png_cycle_de_formation_3_-3.png\"><img loading=\"lazy\" decoding=\"async\" width=\"470\" height=\"312\" src=\"https:\/\/www.justicepaix.be\/wp-content\/uploads\/2021\/03\/png_cycle_de_formation_3_-3.png\" alt=\"cycle_de_formation_3_-3.png\" data-id=\"17218\" class=\"wp-image-17218\" srcset=\"https:\/\/www.justicepaix.be\/wp-content\/uploads\/2021\/03\/png_cycle_de_formation_3_-3.png 470w, https:\/\/www.justicepaix.be\/wp-content\/uploads\/2021\/03\/png_cycle_de_formation_3_-3-300x199.png 300w\" sizes=\"(max-width: 470px) 100vw, 470px\" \/><\/a><\/figure><\/li><\/ul><\/figure>","protected":false},"excerpt":{"rendered":"<p>Broederlijk Delen et Justice et Paix vous donnent rendez-vous le mercredi 31 mars \u00e0 19h pour une conf\u00e9rence sur la n\u00e9cessit\u00e9 de changer de syst\u00e8me \u00e9conomique pour aller vers plus d&rsquo;\u00e9galit\u00e9 sociale aujourd\u2019hui et demain.<\/p>","protected":false},"author":62,"featured_media":17215,"comment_status":"closed","ping_status":"open","sticky":false,"template":"","format":"standard","meta":{"_acf_changed":false,"_seopress_robots_primary_cat":"","_seopress_titles_title":"","_seopress_titles_desc":"","_seopress_robots_index":"","footnotes":""},"categories":[2696],"tags":[],"class_list":["post-17216","post","type-post","status-publish","format-standard","has-post-thumbnail","hentry","category-actualites"],"acf":[],"_links":{"self":[{"href":"https:\/\/www.justicepaix.be\/en\/wp-json\/wp\/v2\/posts\/17216","targetHints":{"allow":["GET"]}}],"collection":[{"href":"https:\/\/www.justicepaix.be\/en\/wp-json\/wp\/v2\/posts"}],"about":[{"href":"https:\/\/www.justicepaix.be\/en\/wp-json\/wp\/v2\/types\/post"}],"author":[{"embeddable":true,"href":"https:\/\/www.justicepaix.be\/en\/wp-json\/wp\/v2\/users\/62"}],"replies":[{"embeddable":true,"href":"https:\/\/www.justicepaix.be\/en\/wp-json\/wp\/v2\/comments?post=17216"}],"version-history":[{"count":0,"href":"https:\/\/www.justicepaix.be\/en\/wp-json\/wp\/v2\/posts\/17216\/revisions"}],"wp:featuredmedia":[{"embeddable":true,"href":"https:\/\/www.justicepaix.be\/en\/wp-json\/wp\/v2\/media\/17215"}],"wp:attachment":[{"href":"https:\/\/www.justicepaix.be\/en\/wp-json\/wp\/v2\/media?parent=17216"}],"wp:term":[{"taxonomy":"category","embeddable":true,"href":"https:\/\/www.justicepaix.be\/en\/wp-json\/wp\/v2\/categories?post=17216"},{"taxonomy":"post_tag","embeddable":true,"href":"https:\/\/www.justicepaix.be\/en\/wp-json\/wp\/v2\/tags?post=17216"}],"curies":[{"name":"wp","href":"https:\/\/api.w.org\/{rel}","templated":true}]}}