{"id":17174,"date":"2020-12-22T02:41:44","date_gmt":"2020-12-22T02:41:44","guid":{"rendered":"https:\/\/demop.netbaz.be\/2021\/jp\/2020\/12\/22\/l-eau-res-source-de-toutes-les-convoitises\/"},"modified":"2021-04-14T12:20:16","modified_gmt":"2021-04-14T12:20:16","slug":"l-eau-res-source-de-toutes-les-convoitises","status":"publish","type":"post","link":"https:\/\/www.justicepaix.be\/en\/l-eau-res-source-de-toutes-les-convoitises\/","title":{"rendered":"Water, (re)source of all desires"},"content":{"rendered":"<p class=\"post_excerpt\">Depuis toujours, l\u2019or bleu est une importante source d\u2019enjeux et de conflits. Tout d\u2019abord, disput\u00e9e pour les opportunit\u00e9s commerciales et les avantages strat\u00e9giques qu\u2019elle offrait en tant que voie navigable. C\u2019est, aujourd\u2019hui, l\u2019eau en tant que ressource vitale, qui est au centre des inqui\u00e9tudes et des sp\u00e9culations.<\/p>\n\n\n<!--more-->\n\u00c9DITO \nL\u2019ACTUALIT\u00c9 : REGARDS ET POSITIONS\nL\u2019or bleu, nouvel enjeu de conflits ? \nDOSSIER\nL\u2019EAU, (RES)SOURCE DE TOUTES LES CONVOITISES\n<strong>Introduction <\/strong> \n<strong>First thought<\/strong>\nLe Droit \u00e0 l\u2019eau, droit purement symbolique ou vecteur d\u2019un v\u00e9ritable changement ? \n<strong>Second thought<\/strong>\nL\u2019acc\u00e8s \u00e0 l\u2019eau potable, mati\u00e8re non r\u00e9solue\nen Am\u00e9rique Latine \n<strong>Third thought<\/strong>\nEau et s\u00e9cheresse en Belgique : disponibilit\u00e9, gestion et rar\u00e9faction d\u2019une ressource commune \nESPACE LIBRE\nPedro Casald\u00e1liga, proph\u00e8te de l\u2019espoir, nous a quitt\u00e9 \nPORTRAIT \/ POINT DE VUE\nMaude Barlow, l\u2019inspiration \u00ab\u00a0bleue\u00a0\u00bb \nBR\u00c8VES \n\n\n<div id='gallery-1' class='gallery galleryid-17174 gallery-columns-3 gallery-size-thumbnail'><figure class='gallery-item'>\n\t\t\t<div class='gallery-icon landscape'>\n\t\t\t\t<a href='https:\/\/www.justicepaix.be\/wp-content\/uploads\/2020\/12\/jpg_water-in-hand-4.jpg'><img decoding=\"async\" width=\"150\" height=\"150\" src=\"https:\/\/www.justicepaix.be\/wp-content\/uploads\/2020\/12\/jpg_water-in-hand-4-150x150.jpg\" class=\"attachment-thumbnail size-thumbnail\" alt=\"water-in-hand-4.jpg\" \/><\/a>\n\t\t\t<\/div><\/figure><figure class='gallery-item'>\n\t\t\t<div class='gallery-icon landscape'>\n\t\t\t\t<a href='https:\/\/www.justicepaix.be\/wp-content\/uploads\/2020\/12\/jpg_water-in-hand-5.jpg'><img decoding=\"async\" width=\"150\" height=\"150\" src=\"https:\/\/www.justicepaix.be\/wp-content\/uploads\/2020\/12\/jpg_water-in-hand-5-150x150.jpg\" class=\"attachment-thumbnail size-thumbnail\" alt=\"water-in-hand-5.jpg\" \/><\/a>\n\t\t\t<\/div><\/figure>\n\t\t<\/div>\n\n<h2 class=\"wp-block-heading\">Attachments<\/h2>\n\n\n\n<div class=\"wp-block-file\"><a href=\"http:\/\/demop.netbaz.be\/2021\/jp\/wp-content\/uploads\/2020\/12\/pdf_justice_paix-pour_parler_de_paix-no113-03_1_.pdf\">justice_paix-pour_parler_de_paix-no113-03_1_.pdf<\/a><\/div>","protected":false},"excerpt":{"rendered":"<p>Depuis toujours, l\u2019or bleu est une importante source d\u2019enjeux et de conflits. Tout d\u2019abord, disput\u00e9e pour les opportunit\u00e9s commerciales et les avantages strat\u00e9giques qu\u2019elle offrait en tant que voie navigable. C\u2019est, aujourd\u2019hui, l\u2019eau en tant que ressource vitale, qui est au centre des inqui\u00e9tudes et des sp\u00e9culations.<\/p>","protected":false},"author":62,"featured_media":17176,"comment_status":"closed","ping_status":"open","sticky":false,"template":"","format":"standard","meta":{"_acf_changed":false,"_seopress_robots_primary_cat":"","_seopress_titles_title":"","_seopress_titles_desc":"","_seopress_robots_index":"","footnotes":""},"categories":[2726],"tags":[2816,2811,2848],"class_list":["post-17174","post","type-post","status-publish","format-standard","has-post-thumbnail","hentry","category-les-numeros","tag-eau","tag-ressources-naturelles","tag-revue-pour-parler-de-paix"],"acf":[],"_links":{"self":[{"href":"https:\/\/www.justicepaix.be\/en\/wp-json\/wp\/v2\/posts\/17174","targetHints":{"allow":["GET"]}}],"collection":[{"href":"https:\/\/www.justicepaix.be\/en\/wp-json\/wp\/v2\/posts"}],"about":[{"href":"https:\/\/www.justicepaix.be\/en\/wp-json\/wp\/v2\/types\/post"}],"author":[{"embeddable":true,"href":"https:\/\/www.justicepaix.be\/en\/wp-json\/wp\/v2\/users\/62"}],"replies":[{"embeddable":true,"href":"https:\/\/www.justicepaix.be\/en\/wp-json\/wp\/v2\/comments?post=17174"}],"version-history":[{"count":0,"href":"https:\/\/www.justicepaix.be\/en\/wp-json\/wp\/v2\/posts\/17174\/revisions"}],"wp:featuredmedia":[{"embeddable":true,"href":"https:\/\/www.justicepaix.be\/en\/wp-json\/wp\/v2\/media\/17176"}],"wp:attachment":[{"href":"https:\/\/www.justicepaix.be\/en\/wp-json\/wp\/v2\/media?parent=17174"}],"wp:term":[{"taxonomy":"category","embeddable":true,"href":"https:\/\/www.justicepaix.be\/en\/wp-json\/wp\/v2\/categories?post=17174"},{"taxonomy":"post_tag","embeddable":true,"href":"https:\/\/www.justicepaix.be\/en\/wp-json\/wp\/v2\/tags?post=17174"}],"curies":[{"name":"wp","href":"https:\/\/api.w.org\/{rel}","templated":true}]}}