{"id":17159,"date":"2020-12-18T01:59:15","date_gmt":"2020-12-18T01:59:15","guid":{"rendered":"https:\/\/demop.netbaz.be\/2021\/jp\/2020\/12\/18\/notre-groupe-pedagogie-recherche-des-volontaires\/"},"modified":"2021-07-06T14:45:46","modified_gmt":"2021-07-06T12:45:46","slug":"notre-groupe-pedagogie-recherche-des-volontaires","status":"publish","type":"post","link":"https:\/\/www.justicepaix.be\/en\/notre-groupe-pedagogie-recherche-des-volontaires\/","title":{"rendered":"Our teaching group is looking for volunteers!"},"content":{"rendered":"<div class=\"wp-block-image\"><figure class=\"aligncenter\"><img fetchpriority=\"high\" decoding=\"async\" width=\"2560\" height=\"1707\" src=\"http:\/\/demop.netbaz.be\/2021\/jp\/wp-content\/uploads\/2020\/12\/jpg_img_4363-scaled.jpg\" alt=\"img_4363.jpg\" class=\"wp-image-17158\" srcset=\"https:\/\/www.justicepaix.be\/wp-content\/uploads\/2020\/12\/jpg_img_4363-scaled.jpg 2560w, https:\/\/www.justicepaix.be\/wp-content\/uploads\/2020\/12\/jpg_img_4363-300x200.jpg 300w, https:\/\/www.justicepaix.be\/wp-content\/uploads\/2020\/12\/jpg_img_4363-1024x683.jpg 1024w, https:\/\/www.justicepaix.be\/wp-content\/uploads\/2020\/12\/jpg_img_4363-768x512.jpg 768w, https:\/\/www.justicepaix.be\/wp-content\/uploads\/2020\/12\/jpg_img_4363-1536x1024.jpg 1536w, https:\/\/www.justicepaix.be\/wp-content\/uploads\/2020\/12\/jpg_img_4363-2048x1365.jpg 2048w\" sizes=\"(max-width: 2560px) 100vw, 2560px\" \/><\/figure><\/div>\n\n\n\n<p>Vous avez envie de vous engager dans un groupe de travail ?<br>\nDe partager vos id\u00e9es ?<br>\nDe nourrir votre r\u00e9flexion sur des th\u00e9matiques citoyennes ?<\/p>\n\n\n\n<p>Vous \u00eates\u2026<br>\n&#8211;\t\u00c9tudiant.e dans un secteur li\u00e9 \u00e0 la p\u00e9dagogie<br>\n&#8211;\tProfesseur.e.<br>\n&#8211;\tAnimateur.trice d\u2019organisation de jeunesse<br>\n&#8211;\tFormateur.trice d\u2019adultes<br>\n&#8211;\tCitoyen.ne int\u00e9ress\u00e9.e par les questions de p\u00e9dagogie<br>\n&#8211;\t\u2026<\/p>\n\n\n\n<p>Pour\u2026<br>\n&#8211;\t\u00c9changer vos savoirs, vos exp\u00e9riences de p\u00e9dagogie<br>\n&#8211;\tParticiper \u00e0 la cr\u00e9ation\/adaptation d\u2019outils p\u00e9dagogiques<br>\n&#8211;\tParticiper \u00e0 la cr\u00e9ation\/adaptation de formations pour adultes<br>\n&#8211;\t\u00c9crire une analyse, participer \u00e0 une recherche, \u00e9crire \u00e0 des d\u00e9cideurs politiques, organiser une conf\u00e9rence\u2026<\/p>\n\n\n\n<p>Int\u00e9ress\u00e9(e) ? Contactez <a href=\"\/en\/claire.mathot@justicepaix.be\/\">Claire Mathot <\/a> au 02\/896.95.00<br>\n<\/p>\n\n\n\n<figure class=\"wp-block-gallery columns-3 is-cropped wp-block-gallery-1 is-layout-flex wp-block-gallery-is-layout-flex\"><ul class=\"blocks-gallery-grid\"><li class=\"blocks-gallery-item\"><figure><a href=\"https:\/\/www.justicepaix.be\/wp-content\/uploads\/2020\/12\/jpg_img_4363-scaled.jpg\"><img decoding=\"async\" width=\"2560\" height=\"1707\" src=\"https:\/\/www.justicepaix.be\/wp-content\/uploads\/2020\/12\/jpg_img_4363-scaled.jpg\" alt=\"img_4363.jpg\" data-id=\"17160\" class=\"wp-image-17160\" srcset=\"https:\/\/www.justicepaix.be\/wp-content\/uploads\/2020\/12\/jpg_img_4363-scaled.jpg 2560w, https:\/\/www.justicepaix.be\/wp-content\/uploads\/2020\/12\/jpg_img_4363-300x200.jpg 300w, https:\/\/www.justicepaix.be\/wp-content\/uploads\/2020\/12\/jpg_img_4363-1024x683.jpg 1024w, https:\/\/www.justicepaix.be\/wp-content\/uploads\/2020\/12\/jpg_img_4363-768x512.jpg 768w, https:\/\/www.justicepaix.be\/wp-content\/uploads\/2020\/12\/jpg_img_4363-1536x1024.jpg 1536w, https:\/\/www.justicepaix.be\/wp-content\/uploads\/2020\/12\/jpg_img_4363-2048x1365.jpg 2048w\" sizes=\"(max-width: 2560px) 100vw, 2560px\" \/><\/a><\/figure><\/li><li class=\"blocks-gallery-item\"><figure><a href=\"https:\/\/www.justicepaix.be\/wp-content\/uploads\/2020\/12\/jpg_img_4363-2-scaled.jpg\"><img decoding=\"async\" width=\"2560\" height=\"1707\" src=\"https:\/\/www.justicepaix.be\/wp-content\/uploads\/2020\/12\/jpg_img_4363-2-scaled.jpg\" alt=\"img_4363-2.jpg\" data-id=\"17161\" class=\"wp-image-17161\" srcset=\"https:\/\/www.justicepaix.be\/wp-content\/uploads\/2020\/12\/jpg_img_4363-2-scaled.jpg 2560w, https:\/\/www.justicepaix.be\/wp-content\/uploads\/2020\/12\/jpg_img_4363-2-300x200.jpg 300w, https:\/\/www.justicepaix.be\/wp-content\/uploads\/2020\/12\/jpg_img_4363-2-1024x683.jpg 1024w, https:\/\/www.justicepaix.be\/wp-content\/uploads\/2020\/12\/jpg_img_4363-2-768x512.jpg 768w, https:\/\/www.justicepaix.be\/wp-content\/uploads\/2020\/12\/jpg_img_4363-2-1536x1024.jpg 1536w, https:\/\/www.justicepaix.be\/wp-content\/uploads\/2020\/12\/jpg_img_4363-2-2048x1365.jpg 2048w\" sizes=\"(max-width: 2560px) 100vw, 2560px\" \/><\/a><\/figure><\/li><\/ul><\/figure>","protected":false},"excerpt":{"rendered":"<p>Vous avez envie de vous engager dans un groupe de travail ? De partager vos id\u00e9es ? De nourrir votre r\u00e9flexion sur des th\u00e9matiques citoyennes ? Vous \u00eates\u2026 &#8211; \u00c9tudiant.e dans un secteur li\u00e9 \u00e0 la p\u00e9dagogie &#8211; Professeur.e. &#8211; Animateur.trice d\u2019organisation de jeunesse &#8211; Formateur.trice d\u2019adultes &#8211; Citoyen.ne int\u00e9ress\u00e9.e par les questions de p\u00e9dagogie [&hellip;]<\/p>\n","protected":false},"author":62,"featured_media":17158,"comment_status":"closed","ping_status":"open","sticky":false,"template":"","format":"standard","meta":{"_acf_changed":false,"_seopress_robots_primary_cat":"2696","_seopress_titles_title":"","_seopress_titles_desc":"","_seopress_robots_index":"","footnotes":""},"categories":[2696],"tags":[],"class_list":["post-17159","post","type-post","status-publish","format-standard","has-post-thumbnail","hentry","category-actualites"],"acf":[],"_links":{"self":[{"href":"https:\/\/www.justicepaix.be\/en\/wp-json\/wp\/v2\/posts\/17159","targetHints":{"allow":["GET"]}}],"collection":[{"href":"https:\/\/www.justicepaix.be\/en\/wp-json\/wp\/v2\/posts"}],"about":[{"href":"https:\/\/www.justicepaix.be\/en\/wp-json\/wp\/v2\/types\/post"}],"author":[{"embeddable":true,"href":"https:\/\/www.justicepaix.be\/en\/wp-json\/wp\/v2\/users\/62"}],"replies":[{"embeddable":true,"href":"https:\/\/www.justicepaix.be\/en\/wp-json\/wp\/v2\/comments?post=17159"}],"version-history":[{"count":0,"href":"https:\/\/www.justicepaix.be\/en\/wp-json\/wp\/v2\/posts\/17159\/revisions"}],"wp:featuredmedia":[{"embeddable":true,"href":"https:\/\/www.justicepaix.be\/en\/wp-json\/wp\/v2\/media\/17158"}],"wp:attachment":[{"href":"https:\/\/www.justicepaix.be\/en\/wp-json\/wp\/v2\/media?parent=17159"}],"wp:term":[{"taxonomy":"category","embeddable":true,"href":"https:\/\/www.justicepaix.be\/en\/wp-json\/wp\/v2\/categories?post=17159"},{"taxonomy":"post_tag","embeddable":true,"href":"https:\/\/www.justicepaix.be\/en\/wp-json\/wp\/v2\/tags?post=17159"}],"curies":[{"name":"wp","href":"https:\/\/api.w.org\/{rel}","templated":true}]}}