{"id":17090,"date":"2020-12-04T16:49:36","date_gmt":"2020-12-04T16:49:36","guid":{"rendered":"https:\/\/demop.netbaz.be\/2021\/jp\/2020\/12\/04\/conseil-de-securite-des-nations-unies-quel-bilan-du-mandat-belge\/"},"modified":"2021-07-06T14:17:45","modified_gmt":"2021-07-06T12:17:45","slug":"conseil-de-securite-des-nations-unies-quel-bilan-du-mandat-belge","status":"publish","type":"post","link":"https:\/\/www.justicepaix.be\/en\/conseil-de-securite-des-nations-unies-quel-bilan-du-mandat-belge\/","title":{"rendered":"United Nations Security Council: what is the outcome of the Belgian mandate?"},"content":{"rendered":"\n<p class=\"post_excerpt\">Le Conseil de s\u00e9curit\u00e9 des Nations Unies est sans aucun doute l&rsquo;organe le plus important de l&rsquo;appareil institutionnel onusien. Depuis le 1er janvier 2019, la Belgique y si\u00e8ge en tant que membre non permanent. Apr\u00e8s deux ans de mandat, quel bilan peut-on dresser de la contribution de la Belgique au Conseil de s\u00e9curit\u00e9 quant aux grands enjeux internationaux de paix et de s\u00e9curit\u00e9 ?<br>\n<doc3243|left><\/doc3243|left><\/p>\n\n\n\n<!--more-->\n\n\n\n<p><em>L\u2019Organisation des Nations Unies (ONU) est une organisation internationale fond\u00e9e en 1945 qui compte 193 \u00c9tats Membres repr\u00e9sent\u00e9s au sein de l\u2019Assembl\u00e9e g\u00e9n\u00e9rale. Les organes principaux de l\u2019ONU sont l&rsquo;Assembl\u00e9e g\u00e9n\u00e9rale, le Conseil de s\u00e9curit\u00e9, le Conseil \u00e9conomique et social, le Conseil de tutelle, la Cour internationale de Justice et le Secr\u00e9tariat. L\u2019actuel Secr\u00e9taire g\u00e9n\u00e9ral des Nations Unies, Ant\u00f3nio Guterres, a pris ses fonctions le 1er janvier 2017. Parmi les principales structures de l\u2019ONU, le Conseil de s\u00e9curit\u00e9 est responsable du maintien de la paix et de la s\u00e9curit\u00e9 internationale. C\u2019est \u00e0 cet organe que revient la responsabilit\u00e9 d\u2019autoriser, de refuser et de statuer sur la l\u00e9galit\u00e9 de l\u2019usage de la force contre un \u00c9tat qui constituerait une menace \u00e0 la paix et la s\u00e9curit\u00e9 internationale. Il compte 15 membres, dont cinq permanents (\u00ab 5P \u00bb) disposant du droit de v\u00e9to : les \u00c9tats-Unis, le Royaume-Uni, la France, la Russie et la Chine et 10 non-permanents (\u00ab 10E \u00bb) \u00e9lus par l\u2019Assembl\u00e9e g\u00e9n\u00e9rale de l\u2019ONU. \u00c0 la suite d\u2019une campagne pour obtenir un si\u00e8ge au Conseil de s\u00e9curit\u00e9 en tant que membre non permanent, la Belgique a obtenu 181 sur 188 votes de la part des membres de l\u2019Assembl\u00e9e g\u00e9n\u00e9rale.  <\/em> <\/p>\n\n\n\n<p><bloc> Quelles priorit\u00e9s pour le mandat belge ?<\/bloc><\/p>\n\n\n\n<p>Les \u00c9tats si\u00e9geant au Conseil de s\u00e9curit\u00e9 pr\u00e9sentent les priorit\u00e9s qu\u2019ils porteront au sein de celui-ci pour leur mandat. Ainsi, la Belgique a voulu mettre en avant plusieurs dossiers : en ce qui concerne les droits humains, une grande priorit\u00e9 a \u00e9t\u00e9 accord\u00e9e \u00e0 la th\u00e9matique des enfants dans les conflits arm\u00e9s ; la Belgique a d\u2019ailleurs re\u00e7u la pr\u00e9sidence d\u2019un groupe de travail du Conseil de s\u00e9curit\u00e9 sur le th\u00e8me \u00ab Enfants et conflits arm\u00e9s \u00bb. L\u2019objectif de ce groupe \u00e9tait de traiter 14 situations donn\u00e9es sur les 2 ans de mandat afin de d\u00e9gager des conclusions adopt\u00e9es par consensus pour chacune de ces situations. Certaines conclusions ont d\u00e9j\u00e0 \u00e9t\u00e9 adopt\u00e9es, y compris pour des situations difficiles comme la Syrie, le Y\u00e9men et le Myanmar. La Belgique a \u00e9galement voulu que la question des enfants et des conflits arm\u00e9s soit trait\u00e9e de mani\u00e8re transversale dans les activit\u00e9s du Conseil. Il en est ainsi par exemple dans les mandats pour les op\u00e9rations de maintien de la paix.<\/p>\n\n\n\n<p>Le second point d\u2019attention a \u00e9t\u00e9 li\u00e9 aux actions humanitaires, en particulier en Syrie. La Belgique a fait front commun avec le Kowe\u00eft et l\u2019Allemagne contre la Russie qui, malgr\u00e9 les besoins humanitaires de la population qui pr\u00e9valent toujours, soutient que la guerre est termin\u00e9e. La Russie estime \u00e9galement que Damas contr\u00f4le l\u2019ensemble du territoire et que par cons\u00e9quent, il n\u2019y a plus lieu d\u2019avoir une action humanitaire, en particulier l\u2019aide transfrontali\u00e8re qui avait \u00e9t\u00e9 mise en place pour permettre aux Nations Unies et \u00e0 ses partenaires d\u2019aider la population. La Belgique, le Kowe\u00eft et l\u2019Allemagne ont donc tout mis en \u0153uvre afin de pr\u00e9server ce syst\u00e8me d\u2019acc\u00e8s, car <a href=\"https:\/\/www.lalibre.be\/international\/asie\/conflit-en-syrie-allemagne-koweit-et-belgique-demandent-un-vote-de-l-onu-sur-un-cessez-le-feu-a-idleb-5d82a655f20d5a53ccebf1ab\">le cessez-le-feu<\/a> \u00e0 Idleb que ces trois pays ont exig\u00e9, a un impact sur des millions de personnes. <\/p>\n\n\n\n<p>Le troisi\u00e8me volet important pour la Belgique a \u00e9t\u00e9 la lutte contre l\u2019impunit\u00e9 et la justice transitionnelle, th\u00e8me qui a \u00e9t\u00e9 mis \u00e0 l\u2019agenda, en collaboration avec l\u2019Afrique du Sud. En outre, la Belgique assure le r\u00f4le de porte-parole pour les questions relatives \u00e0 la Cour p\u00e9nale internationale au sein du Conseil. <\/p>\n\n\n\n<p>Le dernier objectif du mandat belge onusien a \u00e9t\u00e9 d\u2019apporter et de consolider la dimension europ\u00e9enne au Conseil de s\u00e9curit\u00e9, notamment \u00e9tant donn\u00e9 la conjoncture assez favorable en 2019 avec 5 membres du Conseil de s\u00e9curit\u00e9 membres en m\u00eame temps de l\u2019Union europ\u00e9enne (UE) : la France, l\u2019Allemagne, l\u2019Estonie, la Belgique et le Royaume-Uni. Ce chiffre est tomb\u00e9 \u00e0 4 en 2020 avec le Brexit. Au cours du mandat belge (2019-2020), les pays membres de l\u2019UE ont toujours suivi la m\u00eame ligne politique, notamment en ce qui concerne les votes et la politique men\u00e9e, ce qui n\u2019\u00e9tait pas toujours le cas auparavant. Cependant, les pays europ\u00e9ens ne parviennent pas encore \u00e0 parler formellement d\u2019une seule voix au Conseil de s\u00e9curit\u00e9. Chaque pays s\u2019exprime \u00e0 titre individuel m\u00eame s\u2019il fait souvent r\u00e9f\u00e9rence aux positions de l\u2019UE.<br>\n<\/p>\n\n\n\n<p><bloc> Des actions concr\u00e8tes mises en place<\/bloc><\/p>\n\n\n\n<p>En f\u00e9vrier 2020 la Belgique a pr\u00e9sid\u00e9 pour un mois le Conseil de s\u00e9curit\u00e9. Bien que le r\u00f4le de la pr\u00e9sidence demeure limit\u00e9, cela peut servir \u00e0 mettre l\u2019accent sur un dossier en particulier. Le sujet phare que la Belgique a choisi a donc \u00e9t\u00e9 la question des enfants dans les conflits arm\u00e9s, le but \u00e9tant d\u2019engager un d\u00e9bat \u00e0 haut niveau \u00e0 ce sujet. Celui-ci a eu une grande visibilit\u00e9 <a href=\"https:\/\/www.rtbf.be\/info\/belgique\/detail_aux-nations-unies-le-roi-philippe-appelle-a-mieux-proteger-les-enfants-pour-rendre-possible-une-paix-durable?id=10430429\">gr\u00e2ce au discours<\/a> prononc\u00e9 par le Roi Philippe au Conseil en f\u00e9vrier 2020 dans lequel il a appel\u00e9 les Nations Unies \u00e0 s\u2019investir encore davantage pour prot\u00e9ger les enfants dans les conflits arm\u00e9s.<\/p>\n\n\n\n<p>Un autre d\u00e9bat a \u00e9t\u00e9 organis\u00e9 sur la <a href=\"https:\/\/diplomatie.belgium.be\/fr\/newsroom\/nouvelles\/2020\/la_belgique_met_justice_transitionnelle_agenda_conseil_securite\">justice transitionnelle<\/a>, un sujet nouveau au Conseil de s\u00e9curit\u00e9, inscrit \u00e0 l\u2019agenda par la Belgique. Le but a \u00e9t\u00e9 de mettre l\u2019accent sur la lutte contre l\u2019impunit\u00e9 afin d\u2019\u0153uvrer pour la r\u00e9conciliation sociale dans des pays ayant \u00e9t\u00e9 divis\u00e9s apr\u00e8s un conflit. \u00ab <em>La justice transitionnelle est un terme collectif d\u00e9signant toute une s\u00e9rie de processus et de m\u00e9canismes par lesquels une soci\u00e9t\u00e9 tente de faire face \u00e0 un h\u00e9ritage d&rsquo;abus \u00e0 grande \u00e9chelle. L&rsquo;objectif de la justice transitionnelle consiste \u00e0 garantir la responsabilit\u00e9 et la justice et, en fin de compte, favoriser la r\u00e9conciliation sociale<\/em> <span class=\"footnote_referrer\"><a role=\"button\" tabindex=\"0\" onclick=\"footnote_moveToReference_17090_1('footnote_plugin_reference_17090_1_1');\" onkeypress=\"footnote_moveToReference_17090_1('footnote_plugin_reference_17090_1_1');\" ><sup id=\"footnote_plugin_tooltip_17090_1_1\" class=\"footnote_plugin_tooltip_text\">[1]<\/sup><\/a><span id=\"footnote_plugin_tooltip_text_17090_1_1\" class=\"footnote_tooltip\">Voir page officielle du Minist\u00e8re des Affaires \u00e9trang\u00e8res, Commerce ext\u00e9rieur et Coop\u00e9ration au D\u00e9veloppement.<\/span><\/span><script type=\"text\/javascript\"> jQuery('#footnote_plugin_tooltip_17090_1_1').tooltip({ tip: '#footnote_plugin_tooltip_text_17090_1_1', tipClass: 'footnote_tooltip', effect: 'fade', predelay: 0, fadeInSpeed: 200, delay: 400, fadeOutSpeed: 200, position: 'top center', relative: true, offset: [-7, 0], });<\/script> \u00bb. La Belgique a fait de la justice transitionnelle le fer de lance de sa pr\u00e9sidence au Conseil de s\u00e9curit\u00e9 et de sa diplomatie en sensibilisant \u00e0 la th\u00e9matique, en finan\u00e7ant des projets de justice transitionnelle et en soutenant les tribunaux et autres m\u00e9canismes visant sur le long terme, la r\u00e9conciliation sociale. Un accent particulier a \u00e9t\u00e9 mis sur le renforcement des syst\u00e8mes de justice transitoire dans les pays fragiles et en transition, tout en prenant en compte une approche englobante qui va au-del\u00e0 des poursuites p\u00e9nales : \u00ab <em>l&rsquo;accent est mis sur quatre composantes compl\u00e9mentaires de la justice transitionnelle : la recherche de la v\u00e9rit\u00e9, la justice, la r\u00e9paration ou l&rsquo;indemnisation et enfin, les garanties de non\u2011r\u00e9p\u00e9tition<\/em> \u00bb. Tr\u00e8s concr\u00e8tement, la Belgique s\u2019est engag\u00e9e \u00e0 mettre en place \u00ab <em>une approche coh\u00e9rente et globale de la justice transitionnelle, en s&rsquo;attaquant aux causes profondes des abus pass\u00e9s en vue de parvenir \u00e0 une paix durable<\/em> \u00bb<\/p>\n\n\n\n<p>En outre, avec l\u2019appui et la participation de la Belgique, le Conseil de s\u00e9curit\u00e9 a confirm\u00e9 les mandats des missions de maintien de la paix en Afghanistan, R\u00e9publique D\u00e9mocratique du Congo, Ha\u00efti, Somalie et au Sud Soudan. Le Conseil s\u2019est \u00e9galement rendu au Mali et au Burkina Faso en raison de la situation alarmante en mati\u00e8re de s\u00e9curit\u00e9 dans le Sahel <span class=\"footnote_referrer\"><a role=\"button\" tabindex=\"0\" onclick=\"footnote_moveToReference_17090_1('footnote_plugin_reference_17090_1_2');\" onkeypress=\"footnote_moveToReference_17090_1('footnote_plugin_reference_17090_1_2');\" ><sup id=\"footnote_plugin_tooltip_17090_1_2\" class=\"footnote_plugin_tooltip_text\">[2]<\/sup><\/a><span id=\"footnote_plugin_tooltip_text_17090_1_2\" class=\"footnote_tooltip\">Conseil de s\u00e9curit\u00e9 des Nations Unies. Aper\u00e7u bimensuel mars \u2013 avril 2019.<\/span><\/span><script type=\"text\/javascript\"> jQuery('#footnote_plugin_tooltip_17090_1_2').tooltip({ tip: '#footnote_plugin_tooltip_text_17090_1_2', tipClass: 'footnote_tooltip', effect: 'fade', predelay: 0, fadeInSpeed: 200, delay: 400, fadeOutSpeed: 200, position: 'top center', relative: true, offset: [-7, 0], });<\/script>. En ce qui concerne la situation en Libye, le Conseil de s\u00e9curit\u00e9 est divis\u00e9, ce qui emp\u00eache d\u2019\u00e9tablir une strat\u00e9gie claire afin de mettre fin au conflit. La Belgique a r\u00e9affirm\u00e9 l\u2019urgence, avec l\u2019appui des neuf autres membres non permanents du Conseil, d\u2019adopter une r\u00e9solution concernant un cessez-le-feu, un retour au processus politique sous la surveillance de l\u2019ONU, la protection de l\u2019acc\u00e8s humanitaire et le respect de l\u2019embargo sur les armes <span class=\"footnote_referrer\"><a role=\"button\" tabindex=\"0\" onclick=\"footnote_moveToReference_17090_1('footnote_plugin_reference_17090_1_3');\" onkeypress=\"footnote_moveToReference_17090_1('footnote_plugin_reference_17090_1_3');\" ><sup id=\"footnote_plugin_tooltip_17090_1_3\" class=\"footnote_plugin_tooltip_text\">[3]<\/sup><\/a><span id=\"footnote_plugin_tooltip_text_17090_1_3\" class=\"footnote_tooltip\">Conseil de s\u00e9curit\u00e9 des Nations Unies. Aper\u00e7u bimensuel mars \u2013 avril 2019.<\/span><\/span><script type=\"text\/javascript\"> jQuery('#footnote_plugin_tooltip_17090_1_3').tooltip({ tip: '#footnote_plugin_tooltip_text_17090_1_3', tipClass: 'footnote_tooltip', effect: 'fade', predelay: 0, fadeInSpeed: 200, delay: 400, fadeOutSpeed: 200, position: 'top center', relative: true, offset: [-7, 0], });<\/script>. <\/p>\n\n\n\n<p>Dans un contexte g\u00e9opolitique sous haute tension marqu\u00e9 notamment par le retrait des \u00c9tats-Unis du Trait\u00e9 de Non-Prolif\u00e9ration nucl\u00e9aire fin 2018, la Belgique a, en collaboration avec l\u2019Allemagne, rappel\u00e9 l\u2019importance du d\u00e9sarmement, et a particip\u00e9 \u00e0 un d\u00e9bat constructif sur le Trait\u00e9 de Non-Prolif\u00e9ration. <\/p>\n\n\n\n<p>Globalement, quelques \u00e9volutions positives m\u00e9ritent d\u2019\u00eatre soulign\u00e9es. Les 10 non-permanents \u00e9lus par l\u2019Assembl\u00e9e g\u00e9n\u00e9rale ont fortement d\u00e9velopp\u00e9 leurs activit\u00e9s communes. Il existe une r\u00e9elle nouvelle dynamique, notamment en mati\u00e8re de proc\u00e9dure de travail. De plus, les \u00ab E10 \u00bb sont associ\u00e9s \u00e0 des d\u00e9cisions auxquelles ils ne l\u2019\u00e9taient pas auparavant. Les \u00ab 5P \u00bb ont aussi besoin de votes des membres non-permanents pour adopter des r\u00e9solutions, processus pour lequel 9 votes sont n\u00e9cessaires. Autrement dit, les 5 permanents ont besoin de 4 votes des non-permanents pour atteindre la majorit\u00e9 et faire adopter une r\u00e9solution.<br>\n<\/p>\n\n\n\n<p><bloc> Un Conseil de s\u00e9curit\u00e9 \u00ab paralys\u00e9 \u00bb sur les grands enjeux internationaux ?<\/bloc><\/p>\n\n\n\n<p>Si la Belgique a fait de son mieux pendant son mandat, quelques points d\u2019am\u00e9lioration demeurent. Par exemple, si des rounds de consultation ont bien eu lieu avec la soci\u00e9t\u00e9 civile belge, \u00e0 la demande de celle-ci, ces concertations ont \u00e9t\u00e9 insuffisantes. Le processus n\u00e9cessitera plus de transparence et d\u2019inclusivit\u00e9 \u00e0 l\u2019avenir. <\/p>\n\n\n\n<p>De mani\u00e8re plus g\u00e9n\u00e9rale, et au-del\u00e0 du strict mandat belge, des voix critiques s\u2019\u00e9l\u00e8vent pour remettre en question le Conseil, sa composition, son mandat et le pouvoir disproportionn\u00e9 de cet organe au sein de l\u2019organisation onusienne. On reproche ainsi aux \u00ab 5P \u00bb d\u2019abuser de leur droit de v\u00e9to de mani\u00e8re discr\u00e9tionnaire. Si les 5 membres permanents du Conseil sont tous dot\u00e9s de l\u2019arme nucl\u00e9aire, se sont \u00e9galement les \u00c9tats qui figurent en t\u00eate de liste parmi les plus gros exportateurs d\u2019armes au monde alors qu\u2019en th\u00e9orie, en tant que membres permanents du Conseil de s\u00e9curit\u00e9 ils sont cens\u00e9s \u0153uvrer pour la paix et la s\u00e9curit\u00e9. En outre, on souligne \u00e9galement l\u2019inefficacit\u00e9 du Conseil pour faire appliquer ses r\u00e9solutions.<\/p>\n\n\n\n<p>Par ailleurs, le Conseil de s\u00e9curit\u00e9 est souvent divis\u00e9, notamment sur des dossiers tr\u00e8s strat\u00e9giques o\u00f9 les int\u00e9r\u00eats divergent. C\u2019est le cas notamment pour les dossiers sur la Syrie et la Libye o\u00f9 les 5 permanents ne sont pas sur la m\u00eame longueur d\u2019onde. Dans ces cas de figure, il est difficile de faire de r\u00e9els progr\u00e8s en faveur de la paix. Avec le droit de v\u00e9to, cela cr\u00e9e un blocage entre grandes puissances et les deux blocs qui s\u2019affrontent g\u00e9n\u00e9ralement au Conseil : d\u2019un c\u00f4t\u00e9 les \u00c9tats-Unis, la France et le Royaume-Uni et de l\u2019autre c\u00f4t\u00e9 la Chine et la Russie. La repr\u00e9sentativit\u00e9 du Conseil suscite de nombreux d\u00e9bats. En effet, on constate que le pouvoir de d\u00e9cision est entre les mains des vainqueurs de la Deuxi\u00e8me Guerre Mondiale qui, au moment de la cr\u00e9ation de l\u2019ONU en 1945, repr\u00e9sentaient plus de la moiti\u00e9 de la population mondiale, avec leurs colonies respectives. Cependant, plus d\u2019un demi-si\u00e8cle plus tard, on constate que l\u2019ordre du monde a \u00e9volu\u00e9. Avec l\u2019essor des pays \u00e9mergents tels que le Br\u00e9sil, l\u2019Inde, le Nig\u00e9ria ainsi que le poids d\u00e9mographique et g\u00e9opolitique qu\u2019ils p\u00e8sent sur la sc\u00e8ne internationale, on constate que ces nouvelles r\u00e9alit\u00e9s ne sont pas refl\u00e9t\u00e9es dans le partage du pouvoir au sein du Conseil de s\u00e9curit\u00e9.<\/p>\n\n\n\n<p>Une tendance se montre particuli\u00e8rement inqui\u00e9tante au sein des Nations-Unies plus globalement : bien souvent, les d\u00e9cisions du Conseil de s\u00e9curit\u00e9 ne sont pas respect\u00e9es, y-compris par les 5 permanents et cela reste une probl\u00e9matique importante, notamment pour la cr\u00e9dibilit\u00e9 de l\u2019institution. Un exemple concret dans ce sens est le non-respect de l\u2019<a href=\"https:\/\/www.lemonde.fr\/afrique\/article\/2020\/09\/03\/les-violations-de-l-embargo-sur-les-armes-s-amplifient-en-libye-selon-l-onu_6050810_3212.html\">embargo<\/a> d\u2019armements sur la Libye, notamment par la Russie, membre permanent du Conseil de s\u00e9curit\u00e9.<\/p>\n\n\n\n<p>On constate donc que souvent, les d\u00e9cisions prises au Conseil de s\u00e9curit\u00e9 sont tr\u00e8s strat\u00e9giques et essayent de concilier des int\u00e9r\u00eats de grandes puissances divergentes. Il faudrait plut\u00f4t utiliser cet organe de l\u2019ONU pour trouver des consensus en faveur du respect des droits humains, du droit international et de la paix et non pas comme un organe de lutte pour le pouvoir de grandes puissances. <\/p>\n\n\n\n<p>Si la r\u00e9forme institutionnelle de l\u2019ONU, notamment au sein du Conseil de s\u00e9curit\u00e9 n\u2019est pas encore achev\u00e9e, le processus de rotation des membres non permanents suit son cours. L&rsquo;Inde, le Mexique, la Norv\u00e8ge et l&rsquo;Irlande ont \u00e9t\u00e9 \u00e9lus par l&rsquo;Assembl\u00e9e g\u00e9n\u00e9rale de l&rsquo;ONU comme membres non permanents du Conseil de s\u00e9curit\u00e9 des Nations Unies pour 2021 et 2022.<br>\n<\/p>\n\n\n\n<p><strong>Larisa Stanciu.<\/strong><br>\n<\/p>\n\n\n\n<figure class=\"wp-block-gallery columns-3 is-cropped wp-block-gallery-1 is-layout-flex wp-block-gallery-is-layout-flex\"><ul class=\"blocks-gallery-grid\"><li class=\"blocks-gallery-item\"><figure><a href=\"https:\/\/www.justicepaix.be\/wp-content\/uploads\/2020\/12\/jpg_photo_onu-scaled.jpg\"><img fetchpriority=\"high\" decoding=\"async\" width=\"2560\" height=\"1707\" src=\"https:\/\/www.justicepaix.be\/wp-content\/uploads\/2020\/12\/jpg_photo_onu-scaled.jpg\" alt=\"photo_onu.jpg\" data-id=\"17092\" class=\"wp-image-17092\" srcset=\"https:\/\/www.justicepaix.be\/wp-content\/uploads\/2020\/12\/jpg_photo_onu-scaled.jpg 2560w, https:\/\/www.justicepaix.be\/wp-content\/uploads\/2020\/12\/jpg_photo_onu-300x200.jpg 300w, https:\/\/www.justicepaix.be\/wp-content\/uploads\/2020\/12\/jpg_photo_onu-1024x683.jpg 1024w, https:\/\/www.justicepaix.be\/wp-content\/uploads\/2020\/12\/jpg_photo_onu-768x512.jpg 768w, https:\/\/www.justicepaix.be\/wp-content\/uploads\/2020\/12\/jpg_photo_onu-1536x1024.jpg 1536w, https:\/\/www.justicepaix.be\/wp-content\/uploads\/2020\/12\/jpg_photo_onu-2048x1365.jpg 2048w\" sizes=\"(max-width: 2560px) 100vw, 2560px\" \/><\/a><\/figure><\/li><li class=\"blocks-gallery-item\"><figure><a href=\"https:\/\/www.justicepaix.be\/wp-content\/uploads\/2020\/12\/jpg_photo_onu-scaled.jpg\"><img decoding=\"async\" width=\"2560\" height=\"1707\" src=\"https:\/\/www.justicepaix.be\/wp-content\/uploads\/2020\/12\/jpg_photo_onu-scaled.jpg\" alt=\"photo_onu.jpg\" data-id=\"17093\" class=\"wp-image-17093\" srcset=\"https:\/\/www.justicepaix.be\/wp-content\/uploads\/2020\/12\/jpg_photo_onu-scaled.jpg 2560w, https:\/\/www.justicepaix.be\/wp-content\/uploads\/2020\/12\/jpg_photo_onu-300x200.jpg 300w, https:\/\/www.justicepaix.be\/wp-content\/uploads\/2020\/12\/jpg_photo_onu-1024x683.jpg 1024w, https:\/\/www.justicepaix.be\/wp-content\/uploads\/2020\/12\/jpg_photo_onu-768x512.jpg 768w, https:\/\/www.justicepaix.be\/wp-content\/uploads\/2020\/12\/jpg_photo_onu-1536x1024.jpg 1536w, https:\/\/www.justicepaix.be\/wp-content\/uploads\/2020\/12\/jpg_photo_onu-2048x1365.jpg 2048w\" sizes=\"(max-width: 2560px) 100vw, 2560px\" \/><\/a><\/figure><\/li><\/ul><\/figure>\n\n\n\n<h2 class=\"wp-block-heading\">Documents joints<\/h2>\n\n\n\n<div class=\"wp-block-file\"><a href=\"http:\/\/demop.netbaz.be\/2021\/jp\/wp-content\/uploads\/2020\/12\/pdf_2020_analyse_conseil_de_securite_des_nations_unies_quel_bilan_du_mandat_belge.pdf\">Conseil de s\u00e9curit\u00e9 des nations unies : quel bilan du mandat belge ?<\/a><\/div>\n<div class=\"speaker-mute footnotes_reference_container\"> <div class=\"footnote_container_prepare\"><p><span role=\"button\" tabindex=\"0\" class=\"footnote_reference_container_label pointer\" onclick=\"footnote_expand_collapse_reference_container_17090_1();\">Notes<\/span><span role=\"button\" tabindex=\"0\" class=\"footnote_reference_container_collapse_button\" style=\"display: none;\" onclick=\"footnote_expand_collapse_reference_container_17090_1();\">[<a id=\"footnote_reference_container_collapse_button_17090_1\">+<\/a>]<\/span><\/p><\/div> <div id=\"footnote_references_container_17090_1\" style=\"\"><table class=\"footnotes_table footnote-reference-container\"><caption class=\"accessibility\">Notes<\/caption> <tbody> \r\n\r\n<tr class=\"footnotes_plugin_reference_row\"> <th scope=\"row\" id=\"footnote_plugin_reference_17090_1_1\" class=\"footnote_plugin_index pointer\" onclick=\"footnote_moveToAnchor_17090_1('footnote_plugin_tooltip_17090_1_1');\"><a role=\"button\" tabindex=\"0\" class=\"footnote_plugin_link\" ><span class=\"footnote_index_arrow\">&#8593;<\/span>1<\/a><\/th> <td class=\"footnote_plugin_text\">Voir page officielle du Minist\u00e8re des Affaires \u00e9trang\u00e8res, Commerce ext\u00e9rieur et Coop\u00e9ration au D\u00e9veloppement.<\/td><\/tr>\r\n\r\n<tr class=\"footnotes_plugin_reference_row\"> <th scope=\"row\" id=\"footnote_plugin_reference_17090_1_2\" class=\"footnote_plugin_index pointer\" onclick=\"footnote_moveToAnchor_17090_1('footnote_plugin_tooltip_17090_1_2');\"><a role=\"button\" tabindex=\"0\" class=\"footnote_plugin_link\" ><span class=\"footnote_index_arrow\">&#8593;<\/span>2<\/a><\/th> <td class=\"footnote_plugin_text\">Conseil de s\u00e9curit\u00e9 des Nations Unies. Aper\u00e7u bimensuel mars \u2013 avril 2019.<\/td><\/tr>\r\n\r\n<tr class=\"footnotes_plugin_reference_row\"> <th scope=\"row\" id=\"footnote_plugin_reference_17090_1_3\" class=\"footnote_plugin_index pointer\" onclick=\"footnote_moveToAnchor_17090_1('footnote_plugin_tooltip_17090_1_3');\"><a role=\"button\" tabindex=\"0\" class=\"footnote_plugin_link\" ><span class=\"footnote_index_arrow\">&#8593;<\/span>3<\/a><\/th> <td class=\"footnote_plugin_text\">Conseil de s\u00e9curit\u00e9 des Nations Unies. Aper\u00e7u bimensuel mars \u2013 avril 2019.<\/td><\/tr>\r\n\r\n <\/tbody> <\/table> <\/div><\/div><script type=\"text\/javascript\"> function footnote_expand_reference_container_17090_1() { jQuery('#footnote_references_container_17090_1').show(); jQuery('#footnote_reference_container_collapse_button_17090_1').text('\u2212'); } function footnote_collapse_reference_container_17090_1() { jQuery('#footnote_references_container_17090_1').hide(); jQuery('#footnote_reference_container_collapse_button_17090_1').text('+'); } function footnote_expand_collapse_reference_container_17090_1() { if (jQuery('#footnote_references_container_17090_1').is(':hidden')) { footnote_expand_reference_container_17090_1(); } else { footnote_collapse_reference_container_17090_1(); } } function footnote_moveToReference_17090_1(p_str_TargetID) { footnote_expand_reference_container_17090_1(); var l_obj_Target = jQuery('#' + p_str_TargetID); if (l_obj_Target.length) { jQuery( 'html, body' ).delay( 0 ); jQuery('html, body').animate({ scrollTop: l_obj_Target.offset().top - window.innerHeight * 0.2 }, 380); } } function footnote_moveToAnchor_17090_1(p_str_TargetID) { footnote_expand_reference_container_17090_1(); var l_obj_Target = jQuery('#' + p_str_TargetID); if (l_obj_Target.length) { jQuery( 'html, body' ).delay( 0 ); jQuery('html, body').animate({ scrollTop: l_obj_Target.offset().top - window.innerHeight * 0.2 }, 380); } }<\/script>","protected":false},"excerpt":{"rendered":"<p>Le Conseil de s\u00e9curit\u00e9 des Nations Unies est sans aucun doute l&rsquo;organe le plus important de l&rsquo;appareil institutionnel onusien. Depuis le 1er janvier 2019, la Belgique y si\u00e8ge en tant que membre non permanent. Apr\u00e8s deux ans de mandat, quel bilan peut-on dresser de la contribution de la Belgique au Conseil de s\u00e9curit\u00e9 quant aux [&hellip;]<\/p>\n","protected":false},"author":57,"featured_media":17092,"comment_status":"closed","ping_status":"open","sticky":false,"template":"","format":"standard","meta":{"_acf_changed":false,"_seopress_robots_primary_cat":"","_seopress_titles_title":"","_seopress_titles_desc":"","_seopress_robots_index":"","footnotes":""},"categories":[2722],"tags":[2795,2835,2842,2833,2805,2822],"class_list":["post-17090","post","type-post","status-publish","format-standard","has-post-thumbnail","hentry","category-articles-nos-publications","tag-article","tag-democratie","tag-enfants-soldats","tag-europe","tag-geopolitique","tag-mondialisation"],"acf":[],"_links":{"self":[{"href":"https:\/\/www.justicepaix.be\/en\/wp-json\/wp\/v2\/posts\/17090","targetHints":{"allow":["GET"]}}],"collection":[{"href":"https:\/\/www.justicepaix.be\/en\/wp-json\/wp\/v2\/posts"}],"about":[{"href":"https:\/\/www.justicepaix.be\/en\/wp-json\/wp\/v2\/types\/post"}],"author":[{"embeddable":true,"href":"https:\/\/www.justicepaix.be\/en\/wp-json\/wp\/v2\/users\/57"}],"replies":[{"embeddable":true,"href":"https:\/\/www.justicepaix.be\/en\/wp-json\/wp\/v2\/comments?post=17090"}],"version-history":[{"count":0,"href":"https:\/\/www.justicepaix.be\/en\/wp-json\/wp\/v2\/posts\/17090\/revisions"}],"wp:featuredmedia":[{"embeddable":true,"href":"https:\/\/www.justicepaix.be\/en\/wp-json\/wp\/v2\/media\/17092"}],"wp:attachment":[{"href":"https:\/\/www.justicepaix.be\/en\/wp-json\/wp\/v2\/media?parent=17090"}],"wp:term":[{"taxonomy":"category","embeddable":true,"href":"https:\/\/www.justicepaix.be\/en\/wp-json\/wp\/v2\/categories?post=17090"},{"taxonomy":"post_tag","embeddable":true,"href":"https:\/\/www.justicepaix.be\/en\/wp-json\/wp\/v2\/tags?post=17090"}],"curies":[{"name":"wp","href":"https:\/\/api.w.org\/{rel}","templated":true}]}}